{"id":9952,"date":"2021-12-10T13:30:00","date_gmt":"2021-12-10T10:30:00","guid":{"rendered":"https:\/\/www.indir.com\/haber\/?p=9952"},"modified":"2021-12-10T11:38:31","modified_gmt":"2021-12-10T08:38:31","slug":"vivonun-sistemi-originos-ocean-kullanima-sunuldu","status":"publish","type":"post","link":"https:\/\/www.indir.com\/haber\/vivonun-sistemi-originos-ocean-kullanima-sunuldu\/","title":{"rendered":"Vivo&#8217;nun sistemi OriginOS Ocean kullan\u0131ma sunuldu"},"content":{"rendered":"\n<p>Vivo&#8217;nun yeni OriginOS Ocean aray\u00fcz\u00fc, d\u00fcn resmi olarak piyasaya s\u00fcr\u00fcld\u00fc. Yeni \u00f6zellikler ile desteklenen kullan\u0131c\u0131 aray\u00fcz\u00fc, g\u00fc\u00e7l\u00fc gizlilik \u00f6zellikleri ile dikkat \u00e7ekti.<\/p>\n\n\n\n<p>Yeni aray\u00fcz \u00e7al\u0131\u015fmas\u0131nda \u00f6zellikle ana ekranda yap\u0131lan yenilikler tamamen yeni bir tasar\u0131m\u0131n geli\u015ftirildi\u011fini g\u00f6steriyor. Ana ekran\u0131 kaplayan ve farkl\u0131 b\u00f6lmelerde kullan\u0131c\u0131lar\u0131n h\u0131zl\u0131 bir \u015fekilde telefonda yapaca\u011f\u0131 i\u015flemlere ula\u015fmas\u0131n\u0131 sa\u011flayan aray\u00fcz, b\u00f6ylece daha iyi bir kullan\u0131c\u0131 deneyimi sunuyor. Yenilenen tasar\u0131mda ise yuvarlak hatlar\u0131n tercih edilmesi son d\u00f6nemlerin pop\u00fcler tasar\u0131m trendlerine Vivo\u2019nun uyum sa\u011flamas\u0131n\u0131 da kolayla\u015ft\u0131r\u0131yor.&nbsp;<\/p>\n\n\n\n<figure class=\"wp-block-image size-full\"><img loading=\"lazy\" decoding=\"async\" width=\"1012\" height=\"733\" src=\"https:\/\/www.indir.com\/haber\/wp-content\/uploads\/2021\/12\/Vivo2.png\" alt=\"\" class=\"wp-image-9954\" title=\"\" srcset=\"https:\/\/www.indir.com\/haber\/wp-content\/uploads\/2021\/12\/Vivo2.png 1012w, https:\/\/www.indir.com\/haber\/wp-content\/uploads\/2021\/12\/Vivo2-249x180.png 249w, https:\/\/www.indir.com\/haber\/wp-content\/uploads\/2021\/12\/Vivo2-768x556.png 768w\" sizes=\"auto, (max-width: 1012px) 100vw, 1012px\" \/><\/figure>\n\n\n\n<h2 class=\"wp-block-heading\">OriginOS Ocean \u00f6zellikleri neler?<\/h2>\n\n\n\n<p>Yenilenen tasar\u0131mda kullan\u0131c\u0131lar\u0131n daha fazla tasar\u0131ma m\u00fcdahale edebilmesini sa\u011flayan ki\u015fiselle\u015ftirme se\u00e7eneklerine yer verildi. Simgelerin yeniden tasarlanmas\u0131, simge boyutunun de\u011fi\u015ftirilmesi, ge\u00e7ici depolama alan\u0131 ve klas\u00f6r sistemi ilk bak\u0131\u015fta dikkat \u00e7eken \u00f6zellikler aras\u0131nda. \u00dcstelik kontrol merkezi bildirim merkezi, arama ve ekran ara y\u00fczlerinde de \u00e7e\u015fitli yenilikler yapan Vivo, her bir panelde \u00f6zel yeni tasar\u0131mlar\u0131 tercih etmi\u015f.<\/p>\n\n\n\n<p>\u00d6zel tema se\u00e7imleri, minimalist simgeler, geli\u015fmi\u015f renk paletleri ile birlikte ki\u015fisel bir telefon aray\u00fcz\u00fc yaratmak isteyenlere daha fazla se\u00e7enek sunan Vivo\u2019nun yeni OriginOS Ocean\u2019\u0131 kullan\u0131c\u0131lardan \u015fimdiden tam not almay\u0131 ba\u015fard\u0131. Yeni aray\u00fczde kullan\u0131c\u0131lar herhangi bir sayfada ya da uygulamada i\u015flem yaparken, sayfadan ayr\u0131lmadan \u00f6nemli bildirimleri ger\u00e7ek zamanl\u0131 olarak g\u00f6rebilecek. Gizlilik konusunda da pek \u00e7ok yenili\u011fi kullan\u0131c\u0131lara sunarak daha g\u00fcvenli bir telefon kullan\u0131m imkan\u0131 sa\u011flayan Vivo, yeni g\u00fcncellemeler ile bu s\u00fcr\u00fcm\u00fc desteklemeye devam edecek.<\/p>\n\n\n\n<figure class=\"wp-block-image size-full\"><img loading=\"lazy\" decoding=\"async\" width=\"1335\" height=\"620\" src=\"https:\/\/www.indir.com\/haber\/wp-content\/uploads\/2021\/12\/Vivo2-1.png\" alt=\"\" class=\"wp-image-9955\" title=\"\" srcset=\"https:\/\/www.indir.com\/haber\/wp-content\/uploads\/2021\/12\/Vivo2-1.png 1335w, https:\/\/www.indir.com\/haber\/wp-content\/uploads\/2021\/12\/Vivo2-1-300x139.png 300w, https:\/\/www.indir.com\/haber\/wp-content\/uploads\/2021\/12\/Vivo2-1-768x357.png 768w\" sizes=\"auto, (max-width: 1335px) 100vw, 1335px\" \/><\/figure>\n","protected":false},"excerpt":{"rendered":"<p>Vivo&#8217;nun yeni OriginOS Ocean aray\u00fcz\u00fc, d\u00fcn resmi olarak piyasaya s\u00fcr\u00fcld\u00fc. Yeni \u00f6zellikler ile desteklenen kullan\u0131c\u0131 aray\u00fcz\u00fc, g\u00fc\u00e7l\u00fc gizlilik \u00f6zellikleri ile dikkat \u00e7ekti. Yeni aray\u00fcz \u00e7al\u0131\u015fmas\u0131nda \u00f6zellikle ana ekranda yap\u0131lan yenilikler tamamen yeni bir tasar\u0131m\u0131n geli\u015ftirildi\u011fini g\u00f6steriyor. Ana ekran\u0131 kaplayan ve farkl\u0131 b\u00f6lmelerde kullan\u0131c\u0131lar\u0131n h\u0131zl\u0131 bir \u015fekilde telefonda yapaca\u011f\u0131 i\u015flemlere ula\u015fmas\u0131n\u0131 sa\u011flayan aray\u00fcz, b\u00f6ylece daha iyi [&hellip;]<\/p>\n","protected":false},"author":6,"featured_media":9953,"comment_status":"open","ping_status":"closed","sticky":false,"template":"","format":"standard","meta":{"footnotes":""},"categories":[46],"tags":[1827],"class_list":["post-9952","post","type-post","status-publish","format-standard","has-post-thumbnail","hentry","category-mobil","tag-originos-ocean"],"_links":{"self":[{"href":"https:\/\/www.indir.com\/haber\/wp-json\/wp\/v2\/posts\/9952","targetHints":{"allow":["GET"]}}],"collection":[{"href":"https:\/\/www.indir.com\/haber\/wp-json\/wp\/v2\/posts"}],"about":[{"href":"https:\/\/www.indir.com\/haber\/wp-json\/wp\/v2\/types\/post"}],"author":[{"embeddable":true,"href":"https:\/\/www.indir.com\/haber\/wp-json\/wp\/v2\/users\/6"}],"replies":[{"embeddable":true,"href":"https:\/\/www.indir.com\/haber\/wp-json\/wp\/v2\/comments?post=9952"}],"version-history":[{"count":0,"href":"https:\/\/www.indir.com\/haber\/wp-json\/wp\/v2\/posts\/9952\/revisions"}],"wp:featuredmedia":[{"embeddable":true,"href":"https:\/\/www.indir.com\/haber\/wp-json\/wp\/v2\/media\/9953"}],"wp:attachment":[{"href":"https:\/\/www.indir.com\/haber\/wp-json\/wp\/v2\/media?parent=9952"}],"wp:term":[{"taxonomy":"category","embeddable":true,"href":"https:\/\/www.indir.com\/haber\/wp-json\/wp\/v2\/categories?post=9952"},{"taxonomy":"post_tag","embeddable":true,"href":"https:\/\/www.indir.com\/haber\/wp-json\/wp\/v2\/tags?post=9952"}],"curies":[{"name":"wp","href":"https:\/\/api.w.org\/{rel}","templated":true}]}}