{"id":9616,"date":"2021-12-08T14:30:00","date_gmt":"2021-12-08T11:30:00","guid":{"rendered":"https:\/\/www.indir.com\/haber\/?p=9616"},"modified":"2021-12-08T12:07:39","modified_gmt":"2021-12-08T09:07:39","slug":"tamami-xiaomi-11t-pro-ile-cekilen-anilar-muzesi-kisa-filmi-yayinlandi","status":"publish","type":"post","link":"https:\/\/www.indir.com\/haber\/tamami-xiaomi-11t-pro-ile-cekilen-anilar-muzesi-kisa-filmi-yayinlandi\/","title":{"rendered":"Tamam\u0131 Xiaomi 11T Pro ile \u00e7ekilen An\u0131lar M\u00fczesi k\u0131sa filmi yay\u0131nland\u0131"},"content":{"rendered":"\n<p>Xiaomi 11T Pro\u2019nun g\u00fcc\u00fcn\u00fc g\u00f6stermek ve an\u0131lara vurgu yapmak Xiaomi isteyen tamam\u0131 11T Pro ile \u00e7ekilen An\u0131lar M\u00fczesi k\u0131sa filmini yay\u0131nlad\u0131. K\u0131sa film k\u0131sa s\u00fcre i\u00e7erisinde kalitesi ile dikkat \u00e7ekerken 11T Pro\u2019nun da daha fazla g\u00fcndeme gelmesini sa\u011flad\u0131.<\/p>\n\n\n\n<p>Xiaomi taraf\u0131ndan geli\u015ftirilen ve ge\u00e7ti\u011fimiz aylarda piyasaya sunulan Xiaomi, 11T Pro modeli ile \u00f6zel bir proje ger\u00e7ekle\u015ftirildi. \u201c\u0130nsan\u0131n en de\u011ferli hazinesi an\u0131lard\u0131r\u201d mottosundan hareket eden \u015firket, b\u00f6ylece An\u0131lar M\u00fczesi ad\u0131 verilen k\u0131sa filmi i\u00e7in t\u00fcm \u00e7al\u0131\u015fmalar\u0131 tamamlayarak k\u0131sa filmi yay\u0131nlad\u0131. 108 megapiksel geni\u015f a\u00e7\u0131l\u0131 lensi bulunan 11T Pro modelinde 2X yak\u0131nla\u015ft\u0131rma deste\u011fine sahip telemakro lens ve 120 derece ultra geni\u015f a\u00e7\u0131l\u0131 2. bir lens kullan\u0131l\u0131yor. \u00dc\u00e7l\u00fc arka kamera kurulumu ile g\u00f6r\u00fcnt\u00fc kalitesinin \u00fcst d\u00fczeye \u00e7\u0131kar\u0131ld\u0131\u011f\u0131 yeni telefon modeli \u00fcstelik 8K gibi sinematik film yap\u0131m\u0131nda kullan\u0131labilecek bir kay\u0131t se\u00e7enekleri sunuyor.&nbsp;<\/p>\n\n\n\n<h2 class=\"wp-block-heading\">Y\u00f6netmen koltu\u011funda Bar\u0131\u015f Kaya yer ald\u0131<\/h2>\n\n\n\n<p>K\u0131sa film \u00e7al\u0131\u015fmas\u0131 i\u00e7in olu\u015fturulan \u00f6zel ekipte y\u00f6netmen olarak Bar\u0131\u015f Kaya yer al\u0131rken g\u00f6r\u00fcnt\u00fc y\u00f6netmeni Fatih T\u00fcrker, sanat y\u00f6netmenleri ise Devrim \u00d6mer \u00dcnal ile Devrim \u00d6ng\u00fcn\u00e7 oldu. K\u0131sa film i\u00e7in yap\u0131lan bas\u0131n a\u00e7\u0131klamas\u0131nda g\u00f6r\u00fc\u015flerine yer verilen k\u0131sa filmin y\u00f6netmeni Bar\u0131\u015f Kaya, \u201cBir y\u00f6netmen olarak cep telefonlar\u0131n\u0131n sahip oldu\u011fu g\u00f6r\u00fcnt\u00fclenme teknolojilerinin, beni her zaman video \u00fcretmek i\u00e7in motive etti\u011fini s\u00f6yleyebilirim. Telefonlar\u0131n t\u00fcm bu teknolojik \u00f6zelliklerinin yan\u0131 s\u0131ra \u00e7ok insani ve hayata dair detaylar i\u00e7erdi\u011fini, ayn\u0131 zamanda onlar\u0131n ger\u00e7ek anlamda birer an\u0131 yaratan ve gelece\u011fe ta\u015f\u0131yan belleklerimiz oldu\u011funu s\u00f6yleyebilirim. Cep telefonu ile \u00e7ekilen bu kadar duygusal ve ger\u00e7ek\u00e7i bir projede yer ald\u0131\u011f\u0131m i\u00e7in \u00e7ok mutluyum&#8217; dedi.<\/p>\n\n\n\n<h2 class=\"wp-block-heading\">Telefonunda bizlere y\u00fczlerce an\u0131 b\u0131rak\u0131p gidenlere ithafen\u2026<\/h2>\n\n\n\n<p>An\u0131lar M\u00fczesi adl\u0131 k\u0131sa film ise \u015f\u00f6yle;<\/p>\n\n\n\n<figure class=\"wp-block-embed is-type-video is-provider-youtube wp-block-embed-youtube wp-embed-aspect-16-9 wp-has-aspect-ratio\"><div class=\"wp-block-embed__wrapper\">\n<iframe loading=\"lazy\" title=\"An\u0131lar M\u00fczesi\" width=\"640\" height=\"360\" src=\"https:\/\/www.youtube.com\/embed\/ZSotS_nyJxc?feature=oembed\" frameborder=\"0\" allow=\"accelerometer; autoplay; clipboard-write; encrypted-media; gyroscope; picture-in-picture; web-share\" referrerpolicy=\"strict-origin-when-cross-origin\" allowfullscreen><\/iframe>\n<\/div><\/figure>\n\n\n\n<p><\/p>\n","protected":false},"excerpt":{"rendered":"<p>Xiaomi 11T Pro\u2019nun g\u00fcc\u00fcn\u00fc g\u00f6stermek ve an\u0131lara vurgu yapmak Xiaomi isteyen tamam\u0131 11T Pro ile \u00e7ekilen An\u0131lar M\u00fczesi k\u0131sa filmini yay\u0131nlad\u0131. K\u0131sa film k\u0131sa s\u00fcre i\u00e7erisinde kalitesi ile dikkat \u00e7ekerken 11T Pro\u2019nun da daha fazla g\u00fcndeme gelmesini sa\u011flad\u0131. Xiaomi taraf\u0131ndan geli\u015ftirilen ve ge\u00e7ti\u011fimiz aylarda piyasaya sunulan Xiaomi, 11T Pro modeli ile \u00f6zel bir proje ger\u00e7ekle\u015ftirildi. [&hellip;]<\/p>\n","protected":false},"author":6,"featured_media":9617,"comment_status":"open","ping_status":"closed","sticky":false,"template":"","format":"standard","meta":{"footnotes":""},"categories":[46],"tags":[933],"class_list":["post-9616","post","type-post","status-publish","format-standard","has-post-thumbnail","hentry","category-mobil","tag-xiaomi-11t-pro"],"_links":{"self":[{"href":"https:\/\/www.indir.com\/haber\/wp-json\/wp\/v2\/posts\/9616","targetHints":{"allow":["GET"]}}],"collection":[{"href":"https:\/\/www.indir.com\/haber\/wp-json\/wp\/v2\/posts"}],"about":[{"href":"https:\/\/www.indir.com\/haber\/wp-json\/wp\/v2\/types\/post"}],"author":[{"embeddable":true,"href":"https:\/\/www.indir.com\/haber\/wp-json\/wp\/v2\/users\/6"}],"replies":[{"embeddable":true,"href":"https:\/\/www.indir.com\/haber\/wp-json\/wp\/v2\/comments?post=9616"}],"version-history":[{"count":0,"href":"https:\/\/www.indir.com\/haber\/wp-json\/wp\/v2\/posts\/9616\/revisions"}],"wp:featuredmedia":[{"embeddable":true,"href":"https:\/\/www.indir.com\/haber\/wp-json\/wp\/v2\/media\/9617"}],"wp:attachment":[{"href":"https:\/\/www.indir.com\/haber\/wp-json\/wp\/v2\/media?parent=9616"}],"wp:term":[{"taxonomy":"category","embeddable":true,"href":"https:\/\/www.indir.com\/haber\/wp-json\/wp\/v2\/categories?post=9616"},{"taxonomy":"post_tag","embeddable":true,"href":"https:\/\/www.indir.com\/haber\/wp-json\/wp\/v2\/tags?post=9616"}],"curies":[{"name":"wp","href":"https:\/\/api.w.org\/{rel}","templated":true}]}}