{"id":9510,"date":"2021-12-06T13:15:27","date_gmt":"2021-12-06T10:15:27","guid":{"rendered":"https:\/\/www.indir.com\/haber\/?p=9510"},"modified":"2021-12-06T13:15:29","modified_gmt":"2021-12-06T10:15:29","slug":"whatsapp-seslerinde-yenilik-bitmiyor","status":"publish","type":"post","link":"https:\/\/www.indir.com\/haber\/whatsapp-seslerinde-yenilik-bitmiyor\/","title":{"rendered":"WhatsApp seslerinde yenilik bitmiyor!"},"content":{"rendered":"\n<p>WhatsApp sesli mesajlarda son aylarda arka arkaya yenilikler yap\u0131l\u0131rken yeniliklerin devam edece\u011fi g\u00f6r\u00fcld\u00fc. \u015eimdi ise g\u00f6nderilen sesli mesajlara ses dalgalar\u0131 eklenecek.<\/p>\n\n\n\n<p>WhatsApp&#8217;ta i\u015flevselli\u011fin artmas\u0131 ad\u0131na yenilikler yap\u0131lmaya devam ediliyor. Konu ile gelen son bilgilerde \u015firketin sesli mesaj g\u00f6nderilmesi halinde ses dalgalar\u0131n\u0131 g\u00f6sterecek yeni bir \u00f6zellik \u00fczerinde \u00e7al\u0131\u015ft\u0131\u011f\u0131 belirtildi. iOS versiyonda yer alan yeni \u00f6zellik, kullan\u0131c\u0131lar\u0131n g\u00f6nderdi\u011fi sesli mesajlar\u0131n daha iyi bir \u015fekilde anla\u015f\u0131lmas\u0131n\u0131 ve dinlenmeden \u00f6nce i\u00e7eri\u011findeki ses dalgalar\u0131n\u0131n g\u00f6r\u00fcnmesini sa\u011fl\u0131yor. K\u0131s\u0131tl\u0131 bir kullan\u0131c\u0131 ile test edilen \u00f6zellikte dalga bi\u00e7imdeki g\u00f6rseller ile ses i\u00e7eri\u011fi daha somut hale getiriliyor.<\/p>\n\n\n\n<h2 class=\"wp-block-heading\">K\u00fc\u00e7\u00fck bir grupta test ediliyor<\/h2>\n\n\n\n<p>\u201cBelirli beta test kullan\u0131c\u0131lar\u0131 art\u0131k sohbet balonlar\u0131nda ses dalga bi\u00e7imlerini g\u00f6rebiliyor. Bu \u00f6zellik WhatsApp hesab\u0131n\u0131z i\u00e7in etkinle\u015ftirilmi\u015fse ses kay\u0131tlar\u0131n\u0131z i\u00e7in ses dalga bi\u00e7imlerini g\u00f6rebilirsiniz. Ancak, birinden ses kayd\u0131 ald\u0131\u011f\u0131n\u0131zda dalga bi\u00e7imleri g\u00f6r\u00fcnmeyebilir.\u201d denilerek duyurulan yeni \u00f6zelli\u011fin kullan\u0131c\u0131lar i\u00e7in sa\u011flayaca\u011f\u0131 en \u00f6nemli avantaj ses d\u00fczeylerinin g\u00f6r\u00fcnt\u00fclenebilecek olmas\u0131.<\/p>\n\n\n\n<p>Kaynakta yer alan ifadelerde bir ki\u015finin ba\u011f\u0131r\u0131p ba\u011f\u0131rmad\u0131\u011f\u0131n\u0131 anlaman\u0131n en kolay yolunun WhatsApp ses dalgalar\u0131na bakmak oldu\u011fu belirtti. Ancak kullan\u0131c\u0131lar b\u00f6yle bir sesli mesaj al\u0131nd\u0131\u011f\u0131nda dalgalar \u00fczerinden analiz yapmay\u0131 muhtemelen pek tercih etmeyecek. Buna kar\u015f\u0131 uygulaman\u0131n g\u00f6rsel a\u00e7\u0131dan daha da zenginle\u015fmesini sa\u011flayacak olan yeni \u00f6zellik, bu bak\u0131mdan kullan\u0131c\u0131lar\u0131 memnun edebilir. Test edilen \u00f6zellik ile ilgili \u015fu an ne kadar gelen bilgilerde ana uygulamaya \u00f6zelli\u011fin ne zaman eklenece\u011fine dair bir bilgi payla\u015f\u0131lmad\u0131.<\/p>\n","protected":false},"excerpt":{"rendered":"<p>WhatsApp sesli mesajlarda son aylarda arka arkaya yenilikler yap\u0131l\u0131rken yeniliklerin devam edece\u011fi g\u00f6r\u00fcld\u00fc. \u015eimdi ise g\u00f6nderilen sesli mesajlara ses dalgalar\u0131 eklenecek. WhatsApp&#8217;ta i\u015flevselli\u011fin artmas\u0131 ad\u0131na yenilikler yap\u0131lmaya devam ediliyor. Konu ile gelen son bilgilerde \u015firketin sesli mesaj g\u00f6nderilmesi halinde ses dalgalar\u0131n\u0131 g\u00f6sterecek yeni bir \u00f6zellik \u00fczerinde \u00e7al\u0131\u015ft\u0131\u011f\u0131 belirtildi. iOS versiyonda yer alan yeni \u00f6zellik, kullan\u0131c\u0131lar\u0131n [&hellip;]<\/p>\n","protected":false},"author":6,"featured_media":9511,"comment_status":"open","ping_status":"closed","sticky":false,"template":"","format":"standard","meta":{"footnotes":""},"categories":[46],"tags":[62],"class_list":["post-9510","post","type-post","status-publish","format-standard","has-post-thumbnail","hentry","category-mobil","tag-whatsapp"],"_links":{"self":[{"href":"https:\/\/www.indir.com\/haber\/wp-json\/wp\/v2\/posts\/9510","targetHints":{"allow":["GET"]}}],"collection":[{"href":"https:\/\/www.indir.com\/haber\/wp-json\/wp\/v2\/posts"}],"about":[{"href":"https:\/\/www.indir.com\/haber\/wp-json\/wp\/v2\/types\/post"}],"author":[{"embeddable":true,"href":"https:\/\/www.indir.com\/haber\/wp-json\/wp\/v2\/users\/6"}],"replies":[{"embeddable":true,"href":"https:\/\/www.indir.com\/haber\/wp-json\/wp\/v2\/comments?post=9510"}],"version-history":[{"count":0,"href":"https:\/\/www.indir.com\/haber\/wp-json\/wp\/v2\/posts\/9510\/revisions"}],"wp:featuredmedia":[{"embeddable":true,"href":"https:\/\/www.indir.com\/haber\/wp-json\/wp\/v2\/media\/9511"}],"wp:attachment":[{"href":"https:\/\/www.indir.com\/haber\/wp-json\/wp\/v2\/media?parent=9510"}],"wp:term":[{"taxonomy":"category","embeddable":true,"href":"https:\/\/www.indir.com\/haber\/wp-json\/wp\/v2\/categories?post=9510"},{"taxonomy":"post_tag","embeddable":true,"href":"https:\/\/www.indir.com\/haber\/wp-json\/wp\/v2\/tags?post=9510"}],"curies":[{"name":"wp","href":"https:\/\/api.w.org\/{rel}","templated":true}]}}