{"id":9308,"date":"2021-12-03T11:17:00","date_gmt":"2021-12-03T08:17:00","guid":{"rendered":"https:\/\/www.indir.com\/haber\/?p=9308"},"modified":"2021-12-03T11:16:13","modified_gmt":"2021-12-03T08:16:13","slug":"turkiyede-muhtesem-cumada-en-cok-satilan-urunler-belli-oldu","status":"publish","type":"post","link":"https:\/\/www.indir.com\/haber\/turkiyede-muhtesem-cumada-en-cok-satilan-urunler-belli-oldu\/","title":{"rendered":"T\u00fcrkiye\u2019de Muhte\u015fem Cuma\u2019da en \u00e7ok sat\u0131lan \u00fcr\u00fcnler belli oldu"},"content":{"rendered":"\n<p>Ge\u00e7ti\u011fimiz Cuma g\u00fcn\u00fc itibariyle ger\u00e7ekle\u015ftirilen Muhte\u015fem Cuma etkinli\u011fi hakk\u0131nda online al\u0131\u015fveri\u015f platformu Kidega, istatistikleri payla\u015ft\u0131. Yeni rapor ile en \u00e7ok al\u0131\u015fveri\u015f yap\u0131lan b\u00f6lgeler, cinsiyete g\u00f6re farkl\u0131l\u0131klar ve en \u00e7ok al\u0131nan 10 kitap payla\u015f\u0131ld\u0131.<\/p>\n\n\n\n<h2 class=\"wp-block-heading\">\u0130stanbul zirvede!<\/h2>\n\n\n\n<p>Kas\u0131n ay\u0131 genelinde en \u00e7ok al\u0131\u015fveri\u015f yapan il \u0130stanbul oldu. \u0130stanbul\u2019un ard\u0131ndan ise Ankara, \u0130zmir, Bursa, Kocaeli ve Antalya geldi. Ay i\u00e7erisinde al\u0131\u015fveri\u015f yapan m\u00fc\u015fterilerin cinsiyetine g\u00f6re yap\u0131lan ayr\u0131m\u0131nda %53 erkek, %47 kad\u0131n olarak al\u0131\u015fveri\u015flerin yap\u0131ld\u0131\u011f\u0131 belirtildi. Kas\u0131m ay\u0131nda etkinli\u011fin en \u00e7ok artt\u0131\u011f\u0131 g\u00fcn ise Muhte\u015fem Cuma oldu. G\u00fcne \u00f6zel olarak yap\u0131lan indirimler ve yeni kampanyalar ile Muhte\u015fem Cuma\u2019da 10 kitap ve 5 teknoloji \u00fcr\u00fcn\u00fc \u00f6n plana \u00e7\u0131kt\u0131. Ayr\u0131ca 2020 y\u0131l\u0131ndaki etkinli\u011fe g\u00f6re 2021 y\u0131l\u0131ndaki sat\u0131\u015flar %30 oran\u0131nda art\u0131\u015f g\u00f6sterdi.<\/p>\n\n\n\n<h2 class=\"wp-block-heading\">\u0130\u015fte en \u00e7ok satan kitaplar<\/h2>\n\n\n\n<p>Kas\u0131m ay\u0131n\u0131n son cuma g\u00fcn\u00fc ba\u015flayan ve \u00fc\u00e7 g\u00fcn boyunca devam eden Muhte\u015fem Cuma kapsam\u0131nda en \u00e7ok satan kitaplar \u015f\u00f6yle;<\/p>\n\n\n\n<ol class=\"wp-block-list\" type=\"1\"><li>Murat Mente\u015f &#8211; Fink<\/li><li>Ahmet \u00dcmit &#8211; Kay\u0131p Tanr\u0131lar \u00dclkesi<\/li><li>Hakan G\u00fcnday \u2013 Zamir<\/li><li>Z\u00fclf\u00fc Livaneli -Bal\u0131k\u00e7\u0131 ve O\u011flu<\/li><li>John Steinbeck -Fareler ve \u0130nsanlar<\/li><li>Orhan Pamuk -Masumiyet M\u00fczesi<\/li><li>Jack London &#8211; Martin Eden<\/li><li>Clarissa P. Estes -Kurtlarla Ko\u015fan Kad\u0131n<\/li><li>Haruki Murakami &#8211; Birinci Tekil \u015eah\u0131s<\/li><li>Frank Herbert &#8211; Dune<\/li><\/ol>\n\n\n\n<p>En \u00e7ok satan kitaplar\u0131n yan\u0131 s\u0131ra teknoloji \u00fcr\u00fcnlerinde masaj aletleri \u00e7ok daha fazla ilgi g\u00f6rd\u00fc. Masaj aletlerinin d\u0131\u015f\u0131nda ise powerbank, ekran koruyucu, adapt\u00f6rler ve led masa lambalar\u0131 sat\u0131n al\u0131nd\u0131.<\/p>\n","protected":false},"excerpt":{"rendered":"<p>Ge\u00e7ti\u011fimiz Cuma g\u00fcn\u00fc itibariyle ger\u00e7ekle\u015ftirilen Muhte\u015fem Cuma etkinli\u011fi hakk\u0131nda online al\u0131\u015fveri\u015f platformu Kidega, istatistikleri payla\u015ft\u0131. Yeni rapor ile en \u00e7ok al\u0131\u015fveri\u015f yap\u0131lan b\u00f6lgeler, cinsiyete g\u00f6re farkl\u0131l\u0131klar ve en \u00e7ok al\u0131nan 10 kitap payla\u015f\u0131ld\u0131. \u0130stanbul zirvede! Kas\u0131n ay\u0131 genelinde en \u00e7ok al\u0131\u015fveri\u015f yapan il \u0130stanbul oldu. \u0130stanbul\u2019un ard\u0131ndan ise Ankara, \u0130zmir, Bursa, Kocaeli ve Antalya geldi. [&hellip;]<\/p>\n","protected":false},"author":6,"featured_media":9309,"comment_status":"open","ping_status":"closed","sticky":false,"template":"","format":"standard","meta":{"footnotes":""},"categories":[54],"tags":[1716],"class_list":["post-9308","post","type-post","status-publish","format-standard","has-post-thumbnail","hentry","category-internet","tag-muhtesem-cuma"],"_links":{"self":[{"href":"https:\/\/www.indir.com\/haber\/wp-json\/wp\/v2\/posts\/9308","targetHints":{"allow":["GET"]}}],"collection":[{"href":"https:\/\/www.indir.com\/haber\/wp-json\/wp\/v2\/posts"}],"about":[{"href":"https:\/\/www.indir.com\/haber\/wp-json\/wp\/v2\/types\/post"}],"author":[{"embeddable":true,"href":"https:\/\/www.indir.com\/haber\/wp-json\/wp\/v2\/users\/6"}],"replies":[{"embeddable":true,"href":"https:\/\/www.indir.com\/haber\/wp-json\/wp\/v2\/comments?post=9308"}],"version-history":[{"count":0,"href":"https:\/\/www.indir.com\/haber\/wp-json\/wp\/v2\/posts\/9308\/revisions"}],"wp:featuredmedia":[{"embeddable":true,"href":"https:\/\/www.indir.com\/haber\/wp-json\/wp\/v2\/media\/9309"}],"wp:attachment":[{"href":"https:\/\/www.indir.com\/haber\/wp-json\/wp\/v2\/media?parent=9308"}],"wp:term":[{"taxonomy":"category","embeddable":true,"href":"https:\/\/www.indir.com\/haber\/wp-json\/wp\/v2\/categories?post=9308"},{"taxonomy":"post_tag","embeddable":true,"href":"https:\/\/www.indir.com\/haber\/wp-json\/wp\/v2\/tags?post=9308"}],"curies":[{"name":"wp","href":"https:\/\/api.w.org\/{rel}","templated":true}]}}