{"id":9202,"date":"2021-12-04T19:01:52","date_gmt":"2021-12-04T16:01:52","guid":{"rendered":"https:\/\/www.indir.com\/haber\/?p=9202"},"modified":"2021-12-04T19:01:59","modified_gmt":"2021-12-04T16:01:59","slug":"en-ucuz-iphone-modeli-icin-geri-sayim-basladi","status":"publish","type":"post","link":"https:\/\/www.indir.com\/haber\/en-ucuz-iphone-modeli-icin-geri-sayim-basladi\/","title":{"rendered":"En ucuz iPhone modeli i\u00e7in geri say\u0131m ba\u015flad\u0131"},"content":{"rendered":"\n<p>iPhone SE 3\u2019\u00fcn piyasaya sunulmas\u0131na az bir s\u00fcre kald\u0131. Yeni modelin, piyasaya sunulacak en ucuz iPhone modeli olmas\u0131 bekleniyor.<\/p>\n\n\n\n<p>Apple hakk\u0131nda son d\u00f6nemlerde g\u00fcndeme gelen haberlerde iPhone SE 3 i\u00e7in g\u00fc\u00e7l\u00fc kaynaklardan s\u0131z\u0131nt\u0131lar yap\u0131ld\u0131. Bu s\u0131z\u0131nt\u0131larda iPhone SE 3 modelinin gelece\u011fi net bir \u015fekilde a\u00e7\u0131klan\u0131rken yeni bir rapor daha g\u00fcndeme geldi. Tayvanl\u0131 ara\u015ft\u0131rma firmas\u0131 TrendForce&#8217;un raporuna g\u00f6re, iPhone SE serisinin 3. nesli piyasaya sunulacak.<\/p>\n\n\n\n<h2 class=\"wp-block-heading\">iPhone SE 3 ne zaman \u00e7\u0131k\u0131\u015f yapacak?<\/h2>\n\n\n\n<p>Rapora g\u00f6re yeni telefonun piyasaya \u00e7\u0131k\u0131\u015f tarihi 2022\u2019in ilk \u00e7eyre\u011fi. Bu bak\u0131mdan iPhone 13 serisiyle yakalanan pop\u00fclerlik, 2022 y\u0131l\u0131nda bir de en ucuz iPhone modeliyle desteklenecek. B\u00f6ylece d\u00fcnya genelinde iPhone sat\u0131\u015flar\u0131n\u0131n \u00e7ok daha artmas\u0131 bekleniyor. Raporda, yeni telefonun baz\u0131 \u00f6zelliklerine de de\u011finildi. Buna g\u00f6re iPhone SE 3 5G deste\u011fine de sahip olacak. B\u00f6ylece orta s\u0131n\u0131f telefon 5G modelleri aras\u0131nda \u00f6n plana \u00e7\u0131kacak olan iPhone SE 3, bu s\u0131n\u0131f\u0131n en iddial\u0131 se\u00e7eneklerinden birisi olacak.<\/p>\n\n\n\n<p>Kaynakta yer alan bir di\u011fer detay ise \u00fcretim planlar\u0131. \u015eirketin 2022 y\u0131l\u0131nda iPhone SE 3 i\u00e7in 25 milyon ile 30 milyon adet \u00fcretim planlad\u0131\u011f\u0131 da belirtildi. Bu bak\u0131mdan 2022 y\u0131l\u0131nda yeni amiral gemilerine kadar \u015firket iPhone 13 ve iPhone SE 3 ile iyi bir sat\u0131\u015f hedefledi\u011fi g\u00f6r\u00fclebiliyor. Yeni modellerde 5G deste\u011finin yan\u0131 s\u0131ra A14 Bionic \u00e7iplere yer verilmesi bekleniyor.<\/p>\n","protected":false},"excerpt":{"rendered":"<p>iPhone SE 3\u2019\u00fcn piyasaya sunulmas\u0131na az bir s\u00fcre kald\u0131. Yeni modelin, piyasaya sunulacak en ucuz iPhone modeli olmas\u0131 bekleniyor. Apple hakk\u0131nda son d\u00f6nemlerde g\u00fcndeme gelen haberlerde iPhone SE 3 i\u00e7in g\u00fc\u00e7l\u00fc kaynaklardan s\u0131z\u0131nt\u0131lar yap\u0131ld\u0131. Bu s\u0131z\u0131nt\u0131larda iPhone SE 3 modelinin gelece\u011fi net bir \u015fekilde a\u00e7\u0131klan\u0131rken yeni bir rapor daha g\u00fcndeme geldi. Tayvanl\u0131 ara\u015ft\u0131rma firmas\u0131 TrendForce&#8217;un [&hellip;]<\/p>\n","protected":false},"author":6,"featured_media":9203,"comment_status":"open","ping_status":"closed","sticky":false,"template":"","format":"standard","meta":{"footnotes":""},"categories":[46],"tags":[1702],"class_list":["post-9202","post","type-post","status-publish","format-standard","has-post-thumbnail","hentry","category-mobil","tag-en-ucuz-iphone-modeli"],"_links":{"self":[{"href":"https:\/\/www.indir.com\/haber\/wp-json\/wp\/v2\/posts\/9202","targetHints":{"allow":["GET"]}}],"collection":[{"href":"https:\/\/www.indir.com\/haber\/wp-json\/wp\/v2\/posts"}],"about":[{"href":"https:\/\/www.indir.com\/haber\/wp-json\/wp\/v2\/types\/post"}],"author":[{"embeddable":true,"href":"https:\/\/www.indir.com\/haber\/wp-json\/wp\/v2\/users\/6"}],"replies":[{"embeddable":true,"href":"https:\/\/www.indir.com\/haber\/wp-json\/wp\/v2\/comments?post=9202"}],"version-history":[{"count":0,"href":"https:\/\/www.indir.com\/haber\/wp-json\/wp\/v2\/posts\/9202\/revisions"}],"wp:featuredmedia":[{"embeddable":true,"href":"https:\/\/www.indir.com\/haber\/wp-json\/wp\/v2\/media\/9203"}],"wp:attachment":[{"href":"https:\/\/www.indir.com\/haber\/wp-json\/wp\/v2\/media?parent=9202"}],"wp:term":[{"taxonomy":"category","embeddable":true,"href":"https:\/\/www.indir.com\/haber\/wp-json\/wp\/v2\/categories?post=9202"},{"taxonomy":"post_tag","embeddable":true,"href":"https:\/\/www.indir.com\/haber\/wp-json\/wp\/v2\/tags?post=9202"}],"curies":[{"name":"wp","href":"https:\/\/api.w.org\/{rel}","templated":true}]}}