{"id":9191,"date":"2021-12-03T17:30:00","date_gmt":"2021-12-03T14:30:00","guid":{"rendered":"https:\/\/www.indir.com\/haber\/?p=9191"},"modified":"2021-12-03T17:19:00","modified_gmt":"2021-12-03T14:19:00","slug":"vivo-s12-pro-render-goruntuleri-aciga-cikti","status":"publish","type":"post","link":"https:\/\/www.indir.com\/haber\/vivo-s12-pro-render-goruntuleri-aciga-cikti\/","title":{"rendered":"Vivo S12 Pro render g\u00f6r\u00fcnt\u00fcleri a\u00e7\u0131\u011fa \u00e7\u0131kt\u0131"},"content":{"rendered":"\n<p>Vivo S12 Pro modeli i\u00e7in tasarlanan render g\u00f6r\u00fcnt\u00fcleri s\u0131zd\u0131r\u0131ld\u0131. Yeni s\u0131z\u0131nt\u0131 ile telefonun tan\u0131t\u0131m \u00f6ncesindeki t\u00fcm g\u00f6r\u00fcnt\u00fcleri b\u00f6ylelikle eri\u015filebilir hale geldi.<\/p>\n\n\n\n<p>Vivo son d\u00f6nemlerde farkl\u0131 segmentlere y\u00f6nelik modelleri ile piyasaya bir bir giri\u015f yapmaya ba\u015flad\u0131. \u015eirketin yeni modellerinden bir tanesi olacak Vivo S12 Pro ile hen\u00fcz tan\u0131t\u0131lmam\u0131\u015f olsa da Vivo \u00fczerinden yap\u0131lan yeni bir s\u0131z\u0131nt\u0131, telefonun tasar\u0131m\u0131na dair ilk bilgilerin \u00f6\u011frenilmesini sa\u011flad\u0131.<\/p>\n\n\n\n<h2 class=\"wp-block-heading\">Vivo S12 Pro neler sunacak?<\/h2>\n\n\n\n<p>Payla\u015f\u0131mlara g\u00f6re Vivo S12 Pro\u2019da \u00e7entikli bir ekran ile kullan\u0131lacak. Ekran\u0131n yeni modelde kavisli kenarlara sahip olmas\u0131 ise dikkat \u00e7ekiyor. Zira telefon modelinin \u00f6nceki serilerinde b\u00f6yle kavisli bir ekran kullan\u0131lmam\u0131\u015ft\u0131. Vivo yeni model ile birlikte tasar\u0131mda da oval hatlara ge\u00e7i\u015f yapaca\u011f\u0131n\u0131n sinyallerini verdi.<\/p>\n\n\n\n<p>Arka kamerada ise g\u00fc\u00e7l\u00fc bir kurulum dikkat \u00e7ekiyor. Dikey bir \u015fekilde yerle\u015ftirilmi\u015f olan kameralar telefonun sol \u00fcst k\u00f6\u015fesinde bulunuyor. S\u0131z\u0131nt\u0131 ile birlikte kameralar\u0131n baz\u0131 \u00f6zelliklerine de de\u011finildi. A\u00e7\u0131klamalara g\u00f6re \u00f6nde yer alan kameralar \u00e7ift kamera olacak ve 50 megapiksel ana sens\u00f6r\u00fcn yan\u0131s\u0131ra 8 megapiksel geni\u015f a\u00e7\u0131 deste\u011fi sunulacak.<\/p>\n\n\n\n<p>Yeni telefonda 55W h\u0131zl\u0131 \u015farj sisteminin olmas\u0131 bekleniyor. Bir \u00f6nceki modelde yer alan 4050 mAh kapasiteli pil ve 44W h\u0131zl\u0131 \u015farj sisteminin \u00fczerine \u00e7\u0131k\u0131lacak olmas\u0131 nedeniyle \u015fu anda s\u0131z\u0131nt\u0131larda 55W kullan\u0131ma sunulaca\u011f\u0131 belirtildi.&nbsp;B\u00f6ylece \u015farjda \u00e7ok daha iyi bir performans sunulacak.<\/p>\n\n\n\n<p>Telefonun \u00f6zellikle \u00f6n panelinde yer verilen \u00e7ift kameral\u0131 \u00e7entik sistemi dikkat \u00e7ekici. \u015eirketin en \u00f6nemli serilerinden birisi olmas\u0131 nedeniyle Vivo S12 Pro\u2019da depolama alan\u0131, RAM ve kullan\u0131lacak i\u015flemci konusunda da se\u00e7imler \u015fu anda merak ediyor. Snapdragon&#8217;un amiral gemilerinden birisinin tercih edilmesi bekleniyor. Ancak hen\u00fcz konu ile ilgili net a\u00e7\u0131klamalar yap\u0131lmad\u0131.&nbsp;<\/p>\n\n\n\n<figure class=\"wp-block-image size-large\"><img loading=\"lazy\" decoding=\"async\" width=\"960\" height=\"960\" src=\"https:\/\/www.indir.com\/haber\/wp-content\/uploads\/2021\/12\/Vivo2Pro-960x960.jpg\" alt=\"Vivo S12 Pro\" class=\"wp-image-9192\" title=\"\" srcset=\"https:\/\/www.indir.com\/haber\/wp-content\/uploads\/2021\/12\/Vivo2Pro-960x960.jpg 960w, https:\/\/www.indir.com\/haber\/wp-content\/uploads\/2021\/12\/Vivo2Pro-180x180.jpg 180w, https:\/\/www.indir.com\/haber\/wp-content\/uploads\/2021\/12\/Vivo2Pro-768x768.jpg 768w, https:\/\/www.indir.com\/haber\/wp-content\/uploads\/2021\/12\/Vivo2Pro.jpg 1200w\" sizes=\"auto, (max-width: 960px) 100vw, 960px\" \/><figcaption>Vivo S12 Pro i\u00e7in s\u0131zd\u0131r\u0131lan tasar\u0131mlar<\/figcaption><\/figure>\n","protected":false},"excerpt":{"rendered":"<p>Vivo S12 Pro modeli i\u00e7in tasarlanan render g\u00f6r\u00fcnt\u00fcleri s\u0131zd\u0131r\u0131ld\u0131. Yeni s\u0131z\u0131nt\u0131 ile telefonun tan\u0131t\u0131m \u00f6ncesindeki t\u00fcm g\u00f6r\u00fcnt\u00fcleri b\u00f6ylelikle eri\u015filebilir hale geldi. Vivo son d\u00f6nemlerde farkl\u0131 segmentlere y\u00f6nelik modelleri ile piyasaya bir bir giri\u015f yapmaya ba\u015flad\u0131. \u015eirketin yeni modellerinden bir tanesi olacak Vivo S12 Pro ile hen\u00fcz tan\u0131t\u0131lmam\u0131\u015f olsa da Vivo \u00fczerinden yap\u0131lan yeni bir s\u0131z\u0131nt\u0131, [&hellip;]<\/p>\n","protected":false},"author":6,"featured_media":9194,"comment_status":"open","ping_status":"closed","sticky":false,"template":"","format":"standard","meta":{"footnotes":""},"categories":[46],"tags":[1699],"class_list":["post-9191","post","type-post","status-publish","format-standard","has-post-thumbnail","hentry","category-mobil","tag-vivo-s12-pro"],"_links":{"self":[{"href":"https:\/\/www.indir.com\/haber\/wp-json\/wp\/v2\/posts\/9191","targetHints":{"allow":["GET"]}}],"collection":[{"href":"https:\/\/www.indir.com\/haber\/wp-json\/wp\/v2\/posts"}],"about":[{"href":"https:\/\/www.indir.com\/haber\/wp-json\/wp\/v2\/types\/post"}],"author":[{"embeddable":true,"href":"https:\/\/www.indir.com\/haber\/wp-json\/wp\/v2\/users\/6"}],"replies":[{"embeddable":true,"href":"https:\/\/www.indir.com\/haber\/wp-json\/wp\/v2\/comments?post=9191"}],"version-history":[{"count":0,"href":"https:\/\/www.indir.com\/haber\/wp-json\/wp\/v2\/posts\/9191\/revisions"}],"wp:featuredmedia":[{"embeddable":true,"href":"https:\/\/www.indir.com\/haber\/wp-json\/wp\/v2\/media\/9194"}],"wp:attachment":[{"href":"https:\/\/www.indir.com\/haber\/wp-json\/wp\/v2\/media?parent=9191"}],"wp:term":[{"taxonomy":"category","embeddable":true,"href":"https:\/\/www.indir.com\/haber\/wp-json\/wp\/v2\/categories?post=9191"},{"taxonomy":"post_tag","embeddable":true,"href":"https:\/\/www.indir.com\/haber\/wp-json\/wp\/v2\/tags?post=9191"}],"curies":[{"name":"wp","href":"https:\/\/api.w.org\/{rel}","templated":true}]}}