{"id":9045,"date":"2021-11-30T20:43:59","date_gmt":"2021-11-30T17:43:59","guid":{"rendered":"https:\/\/www.indir.com\/haber\/?p=9045"},"modified":"2021-11-30T20:44:02","modified_gmt":"2021-11-30T17:44:02","slug":"motorola-kendisi-asti-sirada-moto-tab-var","status":"publish","type":"post","link":"https:\/\/www.indir.com\/haber\/motorola-kendisi-asti-sirada-moto-tab-var\/","title":{"rendered":"Motorola kendisi a\u015ft\u0131 s\u0131rada Moto Tab var"},"content":{"rendered":"\n<p>Son d\u00f6nemlerde farkl\u0131 modelleriyle g\u00fcndemde yer alan Motorola, \u015fimdi ise tablet modeliyle g\u00fcndemde. Motorola Moto Tab G70 olarak adland\u0131r\u0131lan yeni tablet modelinden ilk detaylar gelmeye ba\u015flad\u0131.<\/p>\n\n\n\n<p>Lenovo taraf\u0131ndan sat\u0131n al\u0131nd\u0131ktan sonra etkin bir \u015fekilde pazarda yer almaya ba\u015flayan Motorola, k\u0131sa s\u00fcre i\u00e7erisinde farkl\u0131 modelleriyle konu\u015fulmaya ba\u015fland\u0131. G\u00fc\u00e7l\u00fc amiral gemileri, b\u00fct\u00e7e dostu giri\u015f seviyesi modelleriyle dikkat \u00e7eken markan\u0131n son modeli ise Motorola Moto Tab G70 oldu. Hen\u00fcz resmi olarak tan\u0131t\u0131lmam\u0131\u015f olmas\u0131na kar\u015f\u0131n bir sertifikasyon sitesinde g\u00f6r\u00fclen yeni tablet modeli, G serisinin yeni g\u00fc\u00e7l\u00fc modeli olacak. Motorola Moto Tab G70 olarak adland\u0131r\u0131lm\u0131\u015f model, Motorola Moto Tab G20 modelinin aksine birinci s\u0131n\u0131f bir cihaz tasar\u0131ma ve \u00e7ok daha g\u00fc\u00e7l\u00fc donan\u0131mlara sahip olacak. Bu bak\u0131mdan yeni modelin daha fazla ilgi g\u00f6rmesi bekleniyor.<\/p>\n\n\n\n<h2 class=\"wp-block-heading\">Motorola Moto Tab G70 \u00f6zellikleri neler olacak?<\/h2>\n\n\n\n<p>Motorola Moto Tab G70 i\u00e7in lansman tarihi hen\u00fcz a\u00e7\u0131klanmad\u0131. Ancak yap\u0131lan son sertifikasyon i\u015flemleri ile birlikte \u015firketin tan\u0131t\u0131ma yak\u0131n oldu\u011fu s\u00f6ylenebilir. Testlerin sonu\u00e7lar\u0131na g\u00f6re tablet modelinde yer alacak \u00f6zellikler \u015f\u00f6yle olacak;<\/p>\n\n\n\n<ul class=\"wp-block-list\"><li>Ekran: 1.280 x 1080 HD + \u00e7\u00f6z\u00fcn\u00fcrl\u00fc\u011fe sahip 8 in\u00e7 IPS LCD ekran, 60 Hz. yenileme h\u0131z\u0131 350 nit parlakl\u0131k<\/li><li>\u0130\u015flemci: MediaTek\u00ae Helio G90T (Octa-Core, 2 x A76 @2.05GHz + 6 x A55 @2.0GHz)<\/li><li>\u0130\u015fletim sistemi: Android 11 i\u015fletim sistemi <\/li><li>RAM: 4 GB LPDDR4x (Lehimli)<\/li><li>Depolama: 128 GB UFS depolama alan\u0131<\/li><li>Arka kamera: 13 MP Otomatik odak destekli ana kamera<\/li><li>\u00d6n kamera: 8 MP sabit odak destekli lens<\/li><li>WLAN: 802.11AC (1 x 1)<\/li><li>Bluetooth 5.1, USB Type C<\/li><\/ul>\n\n\n\n<p>\u015eu anda yeni tablet modeli hakk\u0131nda ekran \u00f6zellikleri \u00f6n plana \u00e7\u0131kar\u0131lm\u0131\u015f durumda. Ancak \u00f6n\u00fcm\u00fczdeki g\u00fcnlerde yeni model ile ilgili daha fazla s\u0131z\u0131nt\u0131n\u0131n ya\u015fanmas\u0131 bekleniyor.<\/p>\n","protected":false},"excerpt":{"rendered":"<p>Son d\u00f6nemlerde farkl\u0131 modelleriyle g\u00fcndemde yer alan Motorola, \u015fimdi ise tablet modeliyle g\u00fcndemde. Motorola Moto Tab G70 olarak adland\u0131r\u0131lan yeni tablet modelinden ilk detaylar gelmeye ba\u015flad\u0131. Lenovo taraf\u0131ndan sat\u0131n al\u0131nd\u0131ktan sonra etkin bir \u015fekilde pazarda yer almaya ba\u015flayan Motorola, k\u0131sa s\u00fcre i\u00e7erisinde farkl\u0131 modelleriyle konu\u015fulmaya ba\u015fland\u0131. G\u00fc\u00e7l\u00fc amiral gemileri, b\u00fct\u00e7e dostu giri\u015f seviyesi modelleriyle dikkat [&hellip;]<\/p>\n","protected":false},"author":6,"featured_media":9047,"comment_status":"open","ping_status":"closed","sticky":false,"template":"","format":"standard","meta":{"footnotes":""},"categories":[46],"tags":[1684],"class_list":["post-9045","post","type-post","status-publish","format-standard","has-post-thumbnail","hentry","category-mobil","tag-moto-tab"],"_links":{"self":[{"href":"https:\/\/www.indir.com\/haber\/wp-json\/wp\/v2\/posts\/9045","targetHints":{"allow":["GET"]}}],"collection":[{"href":"https:\/\/www.indir.com\/haber\/wp-json\/wp\/v2\/posts"}],"about":[{"href":"https:\/\/www.indir.com\/haber\/wp-json\/wp\/v2\/types\/post"}],"author":[{"embeddable":true,"href":"https:\/\/www.indir.com\/haber\/wp-json\/wp\/v2\/users\/6"}],"replies":[{"embeddable":true,"href":"https:\/\/www.indir.com\/haber\/wp-json\/wp\/v2\/comments?post=9045"}],"version-history":[{"count":0,"href":"https:\/\/www.indir.com\/haber\/wp-json\/wp\/v2\/posts\/9045\/revisions"}],"wp:featuredmedia":[{"embeddable":true,"href":"https:\/\/www.indir.com\/haber\/wp-json\/wp\/v2\/media\/9047"}],"wp:attachment":[{"href":"https:\/\/www.indir.com\/haber\/wp-json\/wp\/v2\/media?parent=9045"}],"wp:term":[{"taxonomy":"category","embeddable":true,"href":"https:\/\/www.indir.com\/haber\/wp-json\/wp\/v2\/categories?post=9045"},{"taxonomy":"post_tag","embeddable":true,"href":"https:\/\/www.indir.com\/haber\/wp-json\/wp\/v2\/tags?post=9045"}],"curies":[{"name":"wp","href":"https:\/\/api.w.org\/{rel}","templated":true}]}}