{"id":88979,"date":"2026-09-04T18:00:00","date_gmt":"2026-09-04T15:00:00","guid":{"rendered":"https:\/\/www.indir.com\/haber\/?p=88979"},"modified":"2026-09-04T13:11:40","modified_gmt":"2026-09-04T10:11:40","slug":"tiktok-yorumlara-yeni-ozellikler-getirdi","status":"publish","type":"post","link":"https:\/\/www.indir.com\/haber\/tiktok-yorumlara-yeni-ozellikler-getirdi\/","title":{"rendered":"TikTok Yorumlara Yeni \u00d6zellikler Getirdi"},"content":{"rendered":"\n<p class=\"wp-block-paragraph\">TikTok, kullan\u0131c\u0131lar\u0131n i\u00e7eriklerle etkile\u015fim kurdu\u011fu yorum b\u00f6l\u00fcm\u00fcn\u00fc yeniden \u015fekillendiriyor. Platformun yeni g\u00fcncellemesiyle birlikte yorumlara art\u0131k sesli mesaj b\u0131rakmak, anket haz\u0131rlamak ve birden fazla foto\u011fraf eklemek m\u00fcmk\u00fcn hale geliyor.<\/p>\n\n\n\n<p class=\"wp-block-paragraph\">Yeni \u00f6zelliklerle birlikte kullan\u0131c\u0131lar\u0131n yaln\u0131zca yaz\u0131l\u0131 yorumlarla s\u0131n\u0131rl\u0131 kalmadan i\u00e7eriklere farkl\u0131 formatlarda tepki verebilmesinin \u00f6n\u00fc a\u00e7\u0131l\u0131yor.<\/p>\n\n\n\n<h2 class=\"wp-block-heading\">Yorumlara Sesli Mesaj Geliyor<\/h2>\n\n\n\n<p class=\"wp-block-paragraph\">TikTok&#8217;un dikkat \u00e7eken yeniliklerinden biri, yorumlara do\u011frudan ses kayd\u0131 eklenebilmesi. Kullan\u0131c\u0131lar yorum alan\u0131nda bulunan mikrofon se\u00e7ene\u011fine dokunarak 1 dakikaya kadar sesli kay\u0131t olu\u015fturabilecek.<\/p>\n\n\n\n<p class=\"wp-block-paragraph\">Sesli yorumlar, di\u011fer kullan\u0131c\u0131lar\u0131n yaz\u0131l\u0131 yorumlar\u0131yla birlikte ayn\u0131 b\u00f6l\u00fcmde g\u00f6r\u00fcnt\u00fclenecek. Dinlemek isteyen kullan\u0131c\u0131lar\u0131n ilgili ses kayd\u0131na dokunmas\u0131 yeterli olacak.<\/p>\n\n\n\n<p class=\"wp-block-paragraph\">TikTok, sesli yorumlar\u0131n platform kurallar\u0131na uygunlu\u011funu da \u00e7e\u015fitli denetim sistemleriyle takip edecek. Ses kay\u0131tlar\u0131n\u0131n incelenmesinde otomatik teknolojilerin yan\u0131 s\u0131ra insan moderasyonundan da yararlan\u0131lacak. Otomatik sistemler, sesleri metne d\u00f6n\u00fc\u015ft\u00fcren transkripsiyon teknolojisi \u00fczerinden i\u00e7erik kontrol\u00fc ger\u00e7ekle\u015ftirecek.<\/p>\n\n\n\n<p class=\"wp-block-paragraph\">Sesli yorum \u00f6zelli\u011fi ilk etapta 18 ya\u015f ve \u00fczerindeki kullan\u0131c\u0131lar i\u00e7in sunuluyor. \u00d6zelli\u011fin k\u00fcresel olarak t\u00fcm kullan\u0131c\u0131lara ula\u015fmas\u0131n\u0131n yakla\u015f\u0131k bir ay i\u00e7inde tamamlanmas\u0131 planlan\u0131yor.<\/p>\n\n\n\n<h2 class=\"wp-block-heading\">Yorumlarda Anket Olu\u015fturulabilecek<\/h2>\n\n\n\n<p class=\"wp-block-paragraph\">Yeni g\u00fcncellemeyle i\u00e7erik \u00fcreticilerinin takip\u00e7ileriyle etkile\u015fim kurmas\u0131 da kolayla\u015facak. Art\u0131k videolar\u0131n yorum k\u0131sm\u0131nda do\u011frudan anket haz\u0131rlanabilecek.<\/p>\n\n\n\n<p class=\"wp-block-paragraph\">Anketlerde be\u015f se\u00e7ene\u011fe kadar yer verilebilecek. \u0130\u00e7erik \u00fcreticileri ayr\u0131ca oylaman\u0131n ne kadar s\u00fcre devam edece\u011fini belirleyebilecek. Sonu\u00e7lar ise yorum alan\u0131 \u00fczerinden takip edilebilecek.<\/p>\n\n\n\n<p class=\"wp-block-paragraph\">Bu \u00f6zellik; yeni video fikirleri hakk\u0131nda takip\u00e7ilerin g\u00f6r\u00fc\u015f\u00fcn\u00fc almak, iki farkl\u0131 se\u00e7enek aras\u0131nda tercih yapt\u0131rmak veya g\u00fcnl\u00fck konularda h\u0131zl\u0131 oylamalar ger\u00e7ekle\u015ftirmek i\u00e7in kullan\u0131labilecek.<\/p>\n\n\n\n<h2 class=\"wp-block-heading\">Tek Yorumda 9 Foto\u011frafa Kadar Payla\u015f\u0131m<\/h2>\n\n\n\n<p class=\"wp-block-paragraph\">TikTok&#8217;un yorum sistemindeki bir di\u011fer de\u011fi\u015fiklik foto\u011fraf payla\u015f\u0131m\u0131yla ilgili. Kullan\u0131c\u0131lar daha \u00f6nce yorumlara tek bir foto\u011fraf ekleyebilirken, yeni sistemle birlikte ayn\u0131 yorum i\u00e7erisinde 9 foto\u011frafa kadar payla\u015f\u0131m yapabilecek.<\/p>\n\n\n\n<p class=\"wp-block-paragraph\">Foto\u011fraflar kayd\u0131r\u0131labilir bir karusel \u015feklinde g\u00f6sterilecek. B\u00f6ylece kullan\u0131c\u0131lar birden fazla g\u00f6rseli ayr\u0131 ayr\u0131 yorumlar yazmak yerine tek bir yorum alt\u0131nda payla\u015fabilecek.<\/p>\n\n\n\n<h2 class=\"wp-block-heading\">Live Photo \u00d6zelli\u011fi de Geldi<\/h2>\n\n\n\n<p class=\"wp-block-paragraph\">TikTok ayr\u0131ca yorumlarda Live Photo kullan\u0131m\u0131n\u0131 da desteklemeye ba\u015flad\u0131. Bu format sayesinde kullan\u0131c\u0131lar, sabit g\u00f6r\u00fcnt\u00fcn\u00fcn yan\u0131 s\u0131ra k\u0131sa hareketli b\u00f6l\u00fcmler i\u00e7eren foto\u011fraflar\u0131 da yorumlarda payla\u015fabilecek.<\/p>\n\n\n\n<p class=\"wp-block-paragraph\">Live Photo deste\u011finin di\u011fer baz\u0131 yeni \u00f6zelliklerden farkl\u0131 olarak d\u00fcnya genelinde kullan\u0131ma sunuldu\u011fu belirtiliyor.<\/p>\n\n\n\n<p class=\"wp-block-paragraph\">TikTok&#8217;un 2026 trend raporunda foto\u011frafl\u0131 yorumlar\u0131n platformdaki etkile\u015fim bi\u00e7imlerinden biri haline geldi\u011fine dikkat \u00e7ekilmi\u015fti. Son g\u00fcncellemelerle birlikte bu kullan\u0131m\u0131n daha da yayg\u0131nla\u015ft\u0131r\u0131lmas\u0131 hedefleniyor.<\/p>\n\n\n\n<p class=\"wp-block-paragraph\">Yeni yorum \u00f6zellikleri kullan\u0131c\u0131lara ayn\u0131 anda sunulmayacak. TikTok, g\u00fcncellemeleri kademeli olarak da\u011f\u0131t\u0131yor. Bu nedenle baz\u0131 hesaplarda \u00f6zellikler aktif hale gelirken, di\u011fer kullan\u0131c\u0131lar\u0131n g\u00fcncellemeyi g\u00f6rmek i\u00e7in bir s\u00fcre daha beklemesi gerekebilir.<\/p>\n\n\n\n<p class=\"wp-block-paragraph\">Platform, kalan \u00f6zelliklerin de \u00f6n\u00fcm\u00fczdeki yakla\u015f\u0131k bir ay i\u00e7erisinde k\u00fcresel \u00f6l\u00e7ekte kullan\u0131ma a\u00e7\u0131lmas\u0131n\u0131 hedefliyor.<\/p>\n","protected":false},"excerpt":{"rendered":"<p>TikTok, kullan\u0131c\u0131lar\u0131n i\u00e7eriklerle etkile\u015fim kurdu\u011fu yorum b\u00f6l\u00fcm\u00fcn\u00fc yeniden \u015fekillendiriyor. Platformun yeni g\u00fcncellemesiyle birlikte yorumlara art\u0131k sesli mesaj b\u0131rakmak, anket haz\u0131rlamak ve birden fazla foto\u011fraf eklemek m\u00fcmk\u00fcn hale geliyor. Yeni \u00f6zelliklerle birlikte kullan\u0131c\u0131lar\u0131n yaln\u0131zca yaz\u0131l\u0131 yorumlarla s\u0131n\u0131rl\u0131 kalmadan i\u00e7eriklere farkl\u0131 formatlarda tepki verebilmesinin \u00f6n\u00fc a\u00e7\u0131l\u0131yor. Yorumlara Sesli Mesaj Geliyor TikTok&#8217;un dikkat \u00e7eken yeniliklerinden biri, yorumlara do\u011frudan [&hellip;]<\/p>\n","protected":false},"author":95,"featured_media":88984,"comment_status":"open","ping_status":"closed","sticky":false,"template":"","format":"standard","meta":{"footnotes":""},"categories":[54,1],"tags":[147],"class_list":["post-88979","post","type-post","status-publish","format-standard","has-post-thumbnail","hentry","category-internet","category-teknoloji","tag-tiktok"],"_links":{"self":[{"href":"https:\/\/www.indir.com\/haber\/wp-json\/wp\/v2\/posts\/88979","targetHints":{"allow":["GET"]}}],"collection":[{"href":"https:\/\/www.indir.com\/haber\/wp-json\/wp\/v2\/posts"}],"about":[{"href":"https:\/\/www.indir.com\/haber\/wp-json\/wp\/v2\/types\/post"}],"author":[{"embeddable":true,"href":"https:\/\/www.indir.com\/haber\/wp-json\/wp\/v2\/users\/95"}],"replies":[{"embeddable":true,"href":"https:\/\/www.indir.com\/haber\/wp-json\/wp\/v2\/comments?post=88979"}],"version-history":[{"count":1,"href":"https:\/\/www.indir.com\/haber\/wp-json\/wp\/v2\/posts\/88979\/revisions"}],"predecessor-version":[{"id":88986,"href":"https:\/\/www.indir.com\/haber\/wp-json\/wp\/v2\/posts\/88979\/revisions\/88986"}],"wp:featuredmedia":[{"embeddable":true,"href":"https:\/\/www.indir.com\/haber\/wp-json\/wp\/v2\/media\/88984"}],"wp:attachment":[{"href":"https:\/\/www.indir.com\/haber\/wp-json\/wp\/v2\/media?parent=88979"}],"wp:term":[{"taxonomy":"category","embeddable":true,"href":"https:\/\/www.indir.com\/haber\/wp-json\/wp\/v2\/categories?post=88979"},{"taxonomy":"post_tag","embeddable":true,"href":"https:\/\/www.indir.com\/haber\/wp-json\/wp\/v2\/tags?post=88979"}],"curies":[{"name":"wp","href":"https:\/\/api.w.org\/{rel}","templated":true}]}}