{"id":88962,"date":"2026-09-05T13:00:00","date_gmt":"2026-09-05T10:00:00","guid":{"rendered":"https:\/\/www.indir.com\/haber\/?p=88962"},"modified":"2026-09-04T11:37:14","modified_gmt":"2026-09-04T08:37:14","slug":"iphone-tuslarini-buyutmenin-kolay-yolu","status":"publish","type":"post","link":"https:\/\/www.indir.com\/haber\/iphone-tuslarini-buyutmenin-kolay-yolu\/","title":{"rendered":"iPhone Tu\u015flar\u0131n\u0131 B\u00fcy\u00fctmenin Kolay Yolu!\u00a0"},"content":{"rendered":"\n<p class=\"wp-block-paragraph\">iPhone klavye b\u00fcy\u00fctme nas\u0131l yap\u0131l\u0131r? Ekran yak\u0131nla\u015ft\u0131rma, metin puntosu ve yatay mod ile iPhone tu\u015flar\u0131n\u0131 b\u00fcy\u00fctme ad\u0131mlar\u0131 t\u00fcm detaylar\u0131yla burada.<\/p>\n\n\n\n<h2 class=\"wp-block-heading\">1. Y\u00f6ntem: Ekran Yak\u0131nla\u015ft\u0131rma (Ekran B\u00fcy\u00fctme) ile Klavyeyi B\u00fcy\u00fctme<\/h2>\n\n\n\n<p class=\"wp-block-paragraph\">Klavyenin fiziksel boyutunu ve tu\u015f alan\u0131n\u0131 tamamen b\u00fcy\u00fctmek isteyenler i\u00e7in en ideal \u00e7\u00f6z\u00fcm <strong>Ekran Yak\u0131nla\u015ft\u0131rma<\/strong> \u00f6zelli\u011fidir. Bu se\u00e7enek, ekrandaki bir\u00e7ok aray\u00fcz \u00f6\u011fesiyle birlikte klavyeyi de geni\u015fletir:<\/p>\n\n\n\n<ol class=\"wp-block-list\">\n<li><strong>Ayarlar<\/strong> uygulamas\u0131n\u0131 a\u00e7\u0131n.<\/li>\n\n\n\n<li><strong>Ekran ve Parlakl\u0131k<\/strong> b\u00f6l\u00fcm\u00fcne dokunun.<\/li>\n\n\n\n<li>Sayfan\u0131n alt k\u0131sm\u0131nda yer alan <strong>Ekran Yak\u0131nla\u015ft\u0131rma<\/strong> (baz\u0131 iOS s\u00fcr\u00fcmlerinde Ekran B\u00fcy\u00fctme) se\u00e7ene\u011fine girin.<\/li>\n\n\n\n<li><strong>Daha B\u00fcy\u00fck Metin \/ Daha B\u00fcy\u00fck G\u00f6r\u00fcn\u00fcm<\/strong> se\u00e7ene\u011fini i\u015faretleyin.<\/li>\n\n\n\n<li>Sa\u011f \u00fcstteki onay se\u00e7ene\u011fine dokunarak i\u015flemi tamamlay\u0131n.<\/li>\n<\/ol>\n\n\n\n<p class=\"wp-block-paragraph\"><em>Not: Bu ayar\u0131n ad\u0131 ve men\u00fcdeki konumu, kulland\u0131\u011f\u0131n\u0131z iOS s\u00fcr\u00fcm\u00fcne g\u00f6re ufak farkl\u0131l\u0131klar g\u00f6sterebilir.<\/em><\/p>\n\n\n\n<figure class=\"wp-block-image size-full\"><img loading=\"lazy\" decoding=\"async\" width=\"1127\" height=\"698\" src=\"http:\/\/www.indir.com\/haber\/wp-content\/uploads\/2026\/09\/person-holding-smartphone-landscape-typing-notes.webp\" alt=\"iPhone Tu\u015flar\u0131n\u0131 B\u00fcy\u00fctmenin Kolay Yolu!\u00a0\" class=\"wp-image-88965\" title=\"\"><\/figure>\n\n\n\n<h2 class=\"wp-block-heading\">2. Y\u00f6ntem: Metin Puntosunu Art\u0131rma (Yaz\u0131lar\u0131 B\u00fcy\u00fctme)<\/h2>\n\n\n\n<p class=\"wp-block-paragraph\">Klavyenin tu\u015f yap\u0131s\u0131n\u0131 de\u011fil, tu\u015flar\u0131n \u00fczerindeki ve ekrandaki harflerin g\u00f6r\u00fc\u015f netli\u011fini art\u0131rmak istiyorsan\u0131z metin boyutunu y\u00fckseltebilirsiniz:<\/p>\n\n\n\n<ol class=\"wp-block-list\">\n<li><strong>Ayarlar<\/strong> men\u00fcs\u00fcnden <strong>Ekran ve Parlakl\u0131k<\/strong> sekmesine gidin.<\/li>\n\n\n\n<li><strong>Metin Puntosu<\/strong> se\u00e7ene\u011fine t\u0131klay\u0131n.<\/li>\n\n\n\n<li>Altta a\u00e7\u0131lan s\u00fcrg\u00fc \u00e7ubu\u011funu sa\u011fa kayd\u0131rarak yaz\u0131 boyutunu diledi\u011finiz gibi b\u00fcy\u00fct\u00fcn.<\/li>\n<\/ol>\n\n\n\n<p class=\"wp-block-paragraph\">Bu ad\u0131m klavye \u00e7er\u00e7evesini fiziksel olarak geni\u015fletmez ancak tu\u015f \u00fcst\u00fc yaz\u0131lar\u0131n ve sistem metinlerinin okunabilirli\u011fini ciddi oranda art\u0131r\u0131r.<\/p>\n\n\n\n<h2 class=\"wp-block-heading\">3. Y\u00f6ntem: Cihaz\u0131 Yatay Konuma \u00c7evirme<\/h2>\n\n\n\n<p class=\"wp-block-paragraph\">Herhangi bir ayar\u0131 de\u011fi\u015ftirmeden anl\u0131k olarak daha geni\u015f tu\u015flarla yazmak istiyorsan\u0131z, desteklenen uygulamalarda (Mesajlar, Notlar, Safari, Mail vb.) iPhone&#8217;unuzu yatay konuma getirmeniz yeterlidir. Ekran yatay moda ge\u00e7ti\u011finde klavye otomatik olarak geni\u015fler ve iki elle yaz\u0131m\u0131 \u00e7ok daha pratik hale getirir.<\/p>\n\n\n\n<h2 class=\"wp-block-heading\">4. Y\u00f6ntem: \u00dc\u00e7\u00fcnc\u00fc Taraf Klavye Uygulamalar\u0131<\/h2>\n\n\n\n<p class=\"wp-block-paragraph\">App Store \u00fczerinde yer alan baz\u0131 \u00fc\u00e7\u00fcnc\u00fc taraf klavyeler, kullan\u0131c\u0131lara \u00f6zel boyutland\u0131rma, tema ve tu\u015f aral\u0131\u011f\u0131 ayarlar\u0131 sunar. Ancak bu t\u00fcr klavyeleri y\u00fcklerken geli\u015ftiricinin g\u00fcvenilirli\u011fine ve uygulaman\u0131n talep etti\u011fi tam eri\u015fim izinlerine dikkat etmek g\u00fcvenlik a\u00e7\u0131s\u0131ndan kritik \u00f6nem ta\u015f\u0131r.<\/p>\n","protected":false},"excerpt":{"rendered":"<p>iPhone klavye b\u00fcy\u00fctme nas\u0131l yap\u0131l\u0131r? Ekran yak\u0131nla\u015ft\u0131rma, metin puntosu ve yatay mod ile iPhone tu\u015flar\u0131n\u0131 b\u00fcy\u00fctme ad\u0131mlar\u0131 t\u00fcm detaylar\u0131yla burada. 1. Y\u00f6ntem: Ekran Yak\u0131nla\u015ft\u0131rma (Ekran B\u00fcy\u00fctme) ile Klavyeyi B\u00fcy\u00fctme Klavyenin fiziksel boyutunu ve tu\u015f alan\u0131n\u0131 tamamen b\u00fcy\u00fctmek isteyenler i\u00e7in en ideal \u00e7\u00f6z\u00fcm Ekran Yak\u0131nla\u015ft\u0131rma \u00f6zelli\u011fidir. Bu se\u00e7enek, ekrandaki bir\u00e7ok aray\u00fcz \u00f6\u011fesiyle birlikte klavyeyi de geni\u015fletir: [&hellip;]<\/p>\n","protected":false},"author":99,"featured_media":88966,"comment_status":"open","ping_status":"closed","sticky":false,"template":"","format":"standard","meta":{"footnotes":""},"categories":[1],"tags":[],"class_list":["post-88962","post","type-post","status-publish","format-standard","has-post-thumbnail","hentry","category-teknoloji"],"_links":{"self":[{"href":"https:\/\/www.indir.com\/haber\/wp-json\/wp\/v2\/posts\/88962","targetHints":{"allow":["GET"]}}],"collection":[{"href":"https:\/\/www.indir.com\/haber\/wp-json\/wp\/v2\/posts"}],"about":[{"href":"https:\/\/www.indir.com\/haber\/wp-json\/wp\/v2\/types\/post"}],"author":[{"embeddable":true,"href":"https:\/\/www.indir.com\/haber\/wp-json\/wp\/v2\/users\/99"}],"replies":[{"embeddable":true,"href":"https:\/\/www.indir.com\/haber\/wp-json\/wp\/v2\/comments?post=88962"}],"version-history":[{"count":1,"href":"https:\/\/www.indir.com\/haber\/wp-json\/wp\/v2\/posts\/88962\/revisions"}],"predecessor-version":[{"id":88967,"href":"https:\/\/www.indir.com\/haber\/wp-json\/wp\/v2\/posts\/88962\/revisions\/88967"}],"wp:featuredmedia":[{"embeddable":true,"href":"https:\/\/www.indir.com\/haber\/wp-json\/wp\/v2\/media\/88966"}],"wp:attachment":[{"href":"https:\/\/www.indir.com\/haber\/wp-json\/wp\/v2\/media?parent=88962"}],"wp:term":[{"taxonomy":"category","embeddable":true,"href":"https:\/\/www.indir.com\/haber\/wp-json\/wp\/v2\/categories?post=88962"},{"taxonomy":"post_tag","embeddable":true,"href":"https:\/\/www.indir.com\/haber\/wp-json\/wp\/v2\/tags?post=88962"}],"curies":[{"name":"wp","href":"https:\/\/api.w.org\/{rel}","templated":true}]}}