{"id":88944,"date":"2026-09-04T13:00:00","date_gmt":"2026-09-04T10:00:00","guid":{"rendered":"https:\/\/www.indir.com\/haber\/?p=88944"},"modified":"2026-09-04T10:48:00","modified_gmt":"2026-09-04T07:48:00","slug":"katlanabilir-iphone-ultra-detaylari-sizdi","status":"publish","type":"post","link":"https:\/\/www.indir.com\/haber\/katlanabilir-iphone-ultra-detaylari-sizdi\/","title":{"rendered":"Katlanabilir iPhone Ultra Detaylar\u0131 S\u0131zd\u0131!"},"content":{"rendered":"\n<p class=\"wp-block-paragraph\">Apple&#8217;\u0131n katlanabilir telefonu iPhone Ultra s\u0131zd\u0131! 7,8 in\u00e7 kat izsiz ekran\u0131, A20 Pro \u00e7ipi ve Touch ID d\u00f6n\u00fc\u015f\u00fcyle t\u00fcm detaylar haberimizde.<\/p>\n\n\n\n<h2 class=\"wp-block-heading\">Kat \u0130zi Olmayan Ekran ve Kompakt Tasar\u0131m<\/h2>\n\n\n\n<p class=\"wp-block-paragraph\">S\u0131zd\u0131r\u0131lan bilgilere g\u00f6re iPhone Ultra, hem a\u00e7\u0131k hem de kapal\u0131 konumda \u00fcst seviye bir ekran deneyimi vaat ediyor. Cihaz a\u00e7\u0131ld\u0131\u011f\u0131nda mini bir tablet konforu sunan 7,8 in\u00e7lik 120 Hz ProMotion OLED i\u00e7 ekran\u0131 ve katlanma b\u00f6lgesindeki k\u0131r\u0131\u015f\u0131ks\u0131z y\u00fczeyiyle \u00f6ne \u00e7\u0131karken; kapal\u0131 konumda tek elle rahat kullan\u0131m sa\u011flayan 5,5 in\u00e7lik kompakt d\u0131\u015f ekran\u0131 ile pratik bir kullan\u0131m sunuyor. Ayr\u0131ca Apple, kat izini tamamen ortadan kald\u0131rmak ve g\u00f6vde inceli\u011fini korumak amac\u0131yla s\u0131v\u0131 metal ala\u015f\u0131ml\u0131 \u00f6zel bir mente\u015fe sistemi kullan\u0131yor.<\/p>\n\n\n\n<figure class=\"wp-block-image size-full\"><img loading=\"lazy\" decoding=\"async\" width=\"1127\" height=\"698\" src=\"http:\/\/www.indir.com\/haber\/wp-content\/uploads\/2026\/09\/orange-foldable-iphone-concept-design.webp\" alt=\"Katlanabilir iPhone Ultra Detaylar\u0131 S\u0131zd\u0131!\" class=\"wp-image-88946\" title=\"\"><\/figure>\n\n\n\n<h2 class=\"wp-block-heading\">2 nm A20 Pro \u0130\u015flemci ve Touch ID Geri D\u00f6n\u00fcyor<\/h2>\n\n\n\n<p class=\"wp-block-paragraph\">Cihaz\u0131n g\u00f6vde inceli\u011fini koruyabilmesi ad\u0131na donan\u0131m ve g\u00fcvenlik taraf\u0131nda dikkat \u00e7eken stratejik tercihler yap\u0131ld\u0131. G\u00fcc\u00fcn\u00fc TSMC\u2019nin geli\u015fmi\u015f 2 nm \u00fcretim mimarisiyle geli\u015ftirilen A20 Pro yonga setinden alan iPhone Ultra, yapay zeka ve \u00e7oklu g\u00f6rev s\u00fcre\u00e7lerinde \u00fcst\u00fcn performans sunan 12 GB RAM ile destekleniyor. 256 GB\u2019tan ba\u015flay\u0131p 2 TB\u2019a kadar uzanan dahili depolama opsiyonlar\u0131 sunan cihaz, ultra ince tasar\u0131m\u0131 korumak amac\u0131yla Face ID yerine g\u00fc\u00e7 tu\u015funa entegre Touch ID parmak izi okuyucusuyla geliyor. Ayr\u0131ca, y\u00fcksek h\u0131zl\u0131 ve kararl\u0131 ba\u011flant\u0131 i\u00e7in Apple tasar\u0131m\u0131 yerli Apple C2 modem tercih edilmi\u015f.<\/p>\n\n\n\n<h2 class=\"wp-block-heading\">Kamera Dizilimi: \u00c7ift Arka Kamera ve Y\u00fcksek \u00c7\u00f6z\u00fcn\u00fcrl\u00fckl\u00fc \u00d6n Lens<\/h2>\n\n\n\n<p class=\"wp-block-paragraph\">iPhone Ultra&#8217;n\u0131n kamera adas\u0131 sadelik ve netli\u011fe odaklan\u0131yor. Cihaz, arka tarafta 48 MP ana geni\u015f a\u00e7\u0131 ve 48 MP ultra geni\u015f a\u00e7\u0131l\u0131 \u00e7ift kamera kurulumuna ev sahipli\u011fi yaparken; \u00f6n tarafta ise ekran i\u00e7i g\u00f6r\u00fcnt\u00fcl\u00fc g\u00f6r\u00fc\u015fmeler ve y\u00fcksek \u00e7\u00f6z\u00fcn\u00fcrl\u00fckl\u00fc \u00e7ekimler i\u00e7in optimize edilmi\u015f 24 MP selfie kameras\u0131 sunuyor.<\/p>\n","protected":false},"excerpt":{"rendered":"<p>Apple&#8217;\u0131n katlanabilir telefonu iPhone Ultra s\u0131zd\u0131! 7,8 in\u00e7 kat izsiz ekran\u0131, A20 Pro \u00e7ipi ve Touch ID d\u00f6n\u00fc\u015f\u00fcyle t\u00fcm detaylar haberimizde. Kat \u0130zi Olmayan Ekran ve Kompakt Tasar\u0131m S\u0131zd\u0131r\u0131lan bilgilere g\u00f6re iPhone Ultra, hem a\u00e7\u0131k hem de kapal\u0131 konumda \u00fcst seviye bir ekran deneyimi vaat ediyor. Cihaz a\u00e7\u0131ld\u0131\u011f\u0131nda mini bir tablet konforu sunan 7,8 in\u00e7lik [&hellip;]<\/p>\n","protected":false},"author":99,"featured_media":88947,"comment_status":"open","ping_status":"closed","sticky":false,"template":"","format":"standard","meta":{"footnotes":""},"categories":[1],"tags":[],"class_list":["post-88944","post","type-post","status-publish","format-standard","has-post-thumbnail","hentry","category-teknoloji"],"_links":{"self":[{"href":"https:\/\/www.indir.com\/haber\/wp-json\/wp\/v2\/posts\/88944","targetHints":{"allow":["GET"]}}],"collection":[{"href":"https:\/\/www.indir.com\/haber\/wp-json\/wp\/v2\/posts"}],"about":[{"href":"https:\/\/www.indir.com\/haber\/wp-json\/wp\/v2\/types\/post"}],"author":[{"embeddable":true,"href":"https:\/\/www.indir.com\/haber\/wp-json\/wp\/v2\/users\/99"}],"replies":[{"embeddable":true,"href":"https:\/\/www.indir.com\/haber\/wp-json\/wp\/v2\/comments?post=88944"}],"version-history":[{"count":1,"href":"https:\/\/www.indir.com\/haber\/wp-json\/wp\/v2\/posts\/88944\/revisions"}],"predecessor-version":[{"id":88949,"href":"https:\/\/www.indir.com\/haber\/wp-json\/wp\/v2\/posts\/88944\/revisions\/88949"}],"wp:featuredmedia":[{"embeddable":true,"href":"https:\/\/www.indir.com\/haber\/wp-json\/wp\/v2\/media\/88947"}],"wp:attachment":[{"href":"https:\/\/www.indir.com\/haber\/wp-json\/wp\/v2\/media?parent=88944"}],"wp:term":[{"taxonomy":"category","embeddable":true,"href":"https:\/\/www.indir.com\/haber\/wp-json\/wp\/v2\/categories?post=88944"},{"taxonomy":"post_tag","embeddable":true,"href":"https:\/\/www.indir.com\/haber\/wp-json\/wp\/v2\/tags?post=88944"}],"curies":[{"name":"wp","href":"https:\/\/api.w.org\/{rel}","templated":true}]}}