{"id":88934,"date":"2026-09-04T14:00:00","date_gmt":"2026-09-04T11:00:00","guid":{"rendered":"https:\/\/www.indir.com\/haber\/?p=88934"},"modified":"2026-09-04T10:08:06","modified_gmt":"2026-09-04T07:08:06","slug":"ios-27-ile-apple-takvim-bastan-asagi-yenileniyor","status":"publish","type":"post","link":"https:\/\/www.indir.com\/haber\/ios-27-ile-apple-takvim-bastan-asagi-yenileniyor\/","title":{"rendered":"iOS 27 ile Apple Takvim Ba\u015ftan A\u015fa\u011f\u0131 Yenileniyor"},"content":{"rendered":"\n<p class=\"wp-block-paragraph\">Apple, iOS 27 ile birlikte iPhone kullan\u0131c\u0131lar\u0131n\u0131n g\u00fcnl\u00fck hayat\u0131nda s\u0131k kulland\u0131\u011f\u0131 uygulamalardan Takvim&#8217;i de yeniliyor. Uzun s\u00fcredir b\u00fcy\u00fck \u00e7apl\u0131 tasar\u0131m de\u011fi\u015fiklikleri almayan uygulama, yeni s\u00fcr\u00fcmle birlikte daha modern ve i\u015flevsel bir aray\u00fcze kavu\u015fuyor.<\/p>\n\n\n\n<p class=\"wp-block-paragraph\">iOS 27 kapsam\u0131nda Takvim uygulamas\u0131nda \u00f6zellikle etkinlik detaylar\u0131, etkinlik olu\u015fturma ve d\u00fczenleme ekranlar\u0131 \u00f6ne \u00e7\u0131k\u0131yor. Apple&#8217;\u0131n yapt\u0131\u011f\u0131 de\u011fi\u015fikliklerle kullan\u0131c\u0131lar\u0131n takvim bilgilerine daha h\u0131zl\u0131 ula\u015fmas\u0131 ve etkinliklerini daha kolay y\u00f6netmesi hedefleniyor.<\/p>\n\n\n\n<h2 class=\"wp-block-heading\">Etkinlik Detaylar\u0131 Daha D\u00fczenli Hale Geliyor<\/h2>\n\n\n\n<p class=\"wp-block-paragraph\">Takvim uygulamas\u0131ndaki en dikkat \u00e7ekici de\u011fi\u015fikliklerden biri etkinlik detaylar\u0131 ekran\u0131nda g\u00f6r\u00fcl\u00fcyor. Apple, mevcut aray\u00fczdeki bilgileri yeniden d\u00fczenleyerek kullan\u0131c\u0131lar\u0131n ihtiya\u00e7 duydu\u011fu detaylara tek bir ekran \u00fczerinden daha kolay ula\u015fmas\u0131n\u0131 sa\u011fl\u0131yor.<\/p>\n\n\n\n<p class=\"wp-block-paragraph\">Yeni tasar\u0131mda g\u00f6rsel ikonlar\u0131n daha fazla kullan\u0131lmas\u0131 da dikkat \u00e7ekiyor. Bu sayede tarih, saat, konum ve di\u011fer etkinlik bilgileri daha kolay ay\u0131rt edilebiliyor.<\/p>\n\n\n\n<p class=\"wp-block-paragraph\">Apple&#8217;\u0131n yakla\u015f\u0131m\u0131, Takvim uygulamas\u0131n\u0131 ba\u015ftan farkl\u0131 bir uygulamaya d\u00f6n\u00fc\u015ft\u00fcrmekten ziyade mevcut yap\u0131y\u0131 daha modern ve kullan\u0131\u015fl\u0131 hale getirmek \u00fczerine kuruluyor.<\/p>\n\n\n\n<figure class=\"wp-block-image size-full\"><img loading=\"lazy\" decoding=\"async\" width=\"768\" height=\"768\" src=\"http:\/\/www.indir.com\/haber\/wp-content\/uploads\/2026\/09\/ios-calendar-app-event-reminder-ui.webp\" alt=\"Etkinlik Olu\u015fturmak ve D\u00fczenlemek Kolayla\u015f\u0131yorEtkinlik Olu\u015fturmak ve D\u00fczenlemek Kolayla\u015f\u0131yor\" class=\"wp-image-88938\" title=\"\"><\/figure>\n\n\n\n<h2 class=\"wp-block-heading\">Etkinlik Olu\u015fturmak ve D\u00fczenlemek Kolayla\u015f\u0131yor<\/h2>\n\n\n\n<p class=\"wp-block-paragraph\">Yenilikler yaln\u0131zca etkinlikleri g\u00f6r\u00fcnt\u00fcleme ekran\u0131yla s\u0131n\u0131rl\u0131 de\u011fil. Kullan\u0131c\u0131lar\u0131n yeni etkinlik olu\u015fturdu\u011fu ve mevcut etkinlikleri d\u00fczenledi\u011fi b\u00f6l\u00fcmlerde de \u00f6nemli aray\u00fcz de\u011fi\u015fiklikleri bulunuyor.<\/p>\n\n\n\n<p class=\"wp-block-paragraph\">Yeni d\u00fczen sayesinde etkinli\u011fe ait farkl\u0131 se\u00e7eneklerin daha anla\u015f\u0131l\u0131r bir \u015fekilde sunulmas\u0131 ama\u00e7lan\u0131yor. Bilgilerin daha d\u00fczenli grupland\u0131r\u0131lmas\u0131, \u00f6zellikle \u00e7ok say\u0131da ayr\u0131nt\u0131 i\u00e7eren etkinliklerin haz\u0131rlanmas\u0131n\u0131 kolayla\u015ft\u0131r\u0131yor.<\/p>\n\n\n\n<p class=\"wp-block-paragraph\">Ba\u015fl\u0131klar ve ikonlarla desteklenen yeni yap\u0131, kullan\u0131c\u0131lar\u0131n arad\u0131klar\u0131 ayar\u0131 daha h\u0131zl\u0131 bulmas\u0131na yard\u0131mc\u0131 oluyor. B\u00f6ylece etkinlik olu\u015fturma veya d\u00fczenleme s\u00fcrecinde gereksiz men\u00fcler aras\u0131nda dola\u015fma ihtiyac\u0131 azalt\u0131l\u0131yor.<\/p>\n\n\n\n<h2 class=\"wp-block-heading\">Liquid Glass Tasar\u0131m\u0131 Takvim&#8217;e de Yans\u0131yor<\/h2>\n\n\n\n<p class=\"wp-block-paragraph\">Apple&#8217;\u0131n iOS 27 genelinde uygulad\u0131\u011f\u0131 Liquid Glass tasar\u0131m anlay\u0131\u015f\u0131 da Takvim uygulamas\u0131ndaki yeniliklerin \u00f6nemli bir par\u00e7as\u0131 olarak \u00f6ne \u00e7\u0131k\u0131yor.<\/p>\n\n\n\n<p class=\"wp-block-paragraph\">Yeni tasar\u0131m dili, Takvim&#8217;in di\u011fer iOS uygulamalar\u0131yla daha tutarl\u0131 bir g\u00f6r\u00fcn\u00fcme kavu\u015fmas\u0131n\u0131 sa\u011fl\u0131yor. Apple b\u00f6ylece yaln\u0131zca belirli ekranlar\u0131 yenilemekle kalm\u0131yor, uygulaman\u0131n i\u015fletim sisteminin genel tasar\u0131m anlay\u0131\u015f\u0131yla daha uyumlu hale gelmesini hedefliyor.<\/p>\n\n\n\n<p class=\"wp-block-paragraph\">Takvim, Apple&#8217;\u0131n uzun s\u00fcredir b\u00fcy\u00fck de\u011fi\u015fiklikler yapmad\u0131\u011f\u0131 uygulamalardan biri olarak biliniyordu. iOS 27 ile gelen yenilikler ise \u015firketin bu uygulamaya daha fazla odakland\u0131\u011f\u0131n\u0131 g\u00f6steriyor.<\/p>\n\n\n\n<figure class=\"wp-block-image size-full\"><img loading=\"lazy\" decoding=\"async\" width=\"1000\" height=\"1000\" src=\"http:\/\/www.indir.com\/haber\/wp-content\/uploads\/2026\/09\/bay-lake-tower-disney-contemporary-resort-calendar-event.webp\" alt=\"Apple Takvim Kullan\u0131m Deneyimini \u0130yile\u015ftirecek\" class=\"wp-image-88939\" title=\"\"><\/figure>\n\n\n\n<h2 class=\"wp-block-heading\">Apple Takvim Kullan\u0131m Deneyimini \u0130yile\u015ftirecek<\/h2>\n\n\n\n<p class=\"wp-block-paragraph\">Yeni aray\u00fczle birlikte Takvim&#8217;in temel kullan\u0131m mant\u0131\u011f\u0131 de\u011fi\u015fmiyor. Ancak bilgilerin ekranda konumland\u0131r\u0131lmas\u0131, ikonlar\u0131n kullan\u0131m\u0131 ve d\u00fczenleme ekranlar\u0131n\u0131n yenilenmesi uygulaman\u0131n g\u00fcnl\u00fck kullan\u0131m\u0131n\u0131 daha pratik hale getirebilir.<\/p>\n\n\n\n<p class=\"wp-block-paragraph\">\u00d6zellikle yo\u011fun \u015fekilde toplant\u0131, randevu ve etkinlik takibi yapan kullan\u0131c\u0131lar i\u00e7in daha d\u00fczenli bir aray\u00fcz \u00f6nemli bir avantaj sa\u011flayabilir.<\/p>\n\n\n\n<p class=\"wp-block-paragraph\">Apple&#8217;\u0131n iOS 27 kapsam\u0131nda Takvim&#8217;e yapt\u0131\u011f\u0131 bu dokunu\u015flar, k\u00fc\u00e7\u00fck g\u00f6r\u00fcnse de uygulaman\u0131n genel kullan\u0131m deneyimini \u00f6nemli \u00f6l\u00e7\u00fcde de\u011fi\u015ftirecek gibi g\u00f6r\u00fcn\u00fcyor. \u015eirketin Notlar ve An\u0131msat\u0131c\u0131lar gibi di\u011fer temel uygulamalarda yapt\u0131\u011f\u0131 yeniliklerle birlikte d\u00fc\u015f\u00fcn\u00fcld\u00fc\u011f\u00fcnde, iOS 27&#8217;nin Apple&#8217;\u0131n yerle\u015fik uygulamalar\u0131n\u0131 modernize etti\u011fi bir s\u00fcr\u00fcm oldu\u011fu s\u00f6ylenebilir.<\/p>\n","protected":false},"excerpt":{"rendered":"<p>Apple, iOS 27 ile birlikte iPhone kullan\u0131c\u0131lar\u0131n\u0131n g\u00fcnl\u00fck hayat\u0131nda s\u0131k kulland\u0131\u011f\u0131 uygulamalardan Takvim&#8217;i de yeniliyor. Uzun s\u00fcredir b\u00fcy\u00fck \u00e7apl\u0131 tasar\u0131m de\u011fi\u015fiklikleri almayan uygulama, yeni s\u00fcr\u00fcmle birlikte daha modern ve i\u015flevsel bir aray\u00fcze kavu\u015fuyor. iOS 27 kapsam\u0131nda Takvim uygulamas\u0131nda \u00f6zellikle etkinlik detaylar\u0131, etkinlik olu\u015fturma ve d\u00fczenleme ekranlar\u0131 \u00f6ne \u00e7\u0131k\u0131yor. Apple&#8217;\u0131n yapt\u0131\u011f\u0131 de\u011fi\u015fikliklerle kullan\u0131c\u0131lar\u0131n takvim bilgilerine daha [&hellip;]<\/p>\n","protected":false},"author":97,"featured_media":88937,"comment_status":"open","ping_status":"closed","sticky":false,"template":"","format":"standard","meta":{"footnotes":""},"categories":[61,1,48],"tags":[104,12143,12343],"class_list":["post-88934","post","type-post","status-publish","format-standard","has-post-thumbnail","hentry","category-ios","category-teknoloji","category-yazilim","tag-apple","tag-ios27","tag-takvim"],"_links":{"self":[{"href":"https:\/\/www.indir.com\/haber\/wp-json\/wp\/v2\/posts\/88934","targetHints":{"allow":["GET"]}}],"collection":[{"href":"https:\/\/www.indir.com\/haber\/wp-json\/wp\/v2\/posts"}],"about":[{"href":"https:\/\/www.indir.com\/haber\/wp-json\/wp\/v2\/types\/post"}],"author":[{"embeddable":true,"href":"https:\/\/www.indir.com\/haber\/wp-json\/wp\/v2\/users\/97"}],"replies":[{"embeddable":true,"href":"https:\/\/www.indir.com\/haber\/wp-json\/wp\/v2\/comments?post=88934"}],"version-history":[{"count":1,"href":"https:\/\/www.indir.com\/haber\/wp-json\/wp\/v2\/posts\/88934\/revisions"}],"predecessor-version":[{"id":88940,"href":"https:\/\/www.indir.com\/haber\/wp-json\/wp\/v2\/posts\/88934\/revisions\/88940"}],"wp:featuredmedia":[{"embeddable":true,"href":"https:\/\/www.indir.com\/haber\/wp-json\/wp\/v2\/media\/88937"}],"wp:attachment":[{"href":"https:\/\/www.indir.com\/haber\/wp-json\/wp\/v2\/media?parent=88934"}],"wp:term":[{"taxonomy":"category","embeddable":true,"href":"https:\/\/www.indir.com\/haber\/wp-json\/wp\/v2\/categories?post=88934"},{"taxonomy":"post_tag","embeddable":true,"href":"https:\/\/www.indir.com\/haber\/wp-json\/wp\/v2\/tags?post=88934"}],"curies":[{"name":"wp","href":"https:\/\/api.w.org\/{rel}","templated":true}]}}