{"id":88933,"date":"2026-09-04T11:00:00","date_gmt":"2026-09-04T08:00:00","guid":{"rendered":"https:\/\/www.indir.com\/haber\/?p=88933"},"modified":"2026-09-04T09:58:30","modified_gmt":"2026-09-04T06:58:30","slug":"appledan-katlanabilir-macbook-karari","status":"publish","type":"post","link":"https:\/\/www.indir.com\/haber\/appledan-katlanabilir-macbook-karari\/","title":{"rendered":"Apple\u2019dan Katlanabilir MacBook Karar\u0131"},"content":{"rendered":"\n<p class=\"wp-block-paragraph\">Apple\u2019\u0131n uzun s\u00fcredir teknoloji d\u00fcnyas\u0131n\u0131n g\u00fcndeminde olan katlanabilir MacBook plan\u0131yla ilgili yeni bir iddia ortaya at\u0131ld\u0131. \u015eirketin \u00fcr\u00fcn yol haritas\u0131n\u0131 yeniden d\u00fczenledi\u011fi ve geli\u015ftirme a\u015famas\u0131ndaki baz\u0131 cihazlardan vazge\u00e7ti\u011fi \u00f6ne s\u00fcr\u00fcld\u00fc. \u0130ddialara g\u00f6re Apple, hem b\u00fcy\u00fck ekranl\u0131 katlanabilir cihaz\u0131n\u0131 hem de belirli OLED MacBook Pro modellerini rafa kald\u0131rd\u0131.<\/p>\n\n\n\n<p class=\"wp-block-paragraph\">Sekt\u00f6r ara\u015ft\u0131rma kurulu\u015fu Omdia taraf\u0131ndan haz\u0131rlanan yeni rapor, Apple\u2019\u0131n gelecekteki MacBook stratejisinde \u00f6nemli de\u011fi\u015fiklikler yapt\u0131\u011f\u0131n\u0131 g\u00f6steriyor. Rapora g\u00f6re \u015firket, ekran\u0131 16,1 ila 18 in\u00e7 aras\u0131nda olmas\u0131 beklenen katlanabilir cihaz \u00fczerindeki \u00e7al\u0131\u015fmalar\u0131n\u0131 durdurdu.<\/p>\n\n\n\n<p class=\"wp-block-paragraph\">S\u00f6z konusu \u00fcr\u00fcn\u00fcn ilk etapta 2026 y\u0131l\u0131nda \u00fcretime girmesi bekleniyordu. Ancak cihaz\u0131n geli\u015ftirme takvimi daha \u00f6nce ertelenmi\u015fti. \u00dcr\u00fcn\u00fcn, katland\u0131\u011f\u0131nda ta\u015f\u0131nabilir bir bilgisayar formuna yakla\u015fmas\u0131 ve a\u00e7\u0131ld\u0131\u011f\u0131nda \u00e7ok daha geni\u015f bir ekran alan\u0131 sunmas\u0131 planlan\u0131yordu. Baz\u0131 de\u011ferlendirmelerde ise cihaz\u0131n MacBook yerine b\u00fcy\u00fck ekranl\u0131 bir iPad olarak konumland\u0131r\u0131labilece\u011fi belirtiliyordu.<\/p>\n\n\n\n<h2 class=\"wp-block-heading\">OLED MacBook Pro Plan\u0131nda da De\u011fi\u015fiklik<\/h2>\n\n\n\n<p class=\"wp-block-paragraph\">Apple\u2019\u0131n vazge\u00e7ti\u011fi tek \u00fcr\u00fcn\u00fcn katlanabilir model olmad\u0131\u011f\u0131 belirtiliyor. \u015eirketin 14,4 ila 16,1 in\u00e7 ekran aral\u0131\u011f\u0131nda OLED panele sahip olmas\u0131 planlanan MacBook Pro modellerini de iptal etti\u011fi iddia edildi.<\/p>\n\n\n\n<p class=\"wp-block-paragraph\">Bu modellerin, mevcut MacBook Pro ailesi ile gelecekteki katlanabilir cihazlar aras\u0131nda yeni bir \u00fcr\u00fcn segmenti olu\u015fturmas\u0131 bekleniyordu. Ancak yap\u0131lan de\u011fi\u015fikliklerle birlikte Apple\u2019\u0131n MacBook \u00fcr\u00fcn gam\u0131ndaki ekran boyutlar\u0131 yeniden \u015fekillenecek.<\/p>\n\n\n\n<p class=\"wp-block-paragraph\">Buna ra\u011fmen \u015firketin OLED teknolojisinden vazge\u00e7ti\u011fi d\u00fc\u015f\u00fcn\u00fclm\u00fcyor. Apple\u2019\u0131n as\u0131l plan\u0131, OLED ekran\u0131 hangi modellerde kullanaca\u011f\u0131n\u0131 ve tercih edece\u011fi panel teknolojisini yeniden belirlemek \u00fczerine kuruluyor.<\/p>\n\n\n\n<h2 class=\"wp-block-heading\">13,8 \u0130n\u00e7lik Yeni MacBook Geliyor<\/h2>\n\n\n\n<p class=\"wp-block-paragraph\">De\u011fi\u015fen \u00fcr\u00fcn plan\u0131n\u0131n dikkat \u00e7eken detaylar\u0131ndan biri ise 13,8 in\u00e7 ekranl\u0131 yeni bir MacBook \u00fczerinde \u00e7al\u0131\u015f\u0131ld\u0131\u011f\u0131 iddias\u0131. Bu modelin, LCD ekran kullanan MacBook Air ile OLED panelli MacBook Pro aras\u0131nda konumland\u0131r\u0131lmas\u0131 bekleniyor.<\/p>\n\n\n\n<p class=\"wp-block-paragraph\">Yeni cihazda daha geli\u015fmi\u015f ekran teknolojilerinin kullan\u0131lmas\u0131 g\u00fcndemde. LTPO+ arka panel, ekran alt\u0131 kamera ve renk filtresi kaps\u00fclleme gibi \u00f6zelliklerin bu modelde yer alabilece\u011fi belirtiliyor. B\u00f6ylece Apple\u2019\u0131n daha uygun bir segmentte OLED deneyimi sunmas\u0131 hedefleniyor.<\/p>\n\n\n\n<h2 class=\"wp-block-heading\">OLED ve Mini-LED Birlikte Kullan\u0131lacak<\/h2>\n\n\n\n<p class=\"wp-block-paragraph\">Apple\u2019\u0131n \u00fcst segmentteki MacBook Pro planlar\u0131n\u0131n ise tamamen ortadan kalkmad\u0131\u011f\u0131 ifade ediliyor. 14,3 ve 16,3 in\u00e7 ekran boyutlar\u0131na sahip OLED MacBook Pro modellerinin 2026\u2019n\u0131n ikinci yar\u0131s\u0131nda veya 2027\u2019nin ilk d\u00f6neminde tan\u0131t\u0131lmas\u0131 bekleniyor.<\/p>\n\n\n\n<p class=\"wp-block-paragraph\"> OLED MacBook Pro modellerinin piyasaya \u00e7\u0131kmas\u0131, mevcut mini-LED modellerinin hemen sat\u0131\u015ftan kald\u0131r\u0131laca\u011f\u0131 anlam\u0131na gelmiyor. Omdia\u2019n\u0131n de\u011ferlendirmesine g\u00f6re Apple, iki farkl\u0131 ekran teknolojisini bir s\u00fcre ayn\u0131 \u00fcr\u00fcn gam\u0131nda sunabilir.<\/p>\n\n\n\n<p class=\"wp-block-paragraph\">Mini-LED panelli MacBook Pro modellerinin en az 2028 y\u0131l\u0131na kadar sat\u0131\u015fta kalmas\u0131 beklenirken, Apple\u2019\u0131n yeni d\u00f6nemde OLED teknolojisini kademeli olarak yayg\u0131nla\u015ft\u0131raca\u011f\u0131 \u00f6ng\u00f6r\u00fcl\u00fcyor. B\u00f6ylece \u015firket, hem yeni nesil ekran teknolojisine ge\u00e7i\u015f yapacak hem de mevcut MacBook Pro kullan\u0131c\u0131lar\u0131na y\u00f6nelik \u00fcr\u00fcnlerini bir s\u00fcre daha koruyacak.<\/p>\n","protected":false},"excerpt":{"rendered":"<p>Apple\u2019\u0131n uzun s\u00fcredir teknoloji d\u00fcnyas\u0131n\u0131n g\u00fcndeminde olan katlanabilir MacBook plan\u0131yla ilgili yeni bir iddia ortaya at\u0131ld\u0131. \u015eirketin \u00fcr\u00fcn yol haritas\u0131n\u0131 yeniden d\u00fczenledi\u011fi ve geli\u015ftirme a\u015famas\u0131ndaki baz\u0131 cihazlardan vazge\u00e7ti\u011fi \u00f6ne s\u00fcr\u00fcld\u00fc. \u0130ddialara g\u00f6re Apple, hem b\u00fcy\u00fck ekranl\u0131 katlanabilir cihaz\u0131n\u0131 hem de belirli OLED MacBook Pro modellerini rafa kald\u0131rd\u0131. Sekt\u00f6r ara\u015ft\u0131rma kurulu\u015fu Omdia taraf\u0131ndan haz\u0131rlanan yeni rapor, [&hellip;]<\/p>\n","protected":false},"author":95,"featured_media":88935,"comment_status":"open","ping_status":"closed","sticky":false,"template":"","format":"standard","meta":{"footnotes":""},"categories":[54,1],"tags":[104],"class_list":["post-88933","post","type-post","status-publish","format-standard","has-post-thumbnail","hentry","category-internet","category-teknoloji","tag-apple"],"_links":{"self":[{"href":"https:\/\/www.indir.com\/haber\/wp-json\/wp\/v2\/posts\/88933","targetHints":{"allow":["GET"]}}],"collection":[{"href":"https:\/\/www.indir.com\/haber\/wp-json\/wp\/v2\/posts"}],"about":[{"href":"https:\/\/www.indir.com\/haber\/wp-json\/wp\/v2\/types\/post"}],"author":[{"embeddable":true,"href":"https:\/\/www.indir.com\/haber\/wp-json\/wp\/v2\/users\/95"}],"replies":[{"embeddable":true,"href":"https:\/\/www.indir.com\/haber\/wp-json\/wp\/v2\/comments?post=88933"}],"version-history":[{"count":1,"href":"https:\/\/www.indir.com\/haber\/wp-json\/wp\/v2\/posts\/88933\/revisions"}],"predecessor-version":[{"id":88936,"href":"https:\/\/www.indir.com\/haber\/wp-json\/wp\/v2\/posts\/88933\/revisions\/88936"}],"wp:featuredmedia":[{"embeddable":true,"href":"https:\/\/www.indir.com\/haber\/wp-json\/wp\/v2\/media\/88935"}],"wp:attachment":[{"href":"https:\/\/www.indir.com\/haber\/wp-json\/wp\/v2\/media?parent=88933"}],"wp:term":[{"taxonomy":"category","embeddable":true,"href":"https:\/\/www.indir.com\/haber\/wp-json\/wp\/v2\/categories?post=88933"},{"taxonomy":"post_tag","embeddable":true,"href":"https:\/\/www.indir.com\/haber\/wp-json\/wp\/v2\/tags?post=88933"}],"curies":[{"name":"wp","href":"https:\/\/api.w.org\/{rel}","templated":true}]}}