{"id":88906,"date":"2026-09-03T13:30:00","date_gmt":"2026-09-03T10:30:00","guid":{"rendered":"https:\/\/www.indir.com\/haber\/?p=88906"},"modified":"2026-09-03T11:32:40","modified_gmt":"2026-09-03T08:32:40","slug":"appledan-iki-iphone-icin-tek-hat-mujdesi","status":"publish","type":"post","link":"https:\/\/www.indir.com\/haber\/appledan-iki-iphone-icin-tek-hat-mujdesi\/","title":{"rendered":"Apple&#8217;dan \u0130ki iPhone \u0130\u00e7in Tek Hat M\u00fcjdesi!\u00a0"},"content":{"rendered":"\n<p class=\"wp-block-paragraph\">Apple, iOS 27 ile ayn\u0131 telefon hatt\u0131n\u0131 iki farkl\u0131 iPhone&#8217;da e\u015fzamanl\u0131 kullanma imkan\u0131 sunmaya haz\u0131rlan\u0131yor.<\/p>\n\n\n\n<h2 class=\"wp-block-heading\">Tek Numara, \u0130ki Ayr\u0131 iPhone: Senkronize \u0130leti\u015fim<\/h2>\n\n\n\n<p class=\"wp-block-paragraph\">Yeni sistem, Apple ekosisteminin mevcut Continuity (S\u00fcreklilik) altyap\u0131s\u0131n\u0131 bir ad\u0131m \u00f6teye ta\u015f\u0131yarak do\u011frudan h\u00fccresel \u015febeke seviyesinde entegrasyon sunacak:<\/p>\n\n\n\n<figure class=\"wp-block-image size-full\"><img loading=\"lazy\" decoding=\"async\" width=\"1127\" height=\"698\" src=\"http:\/\/www.indir.com\/haber\/wp-content\/uploads\/2026\/09\/iphone-cellular-settings-handoff-esim-setup.webp\" alt=\"Apple&#039;dan \u0130ki iPhone \u0130\u00e7in Tek Hat M\u00fcjdesi!\u00a0\" class=\"wp-image-88907\" title=\"\"><\/figure>\n\n\n\n<ul class=\"wp-block-list\">\n<li><strong>E\u015fzamanl\u0131 \u00c7a\u011fr\u0131 ve SMS:<\/strong> Bir numaraya gelen geleneksel sesli aramalar ve SMS\/MMS mesajlar\u0131, ana cihaz\u0131n a\u00e7\u0131k veya yak\u0131nda olmas\u0131na gerek kalmadan ikincil iPhone&#8217;a da an\u0131nda iletilebilecek.<\/li>\n\n\n\n<li><strong>Ba\u011f\u0131ms\u0131z H\u00fccresel Ba\u011flant\u0131:<\/strong> \u0130kincil telefon, ana cihaz kapal\u0131yken dahi kendi h\u00fccresel verisi \u00fczerinden hatt\u0131 kullanmaya devam edebilecek.<\/li>\n\n\n\n<li><strong>Operat\u00f6r Deste\u011fi ve eSIM:<\/strong> Sistemin Apple Watch modellerinde kullan\u0131lan numaraland\u0131rma payla\u015f\u0131m\u0131 mant\u0131\u011f\u0131na benzer \u015fekilde, operat\u00f6rlerin sunaca\u011f\u0131 \u00e7oklu cihaz eSIM protokolleriyle entegre \u00e7al\u0131\u015fmas\u0131 bekleniyor.<\/li>\n<\/ul>\n\n\n\n<h2 class=\"wp-block-heading\">\u0130\u015f ve \u00d6zel Ya\u015fam Ayr\u0131m\u0131 Art\u0131k Daha Kolay<\/h2>\n\n\n\n<p class=\"wp-block-paragraph\">G\u00fcn\u00fcm\u00fczde hem i\u015f hem de ki\u015fisel ama\u00e7la iki ayr\u0131 iPhone ta\u015f\u0131mak zorunda kalan veya kompakt bir modelin yan\u0131nda b\u00fcy\u00fck ekranl\u0131 bir cihaz kullanan ki\u015filer, hat ta\u015f\u0131ma ya da y\u00f6nlendirme derdi olmadan her iki telefondan da ana numaralar\u0131n\u0131 y\u00f6netebilecek.<\/p>\n","protected":false},"excerpt":{"rendered":"<p>Apple, iOS 27 ile ayn\u0131 telefon hatt\u0131n\u0131 iki farkl\u0131 iPhone&#8217;da e\u015fzamanl\u0131 kullanma imkan\u0131 sunmaya haz\u0131rlan\u0131yor. Tek Numara, \u0130ki Ayr\u0131 iPhone: Senkronize \u0130leti\u015fim Yeni sistem, Apple ekosisteminin mevcut Continuity (S\u00fcreklilik) altyap\u0131s\u0131n\u0131 bir ad\u0131m \u00f6teye ta\u015f\u0131yarak do\u011frudan h\u00fccresel \u015febeke seviyesinde entegrasyon sunacak: \u0130\u015f ve \u00d6zel Ya\u015fam Ayr\u0131m\u0131 Art\u0131k Daha Kolay G\u00fcn\u00fcm\u00fczde hem i\u015f hem de ki\u015fisel ama\u00e7la [&hellip;]<\/p>\n","protected":false},"author":99,"featured_media":88908,"comment_status":"open","ping_status":"closed","sticky":false,"template":"","format":"standard","meta":{"footnotes":""},"categories":[1],"tags":[],"class_list":["post-88906","post","type-post","status-publish","format-standard","has-post-thumbnail","hentry","category-teknoloji"],"_links":{"self":[{"href":"https:\/\/www.indir.com\/haber\/wp-json\/wp\/v2\/posts\/88906","targetHints":{"allow":["GET"]}}],"collection":[{"href":"https:\/\/www.indir.com\/haber\/wp-json\/wp\/v2\/posts"}],"about":[{"href":"https:\/\/www.indir.com\/haber\/wp-json\/wp\/v2\/types\/post"}],"author":[{"embeddable":true,"href":"https:\/\/www.indir.com\/haber\/wp-json\/wp\/v2\/users\/99"}],"replies":[{"embeddable":true,"href":"https:\/\/www.indir.com\/haber\/wp-json\/wp\/v2\/comments?post=88906"}],"version-history":[{"count":1,"href":"https:\/\/www.indir.com\/haber\/wp-json\/wp\/v2\/posts\/88906\/revisions"}],"predecessor-version":[{"id":88909,"href":"https:\/\/www.indir.com\/haber\/wp-json\/wp\/v2\/posts\/88906\/revisions\/88909"}],"wp:featuredmedia":[{"embeddable":true,"href":"https:\/\/www.indir.com\/haber\/wp-json\/wp\/v2\/media\/88908"}],"wp:attachment":[{"href":"https:\/\/www.indir.com\/haber\/wp-json\/wp\/v2\/media?parent=88906"}],"wp:term":[{"taxonomy":"category","embeddable":true,"href":"https:\/\/www.indir.com\/haber\/wp-json\/wp\/v2\/categories?post=88906"},{"taxonomy":"post_tag","embeddable":true,"href":"https:\/\/www.indir.com\/haber\/wp-json\/wp\/v2\/tags?post=88906"}],"curies":[{"name":"wp","href":"https:\/\/api.w.org\/{rel}","templated":true}]}}