{"id":88903,"date":"2026-09-03T12:30:00","date_gmt":"2026-09-03T09:30:00","guid":{"rendered":"https:\/\/www.indir.com\/haber\/?p=88903"},"modified":"2026-09-03T11:05:08","modified_gmt":"2026-09-03T08:05:08","slug":"trump-telif-davalarinda-openaiin-yaninda","status":"publish","type":"post","link":"https:\/\/www.indir.com\/haber\/trump-telif-davalarinda-openaiin-yaninda\/","title":{"rendered":"Trump Telif Davalar\u0131nda OpenAI\u2019\u0131n Yan\u0131nda"},"content":{"rendered":"\n<p class=\"wp-block-paragraph\">ABD\u2019de yapay zeka \u015firketleri ile medya kurulu\u015flar\u0131 aras\u0131ndaki telif hakk\u0131 m\u00fccadelesinde dikkat \u00e7eken bir geli\u015fme ya\u015fand\u0131. Trump y\u00f6netimi, OpenAI\u2019\u0131n yapay zeka modellerini e\u011fitirken yay\u0131nc\u0131lar\u0131n i\u00e7eriklerinden yararlanmas\u0131n\u0131n adil kullan\u0131m kapsam\u0131nda de\u011ferlendirilebilece\u011fini savundu.<\/p>\n\n\n\n<p class=\"wp-block-paragraph\">ABD h\u00fck\u00fcmeti, New York G\u00fcney B\u00f6lgesi ABD B\u00f6lge Mahkemesi\u2019ne sundu\u011fu g\u00f6r\u00fc\u015fte OpenAI\u2019\u0131n taraf\u0131ndaki yakla\u015f\u0131m\u0131 destekledi. S\u00f6z konusu s\u00fcre\u00e7te The New York Times ve Ziff Davis gibi b\u00fcy\u00fck yay\u0131nc\u0131lar\u0131n a\u00e7t\u0131\u011f\u0131 telif davalar\u0131 bulunuyor.<\/p>\n\n\n\n<p class=\"wp-block-paragraph\">H\u00fck\u00fcmete g\u00f6re yay\u0131nc\u0131lar\u0131n lehine \u00e7\u0131kabilecek geni\u015f kapsaml\u0131 bir karar, yaln\u0131zca OpenAI gibi \u015firketleri de\u011fil, ABD\u2019nin yapay zeka sekt\u00f6r\u00fcndeki geli\u015fimini ve k\u00fcresel rekabet g\u00fcc\u00fcn\u00fc de olumsuz etkileyebilir.<\/p>\n\n\n\n<h2 class=\"wp-block-heading\">\u201cYapay Zeka Geli\u015fimi Engellenmemeli\u201d<\/h2>\n\n\n\n<p class=\"wp-block-paragraph\">Trump y\u00f6netiminin mahkemeye sundu\u011fu belgelerde, yapay zeka sekt\u00f6r\u00fcn\u00fcn geli\u015fimini ciddi bi\u00e7imde s\u0131n\u0131rland\u0131rabilecek d\u00fczenlemelerin ABD a\u00e7\u0131s\u0131ndan stratejik risk olu\u015fturabilece\u011fi belirtildi.<\/p>\n\n\n\n<p class=\"wp-block-paragraph\">H\u00fck\u00fcmet ayr\u0131ca, b\u00fcy\u00fck medya \u015firketlerinin i\u00e7erik lisanslar\u0131 \u00fczerinden yapay zeka firmalar\u0131na y\u00fcksek maliyetler getirmesinin sekt\u00f6rde belirli \u015firketlerin hakimiyetini g\u00fc\u00e7lendirebilece\u011fini savundu. Bu durumun rekabeti azaltabilece\u011fi ve yeni yapay zeka giri\u015fimlerinin \u00f6n\u00fcn\u00fc kapatabilece\u011fi ileri s\u00fcr\u00fcld\u00fc.<\/p>\n\n\n\n<p class=\"wp-block-paragraph\">Y\u00f6netimin yakla\u015f\u0131m\u0131na g\u00f6re b\u00fcy\u00fck dil modellerinin medya i\u00e7erikleriyle e\u011fitilmesi, yeni \u00fcretim bi\u00e7imlerinin ortaya \u00e7\u0131kmas\u0131na da katk\u0131 sa\u011flayabilir. Yapay zeka ara\u00e7lar\u0131n\u0131 kullanan ba\u011f\u0131ms\u0131z i\u00e7erik \u00fcreticileri ve farkl\u0131 kaynaklara eri\u015fimin kolayla\u015fmas\u0131, h\u00fck\u00fcmetin savunmas\u0131nda \u00f6ne \u00e7\u0131kan \u00f6rnekler aras\u0131nda yer ald\u0131.<\/p>\n\n\n\n<h2 class=\"wp-block-heading\">Yay\u0131nc\u0131lardan Sert Kar\u015f\u0131l\u0131k<\/h2>\n\n\n\n<p class=\"wp-block-paragraph\">Trump y\u00f6netiminin g\u00f6r\u00fc\u015f\u00fc, i\u00e7erik sahipleri taraf\u0131ndan ise ele\u015ftirildi. The New York Times s\u00f6zc\u00fcs\u00fc Graham James, y\u00f6netimin Amerikal\u0131 gazeteciler ve yarat\u0131c\u0131 sekt\u00f6r \u00e7al\u0131\u015fanlar\u0131 yerine milyarlarca dolarl\u0131k teknoloji \u015firketlerini destekledi\u011fini savundu.<\/p>\n\n\n\n<p class=\"wp-block-paragraph\">James, yapay zeka \u015firketleri ile i\u00e7erik \u00fcreticilerinin ayn\u0131 ekosistem i\u00e7erisinde var olabilece\u011fini ancak bunun i\u00e7in kullan\u0131lan i\u00e7erik kar\u015f\u0131l\u0131\u011f\u0131nda adil bir \u00f6deme yap\u0131lmas\u0131 gerekti\u011fini belirtti. Ona g\u00f6re i\u00e7eriklerin izinsiz ve \u00fccretsiz \u015fekilde kullan\u0131lmas\u0131, gazetecilik ve di\u011fer yarat\u0131c\u0131 \u00fcretim alanlar\u0131n\u0131n s\u00fcrd\u00fcr\u00fclebilirli\u011fini tehdit ediyor.<\/p>\n\n\n\n<h2 class=\"wp-block-heading\">OpenAI\u2019a Kar\u015f\u0131 Davalar Devam Ediyor<\/h2>\n\n\n\n<p class=\"wp-block-paragraph\">Yapay zeka modellerinin e\u011fitiminde telifli eserlerin kullan\u0131lmas\u0131 uzun s\u00fcredir teknoloji ve medya sekt\u00f6r\u00fcn\u00fcn en b\u00fcy\u00fck tart\u0131\u015fmalar\u0131ndan biri.<\/p>\n\n\n\n<p class=\"wp-block-paragraph\">Ziff Davis, 2025 y\u0131l\u0131nda OpenAI\u2019a kar\u015f\u0131 a\u00e7t\u0131\u011f\u0131 davada \u015firketin yapay zeka sistemlerini e\u011fitirken telif hakk\u0131yla korunan i\u00e7erikleri izinsiz kulland\u0131\u011f\u0131n\u0131 \u00f6ne s\u00fcrd\u00fc. The New York Times da 2023 y\u0131l\u0131n\u0131n sonunda OpenAI ve Microsoft\u2019a kar\u015f\u0131 dava a\u00e7arak milyonlarca haber ve makalesinin ChatGPT\u2019nin geli\u015ftirilmesinde kullan\u0131ld\u0131\u011f\u0131n\u0131 iddia etti.<\/p>\n\n\n\n<p class=\"wp-block-paragraph\">Benzer \u015fekilde, aralar\u0131nda George R.R. Martin gibi tan\u0131nm\u0131\u015f yazarlar\u0131n da bulundu\u011fu \u00e7ok say\u0131da isim yapay zeka \u015firketlerine kar\u015f\u0131 telif davalar\u0131 ba\u015flatt\u0131.<\/p>\n\n\n\n<p class=\"wp-block-paragraph\"> OpenAI\u2019\u0131n rakiplerinden Anthropic, yazarlar\u0131n a\u00e7t\u0131\u011f\u0131 telif ve korsanl\u0131k iddialar\u0131yla ba\u011flant\u0131l\u0131 bir davay\u0131 1,5 milyar dolarl\u0131k anla\u015fmayla sonu\u00e7land\u0131rm\u0131\u015ft\u0131.<\/p>\n\n\n\n<p class=\"wp-block-paragraph\">Yapay zeka \u015firketlerinin i\u00e7eriklere eri\u015fimi ile i\u00e7erik \u00fcreticilerinin haklar\u0131 aras\u0131ndaki s\u0131n\u0131r\u0131n nerede \u00e7izilece\u011fi ise \u00f6n\u00fcm\u00fczdeki d\u00f6nemin en \u00f6nemli hukuk tart\u0131\u015fmalar\u0131ndan biri olmaya devam edecek.<\/p>\n","protected":false},"excerpt":{"rendered":"<p>ABD\u2019de yapay zeka \u015firketleri ile medya kurulu\u015flar\u0131 aras\u0131ndaki telif hakk\u0131 m\u00fccadelesinde dikkat \u00e7eken bir geli\u015fme ya\u015fand\u0131. Trump y\u00f6netimi, OpenAI\u2019\u0131n yapay zeka modellerini e\u011fitirken yay\u0131nc\u0131lar\u0131n i\u00e7eriklerinden yararlanmas\u0131n\u0131n adil kullan\u0131m kapsam\u0131nda de\u011ferlendirilebilece\u011fini savundu. ABD h\u00fck\u00fcmeti, New York G\u00fcney B\u00f6lgesi ABD B\u00f6lge Mahkemesi\u2019ne sundu\u011fu g\u00f6r\u00fc\u015fte OpenAI\u2019\u0131n taraf\u0131ndaki yakla\u015f\u0131m\u0131 destekledi. S\u00f6z konusu s\u00fcre\u00e7te The New York Times ve Ziff [&hellip;]<\/p>\n","protected":false},"author":95,"featured_media":88904,"comment_status":"open","ping_status":"closed","sticky":false,"template":"","format":"standard","meta":{"footnotes":""},"categories":[12053],"tags":[],"class_list":["post-88903","post","type-post","status-publish","format-standard","has-post-thumbnail","hentry","category-yapay-zeka"],"_links":{"self":[{"href":"https:\/\/www.indir.com\/haber\/wp-json\/wp\/v2\/posts\/88903","targetHints":{"allow":["GET"]}}],"collection":[{"href":"https:\/\/www.indir.com\/haber\/wp-json\/wp\/v2\/posts"}],"about":[{"href":"https:\/\/www.indir.com\/haber\/wp-json\/wp\/v2\/types\/post"}],"author":[{"embeddable":true,"href":"https:\/\/www.indir.com\/haber\/wp-json\/wp\/v2\/users\/95"}],"replies":[{"embeddable":true,"href":"https:\/\/www.indir.com\/haber\/wp-json\/wp\/v2\/comments?post=88903"}],"version-history":[{"count":1,"href":"https:\/\/www.indir.com\/haber\/wp-json\/wp\/v2\/posts\/88903\/revisions"}],"predecessor-version":[{"id":88905,"href":"https:\/\/www.indir.com\/haber\/wp-json\/wp\/v2\/posts\/88903\/revisions\/88905"}],"wp:featuredmedia":[{"embeddable":true,"href":"https:\/\/www.indir.com\/haber\/wp-json\/wp\/v2\/media\/88904"}],"wp:attachment":[{"href":"https:\/\/www.indir.com\/haber\/wp-json\/wp\/v2\/media?parent=88903"}],"wp:term":[{"taxonomy":"category","embeddable":true,"href":"https:\/\/www.indir.com\/haber\/wp-json\/wp\/v2\/categories?post=88903"},{"taxonomy":"post_tag","embeddable":true,"href":"https:\/\/www.indir.com\/haber\/wp-json\/wp\/v2\/tags?post=88903"}],"curies":[{"name":"wp","href":"https:\/\/api.w.org\/{rel}","templated":true}]}}