{"id":88863,"date":"2026-09-02T12:30:00","date_gmt":"2026-09-02T09:30:00","guid":{"rendered":"https:\/\/www.indir.com\/haber\/?p=88863"},"modified":"2026-09-02T10:56:38","modified_gmt":"2026-09-02T07:56:38","slug":"applein-yeni-ceosu-john-ternus-kimdir","status":"publish","type":"post","link":"https:\/\/www.indir.com\/haber\/applein-yeni-ceosu-john-ternus-kimdir\/","title":{"rendered":"Apple\u2019\u0131n Yeni CEO\u2019su John Ternus Kimdir?"},"content":{"rendered":"\n<p class=\"wp-block-paragraph\">Apple\u2019da Tim Cook d\u00f6nemi sona ererken \u015firketin CEO koltu\u011funa uzun y\u0131llard\u0131r Apple b\u00fcnyesinde g\u00f6rev yapan John Ternus oturdu. Donan\u0131m m\u00fchendisli\u011fi alan\u0131ndaki \u00e7al\u0131\u015fmalar\u0131yla \u00f6ne \u00e7\u0131kan Ternus, Apple\u2019\u0131n yeni d\u00f6nemdeki en kritik isimlerinden biri olacak.<\/p>\n\n\n\n<p class=\"wp-block-paragraph\">Apple, yakla\u015f\u0131k 15 y\u0131l\u0131n ard\u0131ndan CEO de\u011fi\u015fikli\u011fine gitti. \u015eirketin yeni CEO\u2019su olarak John Ternus g\u00f6reve ba\u015flarken, Tim Cook ise \u0130cra Kurulu Ba\u015fkan\u0131 olarak Apple\u2019daki g\u00f6revini s\u00fcrd\u00fcrecek.<\/p>\n\n\n\n<p class=\"wp-block-paragraph\">51 ya\u015f\u0131ndaki Ternus, Apple\u2019daki 25 y\u0131ll\u0131k kariyeri boyunca \u015firketin bir\u00e7ok \u00f6nemli donan\u0131m projesinde g\u00f6rev ald\u0131. \u00d6zellikle Apple silikon ge\u00e7i\u015fi, AirPods, Apple Watch ve Vision Pro gibi \u00fcr\u00fcnlerin geli\u015ftirilmesindeki rol\u00fcyle tan\u0131n\u0131yor.<\/p>\n\n\n\n<h2 class=\"wp-block-heading\">John Ternus Apple\u2019a Ne Zaman Kat\u0131ld\u0131?<\/h2>\n\n\n\n<p class=\"wp-block-paragraph\">John Ternus, \u00fcniversiteden mezun olduktan sonra 2001 y\u0131l\u0131nda Apple\u2019\u0131n \u00fcr\u00fcn tasar\u0131m ekibine kat\u0131ld\u0131. \u015eirket i\u00e7erisinde uzun y\u0131llar farkl\u0131 g\u00f6revlerde \u00e7al\u0131\u015fan Ternus, donan\u0131m m\u00fchendisli\u011fi alan\u0131nda h\u0131zla y\u00fckseldi.<\/p>\n\n\n\n<p class=\"wp-block-paragraph\">2013 y\u0131l\u0131nda donan\u0131m m\u00fchendisli\u011fi ba\u015fkan yard\u0131mc\u0131l\u0131\u011f\u0131 g\u00f6revine getirilen Ternus, 2021 y\u0131l\u0131nda Apple\u2019\u0131n donan\u0131m m\u00fchendisli\u011finden sorumlu k\u0131demli ba\u015fkan yard\u0131mc\u0131s\u0131 oldu.<\/p>\n\n\n\n<p class=\"wp-block-paragraph\">Apple\u2019daki kariyeri boyunca ayr\u0131nt\u0131lara verdi\u011fi \u00f6nemle dikkat \u00e7eken Ternus, \u015firketin \u00fcr\u00fcn geli\u015ftirme k\u00fclt\u00fcr\u00fcn\u00fc yak\u0131ndan tan\u0131yan y\u00f6neticilerden biri haline geldi. Bu nedenle CEO se\u00e7iminin, Apple\u2019\u0131n \u00fcr\u00fcn odakl\u0131 y\u00f6netim anlay\u0131\u015f\u0131n\u0131 koruma a\u00e7\u0131s\u0131ndan \u00f6nemli oldu\u011fu de\u011ferlendiriliyor.<\/p>\n\n\n\n<h2 class=\"wp-block-heading\">Apple\u2019\u0131n \u00d6nemli Projelerinde G\u00f6rev Ald\u0131<\/h2>\n\n\n\n<p class=\"wp-block-paragraph\">Ternus\u2019un kariyeri yaln\u0131zca y\u00f6netim g\u00f6revleriyle s\u0131n\u0131rl\u0131 de\u011fil. Apple\u2019\u0131n son y\u0131llardaki en \u00f6nemli donan\u0131m hamlelerinde aktif sorumluluk \u00fcstlendi.<\/p>\n\n\n\n<p class=\"wp-block-paragraph\">AirPods ve Apple Watch gibi \u00fcr\u00fcnlerin donan\u0131m geli\u015ftirme s\u00fcre\u00e7lerinde g\u00f6rev alan Ternus, Apple\u2019\u0131n karma ger\u00e7eklik alan\u0131ndaki en \u00f6nemli \u00fcr\u00fcn\u00fc Vision Pro\u2019nun geli\u015ftirilmesinde de rol oynad\u0131.<\/p>\n\n\n\n<p class=\"wp-block-paragraph\">Y\u00f6neticinin en kritik g\u00f6revlerinden biri ise Apple\u2019\u0131n Intel i\u015flemcilerinden kendi tasarlad\u0131\u011f\u0131 Apple silikon \u00e7iplerine ge\u00e7i\u015f s\u00fcrecinde ortaya \u00e7\u0131kt\u0131. Bu d\u00f6n\u00fc\u015f\u00fcm, Mac ailesinin performans ve enerji verimlili\u011fi a\u00e7\u0131s\u0131ndan yeniden \u015fekillenmesini sa\u011flad\u0131.<\/p>\n\n\n\n<p class=\"wp-block-paragraph\">Ternus ayr\u0131ca Apple\u2019\u0131n daha geni\u015f kitlelere ula\u015fmay\u0131 hedefleyen yeni donan\u0131m stratejilerinde de etkili oldu. Uygun fiyatl\u0131 MacBook Neo projesinin arkas\u0131ndaki \u00f6nemli isimlerden biri olarak g\u00f6sterildi.<\/p>\n\n\n\n<figure class=\"wp-block-image size-full\"><img loading=\"lazy\" decoding=\"async\" width=\"1280\" height=\"720\" src=\"http:\/\/www.indir.com\/haber\/wp-content\/uploads\/2026\/09\/john-ternus-apple-keynote-presentation.webp\" alt=\"Tim Cook\u2019tan John Ternus\u2019a G\u00fcven Mesaj\u0131\" class=\"wp-image-88865\" title=\"\"><\/figure>\n\n\n\n<h2 class=\"wp-block-heading\">Tim Cook\u2019tan John Ternus\u2019a G\u00fcven Mesaj\u0131<\/h2>\n\n\n\n<p class=\"wp-block-paragraph\">John Ternus\u2019un CEO olarak se\u00e7ilmesinde Apple\u2019\u0131n \u00fcr\u00fcn geli\u015ftirme s\u00fcre\u00e7lerine hakimiyeti \u00f6nemli bir rol oynad\u0131. Uzun y\u0131llar boyunca \u015firketin i\u00e7erisinde g\u00f6rev yapan Ternus, Tim Cook d\u00f6neminde \u00fcst d\u00fczey y\u00f6neticiler aras\u0131nda yer ald\u0131.<\/p>\n\n\n\n<p class=\"wp-block-paragraph\">Ternus\u2019un Apple\u2019\u0131n \u00e7al\u0131\u015fma k\u00fclt\u00fcr\u00fcn\u00fc yak\u0131ndan tan\u0131mas\u0131, \u015firket y\u00f6netiminde d\u0131\u015far\u0131dan radikal bir de\u011fi\u015fim yerine mevcut yap\u0131n\u0131n devam edece\u011fine i\u015faret ediyor.<\/p>\n\n\n\n<p class=\"wp-block-paragraph\">Yeni CEO\u2019nun \u00f6zellikle \u00fcr\u00fcn geli\u015ftirme konusundaki yakla\u015f\u0131m\u0131 ve detaylara verdi\u011fi \u00f6nem, Apple\u2019\u0131n Steve Jobs d\u00f6neminden gelen tasar\u0131m ve m\u00fchendislik anlay\u0131\u015f\u0131n\u0131n devam edece\u011fi beklentisini g\u00fc\u00e7lendiriyor.<\/p>\n\n\n\n<h2 class=\"wp-block-heading\">Ternus\u2019un \u00d6n\u00fcndeki En B\u00fcy\u00fck S\u0131nav Yapay Zeka Olacak<\/h2>\n\n\n\n<p class=\"wp-block-paragraph\">John Ternus, Apple\u2019\u0131n ba\u015f\u0131na teknoloji sekt\u00f6r\u00fcn\u00fcn \u00f6nemli bir d\u00f6n\u00fc\u015f\u00fcm ya\u015fad\u0131\u011f\u0131 d\u00f6nemde ge\u00e7ti. \u00d6zellikle yapay zeka alan\u0131ndaki rekabet, yeni CEO\u2019nun kar\u015f\u0131la\u015faca\u011f\u0131 en b\u00fcy\u00fck s\u0131navlardan biri olacak.<\/p>\n\n\n\n<p class=\"wp-block-paragraph\">Apple\u2019\u0131n Siri\u2019yi daha geli\u015fmi\u015f yapay zeka \u00f6zellikleriyle g\u00fc\u00e7lendirme \u00e7al\u0131\u015fmalar\u0131 ve Google Gemini deste\u011fiyle ilgili planlar\u0131, \u015firketin yapay zeka yar\u0131\u015f\u0131ndaki konumunu do\u011frudan etkileyecek.<\/p>\n\n\n\n<p class=\"wp-block-paragraph\">Bunun yan\u0131nda Vision Pro ve gelecekteki ak\u0131ll\u0131 g\u00f6zl\u00fck projeleri, Apple\u2019\u0131n yeni \u00fcr\u00fcn kategorilerindeki ba\u015far\u0131s\u0131n\u0131 belirleyecek. Ternus\u2019un donan\u0131m ge\u00e7mi\u015fi ise bu projelerde \u015firket i\u00e7in \u00f6nemli bir avantaj sa\u011flayabilir.<\/p>\n\n\n\n<h2 class=\"wp-block-heading\">Apple\u2019da Yeni Bir D\u00f6nem Ba\u015fl\u0131yor<\/h2>\n\n\n\n<p class=\"wp-block-paragraph\">John Ternus\u2019un CEO koltu\u011funa ge\u00e7mesi, Apple i\u00e7in yaln\u0131zca bir y\u00f6netici de\u011fi\u015fikli\u011fi anlam\u0131na gelmiyor. 25 y\u0131ll\u0131k Apple deneyimine sahip bir donan\u0131m uzman\u0131n\u0131n \u015firketin ba\u015f\u0131na ge\u00e7mesi, Apple\u2019\u0131n \u00f6n\u00fcm\u00fczdeki d\u00f6nemde \u00fcr\u00fcn geli\u015ftirme ve donan\u0131m taraf\u0131na verdi\u011fi \u00f6nemin devam edece\u011fini g\u00f6steriyor.<\/p>\n\n\n\n<p class=\"wp-block-paragraph\">Ternus \u015fimdi Apple\u2019\u0131n yapay zeka yar\u0131\u015f\u0131ndaki konumunu g\u00fc\u00e7lendirmek, yeni \u00fcr\u00fcn kategorilerini b\u00fcy\u00fctmek ve \u015firketin donan\u0131m ekosistemindeki liderli\u011fini s\u00fcrd\u00fcrmek gibi \u00f6nemli g\u00f6revlerle kar\u015f\u0131 kar\u015f\u0131ya.<\/p>\n\n\n\n<p class=\"wp-block-paragraph\">Tim Cook\u2019un icra kurulu ba\u015fkan\u0131 olarak \u015firkette kalmaya devam edecek olmas\u0131 ise ge\u00e7i\u015f s\u00fcrecinin Apple a\u00e7\u0131s\u0131ndan daha kontroll\u00fc ilerlemesini sa\u011flayabilir.<\/p>\n","protected":false},"excerpt":{"rendered":"<p>Apple\u2019da Tim Cook d\u00f6nemi sona ererken \u015firketin CEO koltu\u011funa uzun y\u0131llard\u0131r Apple b\u00fcnyesinde g\u00f6rev yapan John Ternus oturdu. Donan\u0131m m\u00fchendisli\u011fi alan\u0131ndaki \u00e7al\u0131\u015fmalar\u0131yla \u00f6ne \u00e7\u0131kan Ternus, Apple\u2019\u0131n yeni d\u00f6nemdeki en kritik isimlerinden biri olacak. Apple, yakla\u015f\u0131k 15 y\u0131l\u0131n ard\u0131ndan CEO de\u011fi\u015fikli\u011fine gitti. \u015eirketin yeni CEO\u2019su olarak John Ternus g\u00f6reve ba\u015flarken, Tim Cook ise \u0130cra Kurulu Ba\u015fkan\u0131 [&hellip;]<\/p>\n","protected":false},"author":97,"featured_media":88864,"comment_status":"open","ping_status":"closed","sticky":false,"template":"","format":"standard","meta":{"footnotes":""},"categories":[61,46,1],"tags":[104,9808],"class_list":["post-88863","post","type-post","status-publish","format-standard","has-post-thumbnail","hentry","category-ios","category-mobil","category-teknoloji","tag-apple","tag-john-ternus"],"_links":{"self":[{"href":"https:\/\/www.indir.com\/haber\/wp-json\/wp\/v2\/posts\/88863","targetHints":{"allow":["GET"]}}],"collection":[{"href":"https:\/\/www.indir.com\/haber\/wp-json\/wp\/v2\/posts"}],"about":[{"href":"https:\/\/www.indir.com\/haber\/wp-json\/wp\/v2\/types\/post"}],"author":[{"embeddable":true,"href":"https:\/\/www.indir.com\/haber\/wp-json\/wp\/v2\/users\/97"}],"replies":[{"embeddable":true,"href":"https:\/\/www.indir.com\/haber\/wp-json\/wp\/v2\/comments?post=88863"}],"version-history":[{"count":1,"href":"https:\/\/www.indir.com\/haber\/wp-json\/wp\/v2\/posts\/88863\/revisions"}],"predecessor-version":[{"id":88866,"href":"https:\/\/www.indir.com\/haber\/wp-json\/wp\/v2\/posts\/88863\/revisions\/88866"}],"wp:featuredmedia":[{"embeddable":true,"href":"https:\/\/www.indir.com\/haber\/wp-json\/wp\/v2\/media\/88864"}],"wp:attachment":[{"href":"https:\/\/www.indir.com\/haber\/wp-json\/wp\/v2\/media?parent=88863"}],"wp:term":[{"taxonomy":"category","embeddable":true,"href":"https:\/\/www.indir.com\/haber\/wp-json\/wp\/v2\/categories?post=88863"},{"taxonomy":"post_tag","embeddable":true,"href":"https:\/\/www.indir.com\/haber\/wp-json\/wp\/v2\/tags?post=88863"}],"curies":[{"name":"wp","href":"https:\/\/api.w.org\/{rel}","templated":true}]}}