{"id":8886,"date":"2021-11-29T12:05:58","date_gmt":"2021-11-29T09:05:58","guid":{"rendered":"https:\/\/www.indir.com\/haber\/?p=8886"},"modified":"2021-11-29T12:06:00","modified_gmt":"2021-11-29T09:06:00","slug":"realme-9-serisi-dort-yeni-modelle-gelecek","status":"publish","type":"post","link":"https:\/\/www.indir.com\/haber\/realme-9-serisi-dort-yeni-modelle-gelecek\/","title":{"rendered":"Realme 9 serisi d\u00f6rt yeni modelle gelecek"},"content":{"rendered":"\n<p>Realme, orta s\u0131n\u0131f segmenti i\u00e7in bir sonraki b\u00fcy\u00fck \u015feyini Realme 9 serisi \u015feklinde tan\u0131tmaya haz\u0131rlan\u0131yor. <\/p>\n\n\n\n<p>\u015eirketin bu seri i\u00e7in iki nesil piyasaya s\u00fcrd\u00fc\u011f\u00fc \u00f6nceki y\u0131llar\u0131n aksine, bir s\u00fcredir Realme 9 lansman\u0131n\u0131 atl\u0131yor. Dizideki cihazlar\u0131n bu y\u0131l Ekim ay\u0131nda gelece\u011fi s\u00f6ylendi, ancak Realme 8s ve 8i lansman etkinli\u011fi s\u0131ras\u0131nda \u015firket, 2021&#8217;de de\u011fil, yaln\u0131zca 2022&#8217;de gelece\u011fini do\u011frulad\u0131. Realme CMO&#8217;su Bay Francis Wong bir tweet&#8217;te a\u00e7\u0131klad\u0131. devam eden k\u00fcresel \u00e7ip s\u0131k\u0131nt\u0131s\u0131 nedeniyle \u015firketin yol haritas\u0131n\u0131 de\u011fi\u015ftirmek zorunda kald\u0131. \u015eimdi, 91Mobiles taraf\u0131ndan bildirilen en son geli\u015fmeye g\u00f6re, Realme 9 serisi \u00f6n\u00fcm\u00fczdeki y\u0131l\u0131n ba\u015flar\u0131nda piyasaya s\u00fcr\u00fclecek ve d\u00f6rt ak\u0131ll\u0131 telefon getirecek. <\/p>\n\n\n\n<p><a href=\"https:\/\/www.indir.com\/haber\/realme-gt-neo-2t-tanitildi\/\">Realme GT Neo 2T tan\u0131t\u0131ld\u0131<\/a><\/p>\n\n\n\n<p>Realme, Realme 9 serisi lansman\u0131n\u0131n 2022&#8217;de ger\u00e7ekle\u015fece\u011fini zaten do\u011frulad\u0131. Tipster Mukul Sharma&#8217;dan al\u0131nt\u0131 yapan 91mobiles raporu, bu ak\u0131ll\u0131 telefonlar\u0131n \u015eubat 2022&#8217;de piyasaya \u00e7\u0131kaca\u011f\u0131n\u0131 iddia ediyor. Ocak 2022&#8217;nin son haftas\u0131nda yerini ald\u0131. Raporda \u015firketin Realme 9, 9 Pro, 9 Pro+\/Max ve 9i getirece\u011fi belirtiliyor. \u015eirket, ak\u0131ll\u0131 telefonlar\u0131n tam listesini ba\u015flatmak i\u00e7in muhtemelen iki farkl\u0131 etkinlik d\u00fczenleyecek.<\/p>\n\n\n\n<h2 class=\"wp-block-heading\">Realme 9 serisi \u00f6zellikleri<\/h2>\n\n\n\n<p>Realme 9 ve Realme 9 Pro, orta seviye departman i\u00e7in ola\u011fan \u00f6zellikleri getirmeli olsa da, 9 Pro+\/Max daha \u00e7ekici olabilir. Realme 9 Pro, RMX3393 model numaras\u0131yla IMEI veritaban\u0131ndan ge\u00e7ti. Benzer \u015fekilde, model numaras\u0131na sahip Realme 9i ve Realme 9 Pro Plus, yakla\u015fmakta olan amiral gemisi Realme GT 2 Pro ile birlikte EEC sertifikas\u0131ndan ge\u00e7ti. Dolay\u0131s\u0131yla Realme&#8217;nin \u015fimdiden k\u00fcresel bir s\u00fcr\u00fcm i\u00e7in zemin haz\u0131rlad\u0131\u011f\u0131 sonucuna varabiliriz. <\/p>\n\n\n\n<p>Realme&#8217;nin yeni orta s\u0131n\u0131f ak\u0131ll\u0131 telefonlar\u0131 getirmeye devam etti\u011fini g\u00f6rmek do\u011fal. Ne de olsa Redmi Note 11 serisi \u00c7in&#8217;de zaten mevcut ve k\u0131sa s\u00fcre i\u00e7inde k\u0131l\u0131k de\u011fi\u015ftirmi\u015f olsa bile k\u00fcresel pazarlara ula\u015facak. Note serisi \u015fu anda Realme numaral\u0131 ak\u0131ll\u0131 telefonlar\u0131n en b\u00fcy\u00fck rakibi konumunda. \u015eimdilik, yakla\u015fmakta olan ak\u0131ll\u0131 telefonlar\u0131n ailesi hakk\u0131nda s\u00f6ylenecek fazla bir \u015fey yok. 91mobiles&#8217;e g\u00f6re 9 Pro Plus, amiral gemisi segmentiyle oynayacak. Bir Qualcomm Snapdragon 870 SoC&#8217;yi daha d\u00fc\u015f\u00fck bir fiyat noktas\u0131na, ayr\u0131ca bir AMOLED ekrana ve 108 MP kamera kurulumuna getirecek. \u00d6n\u00fcm\u00fczdeki g\u00fcnlerde daha fazla detay\u0131n ortaya \u00e7\u0131kmas\u0131n\u0131 bekliyoruz. <\/p>\n\n\n\n<p>Realme CMO&#8217;su Bay Francis Wong, bir tweet&#8217;te \u015firketin devam eden k\u00fcresel \u00e7ip s\u0131k\u0131nt\u0131s\u0131 nedeniyle yol haritas\u0131n\u0131 de\u011fi\u015ftirmek zorunda kald\u0131\u011f\u0131n\u0131 a\u00e7\u0131klad\u0131. \u015eimdi, 91Mobiles taraf\u0131ndan bildirilen en son geli\u015fmeye g\u00f6re, Realme 9 serisi \u00f6n\u00fcm\u00fczdeki y\u0131l\u0131n ba\u015flar\u0131nda piyasaya s\u00fcr\u00fclecek ve d\u00f6rt ak\u0131ll\u0131 telefon getirecek.Realme, Realme 9 serisi lansman\u0131n\u0131n 2022&#8217;de ger\u00e7ekle\u015fece\u011fini zaten do\u011frulad\u0131. Tipster Mukul Sharma&#8217;dan al\u0131nt\u0131 yapan 91mobiles raporu, bu ak\u0131ll\u0131 telefonlar\u0131n \u015eubat 2022&#8217;de piyasaya \u00e7\u0131kaca\u011f\u0131n\u0131 iddia ediyor. Ocak 2022&#8217;nin son haftas\u0131nda yerini ald\u0131. Raporda \u015firketin Realme 9, 9 Pro, 9 Pro+\/Max ve 9i getirece\u011fi belirtiliyor. \u015eirket, ak\u0131ll\u0131 telefonlar\u0131n tam listesini ba\u015flatmak i\u00e7in muhtemelen iki farkl\u0131 etkinlik d\u00fczenleyecek.<\/p>\n","protected":false},"excerpt":{"rendered":"<p>Realme, orta s\u0131n\u0131f segmenti i\u00e7in bir sonraki b\u00fcy\u00fck \u015feyini Realme 9 serisi \u015feklinde tan\u0131tmaya haz\u0131rlan\u0131yor. \u015eirketin bu seri i\u00e7in iki nesil piyasaya s\u00fcrd\u00fc\u011f\u00fc \u00f6nceki y\u0131llar\u0131n aksine, bir s\u00fcredir Realme 9 lansman\u0131n\u0131 atl\u0131yor. Dizideki cihazlar\u0131n bu y\u0131l Ekim ay\u0131nda gelece\u011fi s\u00f6ylendi, ancak Realme 8s ve 8i lansman etkinli\u011fi s\u0131ras\u0131nda \u015firket, 2021&#8217;de de\u011fil, yaln\u0131zca 2022&#8217;de gelece\u011fini do\u011frulad\u0131. [&hellip;]<\/p>\n","protected":false},"author":10,"featured_media":8887,"comment_status":"open","ping_status":"closed","sticky":false,"template":"","format":"standard","meta":{"footnotes":""},"categories":[46],"tags":[1666],"class_list":["post-8886","post","type-post","status-publish","format-standard","has-post-thumbnail","hentry","category-mobil","tag-realme-9-serisi-dort-yeni-modelle-gelecek"],"_links":{"self":[{"href":"https:\/\/www.indir.com\/haber\/wp-json\/wp\/v2\/posts\/8886","targetHints":{"allow":["GET"]}}],"collection":[{"href":"https:\/\/www.indir.com\/haber\/wp-json\/wp\/v2\/posts"}],"about":[{"href":"https:\/\/www.indir.com\/haber\/wp-json\/wp\/v2\/types\/post"}],"author":[{"embeddable":true,"href":"https:\/\/www.indir.com\/haber\/wp-json\/wp\/v2\/users\/10"}],"replies":[{"embeddable":true,"href":"https:\/\/www.indir.com\/haber\/wp-json\/wp\/v2\/comments?post=8886"}],"version-history":[{"count":0,"href":"https:\/\/www.indir.com\/haber\/wp-json\/wp\/v2\/posts\/8886\/revisions"}],"wp:featuredmedia":[{"embeddable":true,"href":"https:\/\/www.indir.com\/haber\/wp-json\/wp\/v2\/media\/8887"}],"wp:attachment":[{"href":"https:\/\/www.indir.com\/haber\/wp-json\/wp\/v2\/media?parent=8886"}],"wp:term":[{"taxonomy":"category","embeddable":true,"href":"https:\/\/www.indir.com\/haber\/wp-json\/wp\/v2\/categories?post=8886"},{"taxonomy":"post_tag","embeddable":true,"href":"https:\/\/www.indir.com\/haber\/wp-json\/wp\/v2\/tags?post=8886"}],"curies":[{"name":"wp","href":"https:\/\/api.w.org\/{rel}","templated":true}]}}