{"id":88835,"date":"2026-09-01T18:30:00","date_gmt":"2026-09-01T15:30:00","guid":{"rendered":"https:\/\/www.indir.com\/haber\/?p=88835"},"modified":"2026-09-01T14:12:50","modified_gmt":"2026-09-01T11:12:50","slug":"bmw-fiziksel-dugmelerden-vazgeciyor","status":"publish","type":"post","link":"https:\/\/www.indir.com\/haber\/bmw-fiziksel-dugmelerden-vazgeciyor\/","title":{"rendered":"BMW Fiziksel D\u00fc\u011fmelerden Vazge\u00e7iyor"},"content":{"rendered":"\n<p class=\"wp-block-paragraph\">Otomobil \u00fcreticileri kabin tasar\u0131mlar\u0131n\u0131 giderek daha dijital bir yap\u0131ya d\u00f6n\u00fc\u015ft\u00fcr\u00fcrken, BMW de fiziksel d\u00fc\u011fmelerin say\u0131s\u0131n\u0131 azaltma konusunda dikkat \u00e7eken bir tercih yap\u0131yor. Markan\u0131n bu de\u011fi\u015fikli\u011finin arkas\u0131nda yaln\u0131zca daha modern bir i\u00e7 tasar\u0131m olu\u015fturma amac\u0131 bulunmuyor. BMW Group Avustralya CEO\u2019su Vikram Pawah, kullan\u0131c\u0131lar\u0131n teknolojiyle kurdu\u011fu ili\u015fkinin otomobillerdeki kontrol sistemlerini de de\u011fi\u015ftirdi\u011fini belirtiyor.<\/p>\n\n\n\n<p class=\"wp-block-paragraph\">Pawah\u2019\u0131n a\u00e7\u0131klamalar\u0131na g\u00f6re \u00f6zellikle 45 ya\u015f ve alt\u0131ndaki s\u00fcr\u00fcc\u00fcler, ara\u00e7 i\u00e7erisindeki i\u015flevleri fiziksel d\u00fc\u011fmeler yerine dokunmatik ekranlar ve sesli komutlar arac\u0131l\u0131\u011f\u0131yla kullanmaya daha yatk\u0131n. Ak\u0131ll\u0131 telefon ve tabletlerle b\u00fcy\u00fcyen bu kullan\u0131c\u0131 kitlesinin al\u0131\u015fkanl\u0131klar\u0131, otomobillerin i\u00e7 mekan tasar\u0131mlar\u0131na da do\u011frudan yans\u0131yor.<\/p>\n\n\n\n<h2 class=\"wp-block-heading\">BMW\u2019nin Yeni Kokpit Tasar\u0131m\u0131 Dijitale Odaklan\u0131yor<\/h2>\n\n\n\n<p class=\"wp-block-paragraph\">BMW\u2019nin yeni tasar\u0131m anlay\u0131\u015f\u0131nda kokpit daha sade ve teknolojik bir g\u00f6r\u00fcn\u00fcme kavu\u015fuyor. Markan\u0131n Neue Klasse platformu ve yeni nesil elektrikli modelleri bu yakla\u015f\u0131m\u0131n \u00f6nemli \u00f6rnekleri aras\u0131nda yer al\u0131yor.<\/p>\n\n\n\n<p class=\"wp-block-paragraph\">Geleneksel olarak ayr\u0131 fiziksel kontrollerle y\u00f6netilen bir\u00e7ok \u00f6zellik art\u0131k merkezi ekran \u00fczerinden kontrol ediliyor. Klima, multimedya ve \u00e7e\u015fitli ara\u00e7 ayarlar\u0131n\u0131n dijital aray\u00fczlere ta\u015f\u0131nmas\u0131, konsoldaki d\u00fc\u011fme say\u0131s\u0131n\u0131n da azalmas\u0131n\u0131 sa\u011fl\u0131yor.<\/p>\n\n\n\n<p class=\"wp-block-paragraph\">Bu yakla\u015f\u0131m BMW\u2019ye \u00f6zg\u00fc de\u011fil. \u00d6zellikle Tesla ile yayg\u0131nla\u015fan b\u00fcy\u00fck merkezi ekran anlay\u0131\u015f\u0131, bir\u00e7ok otomobil markas\u0131n\u0131n yeni modellerinde benimsedi\u011fi bir tasar\u0131m yakla\u015f\u0131m\u0131na d\u00f6n\u00fc\u015ft\u00fc.<\/p>\n\n\n\n<h2 class=\"wp-block-heading\">Gen\u00e7 Kullan\u0131c\u0131lar\u0131n Tercihleri Belirleyici Oluyor<\/h2>\n\n\n\n<p class=\"wp-block-paragraph\">BMW\u2019nin a\u00e7\u0131klamas\u0131nda kullan\u0131c\u0131 al\u0131\u015fkanl\u0131klar\u0131ndaki de\u011fi\u015fim \u00f6nemli bir yere sahip. Dijital cihazlara al\u0131\u015fk\u0131n olan gen\u00e7 s\u00fcr\u00fcc\u00fcler, otomobillerde de h\u0131zl\u0131 ve kolay eri\u015filebilen teknolojik \u00e7\u00f6z\u00fcmleri tercih ediyor.<\/p>\n\n\n\n<p class=\"wp-block-paragraph\">Dokunmatik ekranlar\u0131n en \u00f6nemli avantajlar\u0131ndan biri ise yaz\u0131l\u0131mla g\u00fcncellenebilmesi. Fiziksel bir d\u00fc\u011fmenin i\u015flevi sabit kal\u0131rken dijital aray\u00fczler yeni \u00f6zelliklerle geli\u015ftirilebiliyor ve ki\u015fiselle\u015ftirilebiliyor. Sesli komut sistemleri de s\u00fcr\u00fcc\u00fcn\u00fcn bir\u00e7ok i\u015flemi ekrana dokunmadan ger\u00e7ekle\u015ftirmesine olanak tan\u0131yor.<\/p>\n\n\n\n<h2 class=\"wp-block-heading\">Fiziksel Tu\u015flar\u0131n Kald\u0131r\u0131lmas\u0131 G\u00fcvenlik Tart\u0131\u015fmas\u0131n\u0131 G\u00fcndeme Getiriyor<\/h2>\n\n\n\n<p class=\"wp-block-paragraph\">Ancak tamamen dijitalle\u015fen otomobil kabinleri baz\u0131 soru i\u015faretlerini de beraberinde getiriyor. Fiziksel d\u00fc\u011fmelerin en \u00f6nemli avantajlar\u0131ndan biri, s\u00fcr\u00fcc\u00fcn\u00fcn g\u00f6z\u00fcn\u00fc yoldan ay\u0131rmadan belirli bir i\u015flemi ger\u00e7ekle\u015ftirebilmesi.<\/p>\n\n\n\n<p class=\"wp-block-paragraph\">Dokunmatik ekranlarda ise bir \u00f6zelli\u011fe ula\u015fmak i\u00e7in men\u00fcler aras\u0131nda ge\u00e7i\u015f yapmak gerekebiliyor. \u00d6zellikle s\u00fcr\u00fc\u015f s\u0131ras\u0131nda klima veya di\u011fer temel ayarlar\u0131n ekrandan kontrol edilmesi, dikkat da\u011f\u0131n\u0131kl\u0131\u011f\u0131 a\u00e7\u0131s\u0131ndan ele\u015ftiriliyor.<\/p>\n\n\n\n<p class=\"wp-block-paragraph\">BMW, bu noktada sesli komut sistemleri ve geli\u015fmi\u015f dijital teknolojilere daha fazla \u00f6nem veriyor. B\u00f6ylece s\u00fcr\u00fcc\u00fcn\u00fcn ekrana olan ihtiyac\u0131n\u0131n azalt\u0131lmas\u0131 hedefleniyor.<\/p>\n\n\n\n<p class=\"wp-block-paragraph\">Otomobiller giderek daha fazla ak\u0131ll\u0131 cihazlara benzerken, \u00fcreticilerin \u00f6n\u00fcndeki en b\u00fcy\u00fck soru ise dijitalle\u015fmenin kullan\u0131m kolayl\u0131\u011f\u0131 ve s\u00fcr\u00fc\u015f g\u00fcvenli\u011fiyle nas\u0131l dengelenece\u011fi olacak. BMW\u2019nin fiziksel d\u00fc\u011fmelerden uzakla\u015fma karar\u0131 da bu d\u00f6n\u00fc\u015f\u00fcm\u00fcn otomotiv sekt\u00f6r\u00fcndeki en dikkat \u00e7ekici \u00f6rneklerinden biri olarak \u00f6ne \u00e7\u0131k\u0131yor.<\/p>\n","protected":false},"excerpt":{"rendered":"<p>Otomobil \u00fcreticileri kabin tasar\u0131mlar\u0131n\u0131 giderek daha dijital bir yap\u0131ya d\u00f6n\u00fc\u015ft\u00fcr\u00fcrken, BMW de fiziksel d\u00fc\u011fmelerin say\u0131s\u0131n\u0131 azaltma konusunda dikkat \u00e7eken bir tercih yap\u0131yor. Markan\u0131n bu de\u011fi\u015fikli\u011finin arkas\u0131nda yaln\u0131zca daha modern bir i\u00e7 tasar\u0131m olu\u015fturma amac\u0131 bulunmuyor. BMW Group Avustralya CEO\u2019su Vikram Pawah, kullan\u0131c\u0131lar\u0131n teknolojiyle kurdu\u011fu ili\u015fkinin otomobillerdeki kontrol sistemlerini de de\u011fi\u015ftirdi\u011fini belirtiyor. Pawah\u2019\u0131n a\u00e7\u0131klamalar\u0131na g\u00f6re \u00f6zellikle [&hellip;]<\/p>\n","protected":false},"author":95,"featured_media":88840,"comment_status":"open","ping_status":"closed","sticky":false,"template":"","format":"standard","meta":{"footnotes":""},"categories":[11906],"tags":[6119],"class_list":["post-88835","post","type-post","status-publish","format-standard","has-post-thumbnail","hentry","category-araba","tag-bmw"],"_links":{"self":[{"href":"https:\/\/www.indir.com\/haber\/wp-json\/wp\/v2\/posts\/88835","targetHints":{"allow":["GET"]}}],"collection":[{"href":"https:\/\/www.indir.com\/haber\/wp-json\/wp\/v2\/posts"}],"about":[{"href":"https:\/\/www.indir.com\/haber\/wp-json\/wp\/v2\/types\/post"}],"author":[{"embeddable":true,"href":"https:\/\/www.indir.com\/haber\/wp-json\/wp\/v2\/users\/95"}],"replies":[{"embeddable":true,"href":"https:\/\/www.indir.com\/haber\/wp-json\/wp\/v2\/comments?post=88835"}],"version-history":[{"count":1,"href":"https:\/\/www.indir.com\/haber\/wp-json\/wp\/v2\/posts\/88835\/revisions"}],"predecessor-version":[{"id":88841,"href":"https:\/\/www.indir.com\/haber\/wp-json\/wp\/v2\/posts\/88835\/revisions\/88841"}],"wp:featuredmedia":[{"embeddable":true,"href":"https:\/\/www.indir.com\/haber\/wp-json\/wp\/v2\/media\/88840"}],"wp:attachment":[{"href":"https:\/\/www.indir.com\/haber\/wp-json\/wp\/v2\/media?parent=88835"}],"wp:term":[{"taxonomy":"category","embeddable":true,"href":"https:\/\/www.indir.com\/haber\/wp-json\/wp\/v2\/categories?post=88835"},{"taxonomy":"post_tag","embeddable":true,"href":"https:\/\/www.indir.com\/haber\/wp-json\/wp\/v2\/tags?post=88835"}],"curies":[{"name":"wp","href":"https:\/\/api.w.org\/{rel}","templated":true}]}}