{"id":88834,"date":"2026-09-01T16:30:00","date_gmt":"2026-09-01T13:30:00","guid":{"rendered":"https:\/\/www.indir.com\/haber\/?p=88834"},"modified":"2026-09-01T11:40:24","modified_gmt":"2026-09-01T08:40:24","slug":"apple-hangi-urunleri-satistan-kaldiracak","status":"publish","type":"post","link":"https:\/\/www.indir.com\/haber\/apple-hangi-urunleri-satistan-kaldiracak\/","title":{"rendered":"Apple Hangi \u00dcr\u00fcnleri Sat\u0131\u015ftan Kald\u0131racak?"},"content":{"rendered":"\n<p class=\"wp-block-paragraph\">Apple, 9 Eyl\u00fcl\u2019de d\u00fczenleyece\u011fi lansman etkinli\u011fiyle yeni \u00fcr\u00fcnlerini tan\u0131tmaya haz\u0131rlan\u0131yor. Yeni modellerin duyurulmas\u0131yla birlikte \u015firketin mevcut \u00fcr\u00fcn gam\u0131nda da \u00f6nemli de\u011fi\u015fiklikler ya\u015fanmas\u0131 bekleniyor.<\/p>\n\n\n\n<p class=\"wp-block-paragraph\">Apple\u2019\u0131n her y\u0131l uygulad\u0131\u011f\u0131 \u00fcr\u00fcn stratejisi do\u011frultusunda, baz\u0131 eski nesil cihazlar\u0131n etkinli\u011fin ard\u0131ndan resmi sat\u0131\u015f kanallar\u0131ndan kald\u0131r\u0131laca\u011f\u0131 tahmin ediliyor. Listede iPhone modellerinin yan\u0131 s\u0131ra Apple Watch, AirPods ve ev \u00fcr\u00fcnlerinin de bulunmas\u0131 bekleniyor.<\/p>\n\n\n\n<h2 class=\"wp-block-heading\">Apple hangi \u00fcr\u00fcnleri sat\u0131\u015ftan kald\u0131racak?<\/h2>\n\n\n\n<p class=\"wp-block-paragraph\">Yeni nesil cihazlar\u0131n tan\u0131t\u0131lmas\u0131yla birlikte eski modellerin sat\u0131\u015ftan \u00e7ekilmesi, Apple i\u00e7in al\u0131\u015f\u0131lm\u0131\u015f bir uygulama. \u015eirket, \u00f6zellikle Pro serisi iPhone modellerinde yeni nesil cihazlar\u0131 \u00f6ne \u00e7\u0131karmak amac\u0131yla \u00f6nceki modelleri resmi ma\u011fazalar\u0131ndan kald\u0131r\u0131yor.<\/p>\n\n\n\n<p class=\"wp-block-paragraph\">9 Eyl\u00fcl etkinli\u011fi sonras\u0131nda sat\u0131\u015ftan kald\u0131r\u0131lmas\u0131 beklenen \u00fcr\u00fcnler aras\u0131nda iPhone 17 Pro ve iPhone 17 Pro Max \u00f6ne \u00e7\u0131k\u0131yor. Yeni iPhone 18 Pro modellerinin tan\u0131t\u0131lmas\u0131yla birlikte bu iki cihaz\u0131n Apple Store\u2019daki yerini kaybetmesi bekleniyor.<\/p>\n\n\n\n<p class=\"wp-block-paragraph\">Bununla birlikte iPhone 16 ve iPhone 16 Plus i\u00e7in de sat\u0131\u015ftan kald\u0131r\u0131lma ihtimali bulunuyor. Ancak bu iki modelin gelece\u011fi konusunda hen\u00fcz kesinle\u015fmi\u015f bir bilgi bulunmuyor.<\/p>\n\n\n\n<p class=\"wp-block-paragraph\">Apple\u2019\u0131n giyilebilir \u00fcr\u00fcnlerinde ise Apple Watch Series 11 ve Apple Watch Ultra 3 modellerinin yeni nesil cihazlarla birlikte geri plana \u00e7ekilmesi bekleniyor.<\/p>\n\n\n\n<p class=\"wp-block-paragraph\">Ses \u00fcr\u00fcnleri taraf\u0131nda AirPods 4 ve AirPods 4 with ANC modelleri de de\u011fi\u015fiklik ya\u015famas\u0131 beklenen \u00fcr\u00fcnler aras\u0131nda bulunuyor.<\/p>\n\n\n\n<p class=\"wp-block-paragraph\">Apple\u2019\u0131n ev \u00fcr\u00fcnleri portf\u00f6y\u00fcnde ise Apple TV 4K (3. nesil), HomePod mini ve HomePod (2. nesil) modellerinin sat\u0131\u015ftan kald\u0131r\u0131labilece\u011fi \u00f6ne s\u00fcr\u00fcl\u00fcyor.<\/p>\n\n\n\n<figure class=\"wp-block-image size-full\"><img loading=\"lazy\" decoding=\"async\" width=\"1200\" height=\"675\" src=\"http:\/\/www.indir.com\/haber\/wp-content\/uploads\/2026\/09\/iphone-concept-renders-multi-camera-colors.webp\" alt=\"Apple hangi \u00fcr\u00fcnleri sat\u0131\u015ftan kald\u0131racak?\" class=\"wp-image-88837\" title=\"\"><\/figure>\n\n\n\n<h2 class=\"wp-block-heading\">iPhone 16 i\u00e7in belirsizlik s\u00fcr\u00fcyor<\/h2>\n\n\n\n<p class=\"wp-block-paragraph\">Apple\u2019\u0131n sat\u0131\u015ftan kald\u0131raca\u011f\u0131 \u00fcr\u00fcnler aras\u0131nda en dikkat \u00e7eken modellerden biri iPhone 16 ve iPhone 16 Plus. Normal \u015fartlarda \u015firketin yeni temel iPhone modelini tan\u0131tmas\u0131n\u0131n ard\u0131ndan eski nesil cihaz\u0131 sat\u0131\u015ftan \u00e7ekmesi beklenebilir.<\/p>\n\n\n\n<p class=\"wp-block-paragraph\">Ancak Apple\u2019\u0131n gelecek iPhone modelleriyle ilgili planlar\u0131n\u0131n de\u011fi\u015fmesi, bu ihtimali belirsiz hale getiriyor.<\/p>\n\n\n\n<p class=\"wp-block-paragraph\">Gelen raporlara g\u00f6re iPhone 18 ve iPhone Air 2 modellerinin 2027 y\u0131l\u0131na ertelenmesi bekleniyor. B\u00f6yle bir senaryoda Apple\u2019\u0131n iPhone 16 serisini daha uzun s\u00fcre sat\u0131\u015fta tutmas\u0131 m\u00fcmk\u00fcn olabilir.<\/p>\n\n\n\n<p class=\"wp-block-paragraph\">\u00d6zellikle son d\u00f6nemde elektronik \u00fcr\u00fcnlerde ya\u015fanan fiyat art\u0131\u015flar\u0131 da Apple\u2019\u0131n \u00fcr\u00fcn gam\u0131ndaki eski modelleri koruma karar\u0131n\u0131 etkileyebilir. \u015eirket, yeni modellerini daha y\u00fcksek fiyatlardan sat\u0131\u015fa sunarken eski nesil iPhone&#8217;lar\u0131 daha uygun fiyatl\u0131 alternatif olarak konumland\u0131rabilir.<\/p>\n\n\n\n<figure class=\"wp-block-image size-full\"><img loading=\"lazy\" decoding=\"async\" width=\"1320\" height=\"1334\" src=\"http:\/\/www.indir.com\/haber\/wp-content\/uploads\/2026\/09\/pink-and-blue-iphone-16-leaked-design-comparison.webp\" alt=\"iPhone 16 i\u00e7in belirsizlik s\u00fcr\u00fcyor\" class=\"wp-image-88838\" title=\"\"><\/figure>\n\n\n\n<h2 class=\"wp-block-heading\">Apple\u2019\u0131n karar\u0131 9 Eyl\u00fcl\u2019de netle\u015fecek<\/h2>\n\n\n\n<p class=\"wp-block-paragraph\">Apple\u2019\u0131n hangi \u00fcr\u00fcnleri sat\u0131\u015ftan kald\u0131raca\u011f\u0131 konusunda \u015fu an i\u00e7in kesin bir liste bulunmuyor. Ancak \u015firketin ge\u00e7mi\u015f y\u0131llardaki uygulamalar\u0131, yeni iPhone modellerinin tan\u0131t\u0131lmas\u0131n\u0131n ard\u0131ndan baz\u0131 eski cihazlar\u0131n Apple Store\u2019dan \u00e7\u0131kar\u0131labilece\u011fine i\u015faret ediyor.<\/p>\n\n\n\n<p class=\"wp-block-paragraph\">\u00d6zellikle iPhone 17 Pro, iPhone 17 Pro Max, Apple Watch modelleri, AirPods 4 ve baz\u0131 HomePod \u00fcr\u00fcnleri i\u00e7in sat\u0131\u015ftan kald\u0131r\u0131lma ihtimali \u00f6ne \u00e7\u0131k\u0131yor.<\/p>\n\n\n\n<p class=\"wp-block-paragraph\">Apple\u2019\u0131n 9 Eyl\u00fcl\u2019deki etkinli\u011fiyle birlikte hem yeni \u00fcr\u00fcnler hem de mevcut modellerin gelece\u011fi konusunda daha net bir tablo ortaya \u00e7\u0131kmas\u0131 bekleniyor.<\/p>\n","protected":false},"excerpt":{"rendered":"<p>Apple, 9 Eyl\u00fcl\u2019de d\u00fczenleyece\u011fi lansman etkinli\u011fiyle yeni \u00fcr\u00fcnlerini tan\u0131tmaya haz\u0131rlan\u0131yor. Yeni modellerin duyurulmas\u0131yla birlikte \u015firketin mevcut \u00fcr\u00fcn gam\u0131nda da \u00f6nemli de\u011fi\u015fiklikler ya\u015fanmas\u0131 bekleniyor. Apple\u2019\u0131n her y\u0131l uygulad\u0131\u011f\u0131 \u00fcr\u00fcn stratejisi do\u011frultusunda, baz\u0131 eski nesil cihazlar\u0131n etkinli\u011fin ard\u0131ndan resmi sat\u0131\u015f kanallar\u0131ndan kald\u0131r\u0131laca\u011f\u0131 tahmin ediliyor. Listede iPhone modellerinin yan\u0131 s\u0131ra Apple Watch, AirPods ve ev \u00fcr\u00fcnlerinin de bulunmas\u0131 [&hellip;]<\/p>\n","protected":false},"author":97,"featured_media":88836,"comment_status":"open","ping_status":"closed","sticky":false,"template":"","format":"standard","meta":{"footnotes":""},"categories":[61,46,1],"tags":[104,63,2712,99],"class_list":["post-88834","post","type-post","status-publish","format-standard","has-post-thumbnail","hentry","category-ios","category-mobil","category-teknoloji","tag-apple","tag-iphone","tag-mobil","tag-teknoloji"],"_links":{"self":[{"href":"https:\/\/www.indir.com\/haber\/wp-json\/wp\/v2\/posts\/88834","targetHints":{"allow":["GET"]}}],"collection":[{"href":"https:\/\/www.indir.com\/haber\/wp-json\/wp\/v2\/posts"}],"about":[{"href":"https:\/\/www.indir.com\/haber\/wp-json\/wp\/v2\/types\/post"}],"author":[{"embeddable":true,"href":"https:\/\/www.indir.com\/haber\/wp-json\/wp\/v2\/users\/97"}],"replies":[{"embeddable":true,"href":"https:\/\/www.indir.com\/haber\/wp-json\/wp\/v2\/comments?post=88834"}],"version-history":[{"count":1,"href":"https:\/\/www.indir.com\/haber\/wp-json\/wp\/v2\/posts\/88834\/revisions"}],"predecessor-version":[{"id":88839,"href":"https:\/\/www.indir.com\/haber\/wp-json\/wp\/v2\/posts\/88834\/revisions\/88839"}],"wp:featuredmedia":[{"embeddable":true,"href":"https:\/\/www.indir.com\/haber\/wp-json\/wp\/v2\/media\/88836"}],"wp:attachment":[{"href":"https:\/\/www.indir.com\/haber\/wp-json\/wp\/v2\/media?parent=88834"}],"wp:term":[{"taxonomy":"category","embeddable":true,"href":"https:\/\/www.indir.com\/haber\/wp-json\/wp\/v2\/categories?post=88834"},{"taxonomy":"post_tag","embeddable":true,"href":"https:\/\/www.indir.com\/haber\/wp-json\/wp\/v2\/tags?post=88834"}],"curies":[{"name":"wp","href":"https:\/\/api.w.org\/{rel}","templated":true}]}}