{"id":88823,"date":"2026-09-01T13:30:00","date_gmt":"2026-09-01T10:30:00","guid":{"rendered":"https:\/\/www.indir.com\/haber\/?p=88823"},"modified":"2026-09-01T11:11:28","modified_gmt":"2026-09-01T08:11:28","slug":"qualcommdan-cip-fiyatlarina-zam","status":"publish","type":"post","link":"https:\/\/www.indir.com\/haber\/qualcommdan-cip-fiyatlarina-zam\/","title":{"rendered":"Qualcomm\u2019dan \u00c7ip Fiyatlar\u0131na Zam"},"content":{"rendered":"\n<p class=\"wp-block-paragraph\">Ak\u0131ll\u0131 telefon sekt\u00f6r\u00fcnde \u00fcreticileri yak\u0131ndan ilgilendiren yeni bir maliyet bask\u0131s\u0131 g\u00fcndemde. Qualcomm, artan tedarik ve \u00fcretim giderleri nedeniyle \u00e7ip fiyatlar\u0131n\u0131 1 Eyl\u00fcl itibar\u0131yla \u00e7ift haneli oranlarda art\u0131rmaya haz\u0131rlan\u0131yor. Yeni fiyatland\u0131rman\u0131n bu tarihten sonra g\u00f6nderilecek bile\u015fenler i\u00e7in ge\u00e7erli olmas\u0131 bekleniyor.<\/p>\n\n\n\n<p class=\"wp-block-paragraph\">Qualcomm CEO\u2019su Cristiano Amon, tedarik\u00e7ilerden kaynaklanan maliyet art\u0131\u015flar\u0131n\u0131n \u015firket taraf\u0131ndan tek ba\u015f\u0131na kar\u015f\u0131lanmas\u0131n\u0131n art\u0131k m\u00fcmk\u00fcn olmad\u0131\u011f\u0131n\u0131 ve bu maliyetlerin bir b\u00f6l\u00fcm\u00fcn\u00fcn m\u00fc\u015fterilere yans\u0131t\u0131laca\u011f\u0131n\u0131 a\u00e7\u0131klad\u0131. Karar\u0131n, Qualcomm bile\u015fenlerini kullanan \u00e7ok say\u0131da ak\u0131ll\u0131 telefon \u00fcreticisinin maliyetlerini art\u0131rabilece\u011fi belirtiliyor.<\/p>\n\n\n\n<h2 class=\"wp-block-heading\">\u00c7ip Maliyetleri Neden Y\u00fckseliyor?<\/h2>\n\n\n\n<p class=\"wp-block-paragraph\">Teknoloji sekt\u00f6r\u00fcndeki maliyet art\u0131\u015flar\u0131n\u0131n arkas\u0131nda \u00f6zellikle DRAM ve depolama bile\u015fenlerindeki tedarik s\u0131k\u0131nt\u0131lar\u0131 bulunuyor. Bellek ve depolama \u00fcr\u00fcnlerinin fiyatlar\u0131nda ya\u015fanan y\u00fckseli\u015f, ak\u0131ll\u0131 telefonlardan tabletlere kadar bir\u00e7ok elektronik cihaz\u0131n \u00fcretim maliyetini do\u011frudan etkiliyor.<\/p>\n\n\n\n<p class=\"wp-block-paragraph\">\u00c7ip \u00fcretiminde kullan\u0131lan \u00e7e\u015fitli bile\u015fenlerin yan\u0131 s\u0131ra k\u00fcresel tedarik zincirindeki dalgalanmalar da firmalar\u0131n giderlerini art\u0131r\u0131yor. \u00dcreticiler bir yandan y\u00fcksek donan\u0131m maliyetleriyle m\u00fccadele ederken di\u011fer yandan rekabet\u00e7i fiyatlar\u0131 korumaya \u00e7al\u0131\u015f\u0131yor.<\/p>\n\n\n\n<p class=\"wp-block-paragraph\">Qualcomm\u2019un fiyat g\u00fcncellemesi bu nedenle yaln\u0131zca \u015firketin m\u00fc\u015fterileri a\u00e7\u0131s\u0131ndan de\u011fil, son kullan\u0131c\u0131lar bak\u0131m\u0131ndan da \u00f6nem ta\u015f\u0131yor. \u00dcreticilerin artan maliyetleri \u00fcr\u00fcn fiyatlar\u0131na yans\u0131tmas\u0131 halinde \u00f6zellikle \u00fcst segment ak\u0131ll\u0131 telefonlarda daha y\u00fcksek etiketler g\u00f6r\u00fclebilir.<\/p>\n\n\n\n<h2 class=\"wp-block-heading\">Apple, Qualcomm\u2019a Olan Ba\u011f\u0131ml\u0131l\u0131\u011f\u0131n\u0131 Azalt\u0131yor<\/h2>\n\n\n\n<p class=\"wp-block-paragraph\">Qualcomm\u2019un fiyat art\u0131\u015f\u0131ndan etkilenecek \u015firketlerin ba\u015f\u0131nda Apple da geliyor. Apple, kendi modem teknolojilerini geli\u015ftirmek i\u00e7in \u00e7al\u0131\u015fmalar\u0131n\u0131 s\u00fcrd\u00fcrse de baz\u0131 modellerinde Qualcomm \u00e7\u00f6z\u00fcmlerini kullanmaya devam ediyor.<\/p>\n\n\n\n<p class=\"wp-block-paragraph\">\u015eirketin \u00f6n\u00fcm\u00fczdeki d\u00f6nemde kendi geli\u015ftirdi\u011fi modem teknolojilerine daha fazla a\u011f\u0131rl\u0131k vermesi bekleniyor. Bu ge\u00e7i\u015f, Apple&#8217;\u0131n uzun vadede d\u0131\u015far\u0131dan modem tedarikine olan ihtiyac\u0131n\u0131 azaltabilir. Ancak kendi \u00e7\u00f6z\u00fcmlerine ge\u00e7i\u015f s\u00fcreci tamamlanana kadar Qualcomm, \u015firketin tedarik zincirindeki \u00f6nemli oyunculardan biri olmaya devam edecek.<\/p>\n\n\n\n<p class=\"wp-block-paragraph\">Qualcomm cephesinde ise Apple kaynakl\u0131 gelirin gelecekte azalabilece\u011fi \u00f6ng\u00f6r\u00fcl\u00fcyor. Amon, \u015firketin Apple&#8217;dan elde etti\u011fi gelirin y\u0131l\u0131n son \u00e7eyre\u011finde yakla\u015f\u0131k y\u00fczde 50 oran\u0131nda d\u00fc\u015febilece\u011fini ifade ediyor. Bu durum, iki teknoloji \u015firketi aras\u0131ndaki ticari ili\u015fkinin \u00f6n\u00fcm\u00fczdeki y\u0131llarda de\u011fi\u015febilece\u011fine i\u015faret ediyor.<\/p>\n\n\n\n<h2 class=\"wp-block-heading\">Samsung ve Di\u011fer \u00dcreticiler \u0130\u00e7in Yeni D\u00f6nem<\/h2>\n\n\n\n<p class=\"wp-block-paragraph\">Qualcomm\u2019un yeni fiyatland\u0131rma politikas\u0131n\u0131n t\u00fcm m\u00fc\u015fterilere ayn\u0131 \u015fekilde uygulanmas\u0131 beklenmiyor. \u015eirket, \u00fcreticilerle bireysel g\u00f6r\u00fc\u015fmeler ger\u00e7ekle\u015ftirerek fiyatlar\u0131 belirlemeyi planl\u0131yor. Dolay\u0131s\u0131yla sipari\u015f miktar\u0131, kullan\u0131lan teknoloji ve mevcut ticari anla\u015fmalar gibi unsurlar, firmalar\u0131n kar\u015f\u0131la\u015faca\u011f\u0131 maliyetleri de\u011fi\u015ftirebilir.<\/p>\n\n\n\n<p class=\"wp-block-paragraph\">Bu durum \u00f6zellikle Samsung gibi y\u00fcksek hacimli \u00fcretim yapan markalar a\u00e7\u0131s\u0131ndan \u00f6nem ta\u015f\u0131yor. B\u00fcy\u00fck \u00fcreticiler, y\u00fcksek sipari\u015f hacimleri sayesinde daha avantajl\u0131 ko\u015fullar elde edebilirken daha k\u00fc\u00e7\u00fck firmalar ayn\u0131 pazarl\u0131k g\u00fcc\u00fcne sahip olmayabilir.<\/p>\n\n\n\n<p class=\"wp-block-paragraph\">\u00dcreticilerin \u00f6n\u00fcnde ise birka\u00e7 farkl\u0131 se\u00e7enek bulunuyor. Firmalar artan \u00e7ip maliyetlerini do\u011frudan \u00fcr\u00fcn fiyatlar\u0131na yans\u0131tabilir, k\u00e2r marjlar\u0131n\u0131 d\u00fc\u015f\u00fcrebilir veya baz\u0131 modellerde donan\u0131m tercihlerini de\u011fi\u015ftirebilir. Hangi y\u00f6ntemin tercih edilece\u011fi, markalar\u0131n fiyat politikalar\u0131na ve t\u00fcketici talebine ba\u011fl\u0131 olacak.<\/p>\n\n\n\n<h2 class=\"wp-block-heading\">Zam T\u00fcketiciye Nas\u0131l Yans\u0131yacak?<\/h2>\n\n\n\n<p class=\"wp-block-paragraph\">\u00c7ip fiyatlar\u0131ndaki art\u0131\u015f\u0131n telefonlar\u0131n sat\u0131\u015f fiyat\u0131na <strong>do\u011frudan ve ayn\u0131 oranda yans\u0131mas\u0131 zorunlu de\u011fil<\/strong>. Bir ak\u0131ll\u0131 telefonun nihai fiyat\u0131n\u0131 yaln\u0131zca i\u015flemci veya modem maliyeti belirlemiyor. Ekran, kamera, bellek, depolama, batarya, \u00fcretim, lojistik ve yaz\u0131l\u0131m gibi \u00e7ok say\u0131da kalem toplam maliyet \u00fczerinde etkili oluyor.<\/p>\n\n\n\n<p class=\"wp-block-paragraph\">Bununla birlikte Qualcomm\u2019un \u00f6nemli say\u0131da \u00fcreticiye \u00e7ip tedarik etmesi, ya\u015fanan art\u0131\u015f\u0131n sekt\u00f6rde zincirleme bir maliyet bask\u0131s\u0131 olu\u015fturma ihtimalini art\u0131r\u0131yor. \u00d6zellikle yeni modellerin piyasaya \u00e7\u0131k\u0131\u015f d\u00f6nemlerinde \u00fcreticilerin bu giderleri nas\u0131l dengeleyece\u011fi daha net g\u00f6r\u00fclecek.<\/p>\n\n\n\n<p class=\"wp-block-paragraph\">\u00d6n\u00fcm\u00fczdeki d\u00f6nemde ak\u0131ll\u0131 telefon pazar\u0131nda yaln\u0131zca teknik \u00f6zellikler de\u011fil, \u00fcretim maliyetleri ve fiyatland\u0131rma stratejileri de rekabetin belirleyici unsurlar\u0131ndan biri olabilir. Qualcomm\u2019un att\u0131\u011f\u0131 bu ad\u0131m\u0131n ard\u0131ndan di\u011fer \u00e7ip ve bile\u015fen \u00fcreticilerinin nas\u0131l bir yol izleyece\u011fi de sekt\u00f6r a\u00e7\u0131s\u0131ndan yak\u0131ndan takip edilecek.<\/p>\n","protected":false},"excerpt":{"rendered":"<p>Ak\u0131ll\u0131 telefon sekt\u00f6r\u00fcnde \u00fcreticileri yak\u0131ndan ilgilendiren yeni bir maliyet bask\u0131s\u0131 g\u00fcndemde. Qualcomm, artan tedarik ve \u00fcretim giderleri nedeniyle \u00e7ip fiyatlar\u0131n\u0131 1 Eyl\u00fcl itibar\u0131yla \u00e7ift haneli oranlarda art\u0131rmaya haz\u0131rlan\u0131yor. Yeni fiyatland\u0131rman\u0131n bu tarihten sonra g\u00f6nderilecek bile\u015fenler i\u00e7in ge\u00e7erli olmas\u0131 bekleniyor. Qualcomm CEO\u2019su Cristiano Amon, tedarik\u00e7ilerden kaynaklanan maliyet art\u0131\u015flar\u0131n\u0131n \u015firket taraf\u0131ndan tek ba\u015f\u0131na kar\u015f\u0131lanmas\u0131n\u0131n art\u0131k m\u00fcmk\u00fcn olmad\u0131\u011f\u0131n\u0131 [&hellip;]<\/p>\n","protected":false},"author":95,"featured_media":88825,"comment_status":"open","ping_status":"closed","sticky":false,"template":"","format":"standard","meta":{"footnotes":""},"categories":[46],"tags":[899,8651],"class_list":["post-88823","post","type-post","status-publish","format-standard","has-post-thumbnail","hentry","category-mobil","tag-qualcomm","tag-zam"],"_links":{"self":[{"href":"https:\/\/www.indir.com\/haber\/wp-json\/wp\/v2\/posts\/88823","targetHints":{"allow":["GET"]}}],"collection":[{"href":"https:\/\/www.indir.com\/haber\/wp-json\/wp\/v2\/posts"}],"about":[{"href":"https:\/\/www.indir.com\/haber\/wp-json\/wp\/v2\/types\/post"}],"author":[{"embeddable":true,"href":"https:\/\/www.indir.com\/haber\/wp-json\/wp\/v2\/users\/95"}],"replies":[{"embeddable":true,"href":"https:\/\/www.indir.com\/haber\/wp-json\/wp\/v2\/comments?post=88823"}],"version-history":[{"count":1,"href":"https:\/\/www.indir.com\/haber\/wp-json\/wp\/v2\/posts\/88823\/revisions"}],"predecessor-version":[{"id":88826,"href":"https:\/\/www.indir.com\/haber\/wp-json\/wp\/v2\/posts\/88823\/revisions\/88826"}],"wp:featuredmedia":[{"embeddable":true,"href":"https:\/\/www.indir.com\/haber\/wp-json\/wp\/v2\/media\/88825"}],"wp:attachment":[{"href":"https:\/\/www.indir.com\/haber\/wp-json\/wp\/v2\/media?parent=88823"}],"wp:term":[{"taxonomy":"category","embeddable":true,"href":"https:\/\/www.indir.com\/haber\/wp-json\/wp\/v2\/categories?post=88823"},{"taxonomy":"post_tag","embeddable":true,"href":"https:\/\/www.indir.com\/haber\/wp-json\/wp\/v2\/tags?post=88823"}],"curies":[{"name":"wp","href":"https:\/\/api.w.org\/{rel}","templated":true}]}}