{"id":88814,"date":"2026-09-01T12:30:00","date_gmt":"2026-09-01T09:30:00","guid":{"rendered":"https:\/\/www.indir.com\/haber\/?p=88814"},"modified":"2026-09-01T10:45:52","modified_gmt":"2026-09-01T07:45:52","slug":"iphone-18-pro-icin-beklenen-3-yenilik","status":"publish","type":"post","link":"https:\/\/www.indir.com\/haber\/iphone-18-pro-icin-beklenen-3-yenilik\/","title":{"rendered":"iPhone 18 Pro \u0130\u00e7in Beklenen 3 Yenilik"},"content":{"rendered":"\n<p class=\"wp-block-paragraph\">Apple, yeni nesil amiral gemisi iPhone 18 Pro\u2019yu tan\u0131tmaya haz\u0131rlan\u0131yor. Yeni model; pil \u00f6mr\u00fc, kamera \u00f6zellikleri ve tasar\u0131m taraf\u0131nda yap\u0131lmas\u0131 beklenen \u00f6nemli de\u011fi\u015fikliklerle dikkat \u00e7ekiyor.<\/p>\n\n\n\n<p class=\"wp-block-paragraph\">Apple\u2019\u0131n gelecek hafta d\u00fczenleyece\u011fi etkinlikte iPhone 18 Pro serisini resmen tan\u0131tmas\u0131 bekleniyor. iPhone 17 Pro\u2019nun \u00fczerinden hen\u00fcz bir y\u0131l ge\u00e7mi\u015f olsa da yeni modelin donan\u0131m taraf\u0131ndaki \u00f6nemli geli\u015ftirmelerle kullan\u0131c\u0131lar\u0131n kar\u015f\u0131s\u0131na \u00e7\u0131kaca\u011f\u0131 \u00f6ne s\u00fcr\u00fcl\u00fcyor.<\/p>\n\n\n\n<p class=\"wp-block-paragraph\">\u00d6zellikle i\u015flemci verimlili\u011fi, kamera teknolojileri ve tasar\u0131m de\u011fi\u015fiklikleri, iPhone 18 Pro\u2019yu \u00f6nceki nesilden ay\u0131racak en \u00f6nemli noktalar aras\u0131nda yer al\u0131yor.<\/p>\n\n\n\n<h2 class=\"wp-block-heading\">iPhone 18 Pro Nas\u0131l Olacak?<\/h2>\n\n\n\n<h3 class=\"wp-block-heading\">Daha Uzun Pil \u00d6mr\u00fc Bekleniyor<\/h3>\n\n\n\n<p class=\"wp-block-paragraph\">iPhone 18 Pro serisinde Apple\u2019\u0131n pil performans\u0131na \u00f6nemli \u00f6l\u00e7\u00fcde odaklanmas\u0131 bekleniyor.<\/p>\n\n\n\n<p class=\"wp-block-paragraph\">Yeni modelde 2 nm \u00fcretim s\u00fcreciyle geli\u015ftirilen A20 Pro i\u015flemcinin kullan\u0131laca\u011f\u0131 ve daha y\u00fcksek performans sunarken enerji t\u00fcketimini azaltaca\u011f\u0131 iddia ediliyor. Bunun yan\u0131nda LTPO+ ekran teknolojisinin de g\u00fc\u00e7 t\u00fcketiminin d\u00fc\u015f\u00fcr\u00fclmesine katk\u0131 sa\u011flayaca\u011f\u0131 belirtiliyor.<\/p>\n\n\n\n<p class=\"wp-block-paragraph\">Apple\u2019\u0131n kendi geli\u015ftirdi\u011fi C2 modeminin de enerji verimlili\u011fi konusunda \u00f6nemli bir avantaj sunmas\u0131 bekleniyor. Donan\u0131m taraf\u0131ndaki bu geli\u015fmelere ek olarak, \u00f6zellikle iPhone 18 Pro Max modelinde daha b\u00fcy\u00fck fiziksel batarya kullan\u0131lmas\u0131 g\u00fcndemde.T\u00fcm bu de\u011fi\u015fikliklerin sonucunda yeni iPhone modellerinin tek \u015farjla daha uzun s\u00fcre kullan\u0131labilece\u011fi tahmin ediliyor.<\/p>\n\n\n\n<figure class=\"wp-block-image size-full\"><img loading=\"lazy\" decoding=\"async\" width=\"1200\" height=\"600\" src=\"http:\/\/www.indir.com\/haber\/wp-content\/uploads\/2026\/09\/full-battery-life-tech-presentation-outdoor.webp\" alt=\"Daha Uzun Pil \u00d6mr\u00fc Bekleniyor\" class=\"wp-image-88821\" title=\"\"><\/figure>\n\n\n\n<h3 class=\"wp-block-heading\">Kamera Sisteminde B\u00fcy\u00fck De\u011fi\u015fiklik<\/h3>\n\n\n\n<p class=\"wp-block-paragraph\">iPhone 18 Pro\u2019nun en dikkat \u00e7ekici yeniliklerinden birinin kamera sistemi olmas\u0131 bekleniyor. Bloomberg\u2019den Mark Gurman\u2019\u0131n aktard\u0131\u011f\u0131 bilgilere g\u00f6re Apple, yeni modelde ana kameraya de\u011fi\u015fken diyafram teknolojisi eklemeye haz\u0131rlan\u0131yor. Bu teknoloji sayesinde kamera, farkl\u0131 \u0131\u015f\u0131k ko\u015fullar\u0131na daha iyi uyum sa\u011flayabilecek. De\u011fi\u015fken diyafram\u0131n \u00f6zellikle d\u00fc\u015f\u00fck \u0131\u015f\u0131kta foto\u011fraf kalitesini art\u0131rmas\u0131 ve alan derinli\u011fi \u00fczerinde daha fazla kontrol sa\u011flamas\u0131 bekleniyor. S\u0131z\u0131nt\u0131lara g\u00f6re daha b\u00fcy\u00fck kamera donan\u0131m\u0131 nedeniyle arka taraftaki kamera \u00e7\u0131k\u0131nt\u0131s\u0131 da yakla\u015f\u0131k 2 mm b\u00fcy\u00fcyebilir. Telefoto kamerada yap\u0131lmas\u0131 beklenen diyafram geli\u015ftirmesinin ise yak\u0131nla\u015ft\u0131r\u0131lm\u0131\u015f g\u00f6r\u00fcnt\u00fclerde daha iyi sonu\u00e7lar sunmas\u0131 bekleniyor.<\/p>\n\n\n\n<figure class=\"wp-block-image size-full\"><img loading=\"lazy\" decoding=\"async\" width=\"1200\" height=\"600\" src=\"http:\/\/www.indir.com\/haber\/wp-content\/uploads\/2026\/09\/iphone-pro-triple-camera-lenses-close-up.webp\" alt=\"Kamera Sisteminde B\u00fcy\u00fck De\u011fi\u015fiklik\" class=\"wp-image-88820\" title=\"\"><\/figure>\n\n\n\n<h3 class=\"wp-block-heading\">Tasar\u0131mda Dikkat \u00c7eken Yenilikler<\/h3>\n\n\n\n<p class=\"wp-block-paragraph\">Apple\u2019\u0131n iPhone 18 Pro ile tasar\u0131m taraf\u0131nda da baz\u0131 \u00f6nemli de\u011fi\u015fiklikler yapaca\u011f\u0131 iddia ediliyor. S\u0131z\u0131nt\u0131larda Dark Cherry ve Light Blue olarak adland\u0131r\u0131lan yeni renk se\u00e7eneklerinden s\u00f6z ediliyor. Bunun yan\u0131 s\u0131ra cihaz\u0131n \u00f6n y\u00fcz\u00fcndeki en \u00f6nemli de\u011fi\u015fikliklerden biri Dinamik Ada olabilir.\u0130ddialara g\u00f6re Dinamik Ada yakla\u015f\u0131k y\u00fczde 35 oran\u0131nda k\u00fc\u00e7\u00fclt\u00fclecek. B\u00f6ylece ekran\u0131n kullan\u0131labilir alan\u0131n\u0131n art\u0131r\u0131lmas\u0131 ve daha modern bir g\u00f6r\u00fcn\u00fcm elde edilmesi hedefleniyor. Arka tasar\u0131mda ise iPhone 17 Pro serisindeki iki tonlu g\u00f6r\u00fcn\u00fcm\u00fcn yerine cam ve al\u00fcminyumun daha b\u00fct\u00fcnle\u015fik g\u00f6r\u00fcnd\u00fc\u011f\u00fc yeni bir tasar\u0131m anlay\u0131\u015f\u0131na ge\u00e7ilece\u011fi belirtiliyor.<\/p>\n\n\n\n<figure class=\"wp-block-image size-full\"><img loading=\"lazy\" decoding=\"async\" width=\"1200\" height=\"600\" src=\"http:\/\/www.indir.com\/haber\/wp-content\/uploads\/2026\/09\/iphone-abstract-orange-wave-wallpaper.webp\" alt=\"iPhone 17 Pro&#039;dan Ge\u00e7meye De\u011fer mi?\" class=\"wp-image-88819\" title=\"\"><\/figure>\n\n\n\n<h2 class=\"wp-block-heading\">iPhone 17 Pro&#8217;dan Ge\u00e7meye De\u011fer mi?<\/h2>\n\n\n\n<p class=\"wp-block-paragraph\">iPhone 18 Pro ile ilgili ortaya \u00e7\u0131kan bilgiler do\u011fru \u00e7\u0131karsa Apple, yeni modelde yaln\u0131zca i\u015flemci performans\u0131n\u0131 art\u0131rmakla kalmayacak; pil, kamera ve tasar\u0131m alanlar\u0131nda da kullan\u0131c\u0131 deneyimini do\u011frudan etkileyen de\u011fi\u015fikliklere imza atacak. \u00d6zellikle de\u011fi\u015fken diyaframl\u0131 kamera, daha verimli A20 Pro i\u015flemci ve k\u00fc\u00e7\u00fclt\u00fclm\u00fc\u015f Dinamik Ada, yeni modelin \u00f6ne \u00e7\u0131kan \u00f6zellikleri aras\u0131nda olabilir. Ancak iPhone 17 Pro sahipleri i\u00e7in y\u00fckseltmenin ne kadar gerekli oldu\u011fu, Apple\u2019\u0131n etkinlikte a\u00e7\u0131klayaca\u011f\u0131 fiyat ve di\u011fer teknik \u00f6zelliklere ba\u011fl\u0131 olacak.<\/p>\n\n\n\n<p class=\"wp-block-paragraph\">Siz iPhone 18 Pro\u2019da hangi yenili\u011fi daha \u00f6nemli buluyorsunuz? Sizce iPhone 17 Pro\u2019dan yeni modele ge\u00e7meye de\u011fer mi? G\u00f6r\u00fc\u015flerinizi yorumlarda payla\u015fabilirsiniz.<\/p>\n","protected":false},"excerpt":{"rendered":"<p>Apple, yeni nesil amiral gemisi iPhone 18 Pro\u2019yu tan\u0131tmaya haz\u0131rlan\u0131yor. Yeni model; pil \u00f6mr\u00fc, kamera \u00f6zellikleri ve tasar\u0131m taraf\u0131nda yap\u0131lmas\u0131 beklenen \u00f6nemli de\u011fi\u015fikliklerle dikkat \u00e7ekiyor. Apple\u2019\u0131n gelecek hafta d\u00fczenleyece\u011fi etkinlikte iPhone 18 Pro serisini resmen tan\u0131tmas\u0131 bekleniyor. iPhone 17 Pro\u2019nun \u00fczerinden hen\u00fcz bir y\u0131l ge\u00e7mi\u015f olsa da yeni modelin donan\u0131m taraf\u0131ndaki \u00f6nemli geli\u015ftirmelerle kullan\u0131c\u0131lar\u0131n kar\u015f\u0131s\u0131na [&hellip;]<\/p>\n","protected":false},"author":97,"featured_media":88818,"comment_status":"open","ping_status":"closed","sticky":false,"template":"","format":"standard","meta":{"footnotes":""},"categories":[61,46,1],"tags":[63,12318,2712],"class_list":["post-88814","post","type-post","status-publish","format-standard","has-post-thumbnail","hentry","category-ios","category-mobil","category-teknoloji","tag-iphone","tag-iphone-18-pro","tag-mobil"],"_links":{"self":[{"href":"https:\/\/www.indir.com\/haber\/wp-json\/wp\/v2\/posts\/88814","targetHints":{"allow":["GET"]}}],"collection":[{"href":"https:\/\/www.indir.com\/haber\/wp-json\/wp\/v2\/posts"}],"about":[{"href":"https:\/\/www.indir.com\/haber\/wp-json\/wp\/v2\/types\/post"}],"author":[{"embeddable":true,"href":"https:\/\/www.indir.com\/haber\/wp-json\/wp\/v2\/users\/97"}],"replies":[{"embeddable":true,"href":"https:\/\/www.indir.com\/haber\/wp-json\/wp\/v2\/comments?post=88814"}],"version-history":[{"count":1,"href":"https:\/\/www.indir.com\/haber\/wp-json\/wp\/v2\/posts\/88814\/revisions"}],"predecessor-version":[{"id":88822,"href":"https:\/\/www.indir.com\/haber\/wp-json\/wp\/v2\/posts\/88814\/revisions\/88822"}],"wp:featuredmedia":[{"embeddable":true,"href":"https:\/\/www.indir.com\/haber\/wp-json\/wp\/v2\/media\/88818"}],"wp:attachment":[{"href":"https:\/\/www.indir.com\/haber\/wp-json\/wp\/v2\/media?parent=88814"}],"wp:term":[{"taxonomy":"category","embeddable":true,"href":"https:\/\/www.indir.com\/haber\/wp-json\/wp\/v2\/categories?post=88814"},{"taxonomy":"post_tag","embeddable":true,"href":"https:\/\/www.indir.com\/haber\/wp-json\/wp\/v2\/tags?post=88814"}],"curies":[{"name":"wp","href":"https:\/\/api.w.org\/{rel}","templated":true}]}}