{"id":88813,"date":"2026-09-01T11:30:00","date_gmt":"2026-09-01T08:30:00","guid":{"rendered":"https:\/\/www.indir.com\/haber\/?p=88813"},"modified":"2026-09-01T10:27:00","modified_gmt":"2026-09-01T07:27:00","slug":"instagram-yapay-zeka-etiketi-zorunlu-oldu","status":"publish","type":"post","link":"https:\/\/www.indir.com\/haber\/instagram-yapay-zeka-etiketi-zorunlu-oldu\/","title":{"rendered":"Instagram Yapay Zek\u00e2 Etiketi Zorunlu Oldu!"},"content":{"rendered":"\n<p class=\"wp-block-paragraph\">Instagram, yapay zeka destekli profiller i\u00e7in &#8220;Yapay Zeka Taraf\u0131ndan Olu\u015fturulmu\u015f Profil&#8221; etiketini zorunlu k\u0131ld\u0131. Uymayanlar k\u0131s\u0131tlanacak.<\/p>\n\n\n\n<h2 class=\"wp-block-heading\">Sanal Karakterler A\u00e7\u0131k\u00e7a Belirtilmek Zorunda<\/h2>\n\n\n\n<p class=\"wp-block-paragraph\">Ger\u00e7ek insanlardan ay\u0131rt edilmesi giderek zorla\u015fan sentetik i\u00e7eriklerin artmas\u0131 \u00fczerine harekete ge\u00e7en Instagram, kullan\u0131c\u0131lar\u0131n takip ettikleri profillerin ger\u00e7ek mi yoksa yapay zeka \u00fcretimi mi oldu\u011funu bilme hakk\u0131n\u0131 g\u00fcvence alt\u0131na al\u0131yor.<\/p>\n\n\n\n<p class=\"wp-block-paragraph\">Daha \u00f6nce iste\u011fe ba\u011fl\u0131 sunulan etiketleme sistemi, sanal influencer ve yapay zeka modellerini temsil eden profiller i\u00e7in art\u0131k zorunlu bir gereklilik haline geldi.<\/p>\n\n\n\n<figure class=\"wp-block-image size-full\"><img loading=\"lazy\" decoding=\"async\" width=\"1127\" height=\"698\" src=\"http:\/\/www.indir.com\/haber\/wp-content\/uploads\/2026\/09\/instagram-app-logo-on-smartphone-screen.webp\" alt=\"Instagram Yapay Zek\u00e2 Etiketi Zorunlu Oldu!\" class=\"wp-image-88815\" title=\"\"><\/figure>\n\n\n\n<h2 class=\"wp-block-heading\">Etiket Takmayan Hesaplara Algoritmik Yapt\u0131r\u0131m<\/h2>\n\n\n\n<p class=\"wp-block-paragraph\">Yeni kurallara g\u00f6re yapay zeka ki\u015fili\u011fi bar\u0131nd\u0131ran ancak profilini etiketlemeyi reddeden hesaplara a\u011f\u0131r k\u0131s\u0131tlamalar uygulanacak:<\/p>\n\n\n\n<ul class=\"wp-block-list\">\n<li><strong><em>Ke\u015ffet ve Reels Engeli:<\/em><\/strong> <em>Etiketsiz sanal profillerin i\u00e7erikleri<\/em> <strong><em>Reels<\/em><\/strong> <em>ve<\/em> <strong><em>Ke\u015ffet (Explore)<\/em><\/strong> <em>sekmelerinde kullan\u0131c\u0131lara daha az \u00f6nerilecek.<\/em><\/li>\n<\/ul>\n\n\n\n<ul class=\"wp-block-list\">\n<li><strong><em>Eri\u015fim S\u0131n\u0131rlamas\u0131:<\/em><\/strong> <em>Algoritmik olarak da\u011f\u0131t\u0131m\u0131 k\u0131s\u0131tlanan bu hesaplar\u0131n organik etkile\u015fim ve eri\u015fim oranlar\u0131 ciddi oranda d\u00fc\u015f\u00fcr\u00fclecek.<\/em><\/li>\n<\/ul>\n\n\n\n<ul class=\"wp-block-list\">\n<li><strong><em>Kurala Uyanlara Ceza Yok:<\/em><\/strong> <em>Profiline proaktif olarak yapay zeka etiketini ekleyen hesaplar ise standart eri\u015fimlerini kaybetmeden i\u00e7erik \u00fcretmeye devam edebilecek.<\/em><\/li>\n<\/ul>\n\n\n\n<h2 class=\"wp-block-heading\">Kimler Bu Etiketi Kullanmak Zorunda?<\/h2>\n\n\n\n<p class=\"wp-block-paragraph\">Instagram, yaln\u0131zca i\u00e7erik \u00fcretim s\u00fcre\u00e7lerinde yard\u0131mc\u0131 ara\u00e7 olarak yapay zekadan faydalanan ger\u00e7ek i\u00e7erik \u00fcreticileri ile tamamen yapay zeka \u00fczerine kurulu &#8220;sanal insan\/influencer&#8221; hesaplar\u0131 aras\u0131nda net bir ayr\u0131m yap\u0131yor. Bir insan taraf\u0131ndan y\u00f6netilip yaln\u0131zca kurgu veya g\u00f6rsel iyile\u015ftirmede yapay zeka kullanan \u00fcreticilerin bu profil etiketini eklemesi gerekmiyor; kural do\u011frudan sentetik ki\u015filik profillerini hedefliyor.<\/p>\n\n\n\n<p class=\"wp-block-paragraph\"><\/p>\n","protected":false},"excerpt":{"rendered":"<p>Instagram, yapay zeka destekli profiller i\u00e7in &#8220;Yapay Zeka Taraf\u0131ndan Olu\u015fturulmu\u015f Profil&#8221; etiketini zorunlu k\u0131ld\u0131. Uymayanlar k\u0131s\u0131tlanacak. Sanal Karakterler A\u00e7\u0131k\u00e7a Belirtilmek Zorunda Ger\u00e7ek insanlardan ay\u0131rt edilmesi giderek zorla\u015fan sentetik i\u00e7eriklerin artmas\u0131 \u00fczerine harekete ge\u00e7en Instagram, kullan\u0131c\u0131lar\u0131n takip ettikleri profillerin ger\u00e7ek mi yoksa yapay zeka \u00fcretimi mi oldu\u011funu bilme hakk\u0131n\u0131 g\u00fcvence alt\u0131na al\u0131yor. Daha \u00f6nce iste\u011fe ba\u011fl\u0131 [&hellip;]<\/p>\n","protected":false},"author":99,"featured_media":88816,"comment_status":"open","ping_status":"closed","sticky":false,"template":"","format":"standard","meta":{"footnotes":""},"categories":[1],"tags":[],"class_list":["post-88813","post","type-post","status-publish","format-standard","has-post-thumbnail","hentry","category-teknoloji"],"_links":{"self":[{"href":"https:\/\/www.indir.com\/haber\/wp-json\/wp\/v2\/posts\/88813","targetHints":{"allow":["GET"]}}],"collection":[{"href":"https:\/\/www.indir.com\/haber\/wp-json\/wp\/v2\/posts"}],"about":[{"href":"https:\/\/www.indir.com\/haber\/wp-json\/wp\/v2\/types\/post"}],"author":[{"embeddable":true,"href":"https:\/\/www.indir.com\/haber\/wp-json\/wp\/v2\/users\/99"}],"replies":[{"embeddable":true,"href":"https:\/\/www.indir.com\/haber\/wp-json\/wp\/v2\/comments?post=88813"}],"version-history":[{"count":1,"href":"https:\/\/www.indir.com\/haber\/wp-json\/wp\/v2\/posts\/88813\/revisions"}],"predecessor-version":[{"id":88817,"href":"https:\/\/www.indir.com\/haber\/wp-json\/wp\/v2\/posts\/88813\/revisions\/88817"}],"wp:featuredmedia":[{"embeddable":true,"href":"https:\/\/www.indir.com\/haber\/wp-json\/wp\/v2\/media\/88816"}],"wp:attachment":[{"href":"https:\/\/www.indir.com\/haber\/wp-json\/wp\/v2\/media?parent=88813"}],"wp:term":[{"taxonomy":"category","embeddable":true,"href":"https:\/\/www.indir.com\/haber\/wp-json\/wp\/v2\/categories?post=88813"},{"taxonomy":"post_tag","embeddable":true,"href":"https:\/\/www.indir.com\/haber\/wp-json\/wp\/v2\/tags?post=88813"}],"curies":[{"name":"wp","href":"https:\/\/api.w.org\/{rel}","templated":true}]}}