{"id":88809,"date":"2026-09-01T10:30:00","date_gmt":"2026-09-01T07:30:00","guid":{"rendered":"https:\/\/www.indir.com\/haber\/?p=88809"},"modified":"2026-09-01T10:17:09","modified_gmt":"2026-09-01T07:17:09","slug":"yanan-skywellin-sahibi-magduriyetini-anlatti","status":"publish","type":"post","link":"https:\/\/www.indir.com\/haber\/yanan-skywellin-sahibi-magduriyetini-anlatti\/","title":{"rendered":"Yanan Skywell&#8217;in Sahibi Ma\u011fduriyetini Anlatt\u0131!"},"content":{"rendered":"\n<p class=\"wp-block-paragraph\">Yanan Skywell arac\u0131n sahibi, yang\u0131n sonras\u0131 raporlama gecikmesi ve marka deste\u011finin yetersizli\u011finden dolay\u0131 ya\u015fad\u0131\u011f\u0131 ma\u011fduriyeti payla\u015ft\u0131.<\/p>\n\n\n\n<h2 class=\"wp-block-heading\">Park Halindeyken Alev Alan Ara\u00e7 Kullan\u0131lamaz Hale Geldi<\/h2>\n\n\n\n<p class=\"wp-block-paragraph\">Olay\u0131 aktaran ara\u00e7 sahibinin ifadelerine g\u00f6re; arac\u0131n park halindeyken\/kullan\u0131m esnas\u0131nda aniden dumanlar \u00e7\u0131karmaya ba\u015flad\u0131\u011f\u0131 ve k\u0131sa s\u00fcrede alevlere teslim oldu\u011fu belirtildi. \u0130tfaiye ekiplerinin m\u00fcdahalesine ra\u011fmen lityum-iyon batarya yang\u0131nlar\u0131n\u0131n g\u00fc\u00e7 s\u00f6nd\u00fcr\u00fclmesi nedeniyle ara\u00e7 tamamen k\u00fcle d\u00f6nerek kullan\u0131lamaz hale geldi.<\/p>\n\n\n\n<figure class=\"wp-block-image size-full\"><img loading=\"lazy\" decoding=\"async\" width=\"1127\" height=\"698\" src=\"http:\/\/www.indir.com\/haber\/wp-content\/uploads\/2026\/09\/firefighters-extinguishing-lifted-electric-car-fire.webp\" alt=\"Yanan Skywell&#039;in Sahibi Ma\u011fduriyetini Anlatt\u0131!\" class=\"wp-image-88811\" title=\"\"><\/figure>\n\n\n\n<h2 class=\"wp-block-heading\">Sat\u0131\u015f Sonras\u0131 S\u00fcre\u00e7 ve Ma\u011fduriyet \u0130ddialar\u0131<\/h2>\n\n\n\n<p class=\"wp-block-paragraph\">Yang\u0131n\u0131n ard\u0131ndan as\u0131l krizin distrib\u00fct\u00f6r ve servis s\u00fcre\u00e7lerinde ba\u015flad\u0131\u011f\u0131n\u0131 belirten ara\u00e7 sahibi, \u015fu noktalara dikkat \u00e7ekti:<\/p>\n\n\n\n<ul class=\"wp-block-list\">\n<li><strong>Ekspertiz ve Raporlama Gecikmesi:<\/strong> Yang\u0131n\u0131n \u00e7\u0131k\u0131\u015f nedenine (batarya termal ka\u00e7ak, elektriksel k\u0131sa devre vb.) dair ba\u011f\u0131ms\u0131z ve detayl\u0131 teknik inceleme s\u00fcre\u00e7lerinin uzad\u0131\u011f\u0131 \u00f6ne s\u00fcr\u00fcld\u00fc.<\/li>\n\n\n\n<li><strong>\u0130leti\u015fim ve \u0130kame Deste\u011fi Yetersizli\u011fi:<\/strong> Kullan\u0131c\u0131, ma\u011fduriyetin giderilmesi, yeni ara\u00e7 temini veya kasko\/garanti kapsam\u0131ndaki zararlar\u0131n kar\u015f\u0131lanmas\u0131 noktas\u0131nda markadan bekledi\u011fi h\u0131zl\u0131 ve yap\u0131c\u0131 geri d\u00f6n\u00fc\u015f\u00fc alamad\u0131\u011f\u0131n\u0131 savundu.<\/li>\n<\/ul>\n\n\n\n<h2 class=\"wp-block-heading\">Elektrikli Ara\u00e7larda Yang\u0131n G\u00fcvenli\u011fi Neden \u00d6nemli?<\/h2>\n\n\n\n<p class=\"wp-block-paragraph\">Uzmanlar, elektrikli ara\u00e7 yang\u0131nlar\u0131n\u0131n geleneksel i\u00e7ten yanmal\u0131 motorlara k\u0131yasla \u00e7ok daha y\u00fcksek s\u0131cakl\u0131klara ula\u015ft\u0131\u011f\u0131na ve termal ka\u00e7ak (thermal runaway) riskine kar\u015f\u0131 \u00fcretici firmalar\u0131n batarya koruma z\u0131rh\u0131 ve acil durum protokollerinde en y\u00fcksek standartlar\u0131 uygulamas\u0131 gerekti\u011fine vurgu yap\u0131yor.<\/p>\n","protected":false},"excerpt":{"rendered":"<p>Yanan Skywell arac\u0131n sahibi, yang\u0131n sonras\u0131 raporlama gecikmesi ve marka deste\u011finin yetersizli\u011finden dolay\u0131 ya\u015fad\u0131\u011f\u0131 ma\u011fduriyeti payla\u015ft\u0131. Park Halindeyken Alev Alan Ara\u00e7 Kullan\u0131lamaz Hale Geldi Olay\u0131 aktaran ara\u00e7 sahibinin ifadelerine g\u00f6re; arac\u0131n park halindeyken\/kullan\u0131m esnas\u0131nda aniden dumanlar \u00e7\u0131karmaya ba\u015flad\u0131\u011f\u0131 ve k\u0131sa s\u00fcrede alevlere teslim oldu\u011fu belirtildi. \u0130tfaiye ekiplerinin m\u00fcdahalesine ra\u011fmen lityum-iyon batarya yang\u0131nlar\u0131n\u0131n g\u00fc\u00e7 s\u00f6nd\u00fcr\u00fclmesi nedeniyle [&hellip;]<\/p>\n","protected":false},"author":99,"featured_media":88810,"comment_status":"open","ping_status":"closed","sticky":false,"template":"","format":"standard","meta":{"footnotes":""},"categories":[1],"tags":[],"class_list":["post-88809","post","type-post","status-publish","format-standard","has-post-thumbnail","hentry","category-teknoloji"],"_links":{"self":[{"href":"https:\/\/www.indir.com\/haber\/wp-json\/wp\/v2\/posts\/88809","targetHints":{"allow":["GET"]}}],"collection":[{"href":"https:\/\/www.indir.com\/haber\/wp-json\/wp\/v2\/posts"}],"about":[{"href":"https:\/\/www.indir.com\/haber\/wp-json\/wp\/v2\/types\/post"}],"author":[{"embeddable":true,"href":"https:\/\/www.indir.com\/haber\/wp-json\/wp\/v2\/users\/99"}],"replies":[{"embeddable":true,"href":"https:\/\/www.indir.com\/haber\/wp-json\/wp\/v2\/comments?post=88809"}],"version-history":[{"count":1,"href":"https:\/\/www.indir.com\/haber\/wp-json\/wp\/v2\/posts\/88809\/revisions"}],"predecessor-version":[{"id":88812,"href":"https:\/\/www.indir.com\/haber\/wp-json\/wp\/v2\/posts\/88809\/revisions\/88812"}],"wp:featuredmedia":[{"embeddable":true,"href":"https:\/\/www.indir.com\/haber\/wp-json\/wp\/v2\/media\/88810"}],"wp:attachment":[{"href":"https:\/\/www.indir.com\/haber\/wp-json\/wp\/v2\/media?parent=88809"}],"wp:term":[{"taxonomy":"category","embeddable":true,"href":"https:\/\/www.indir.com\/haber\/wp-json\/wp\/v2\/categories?post=88809"},{"taxonomy":"post_tag","embeddable":true,"href":"https:\/\/www.indir.com\/haber\/wp-json\/wp\/v2\/tags?post=88809"}],"curies":[{"name":"wp","href":"https:\/\/api.w.org\/{rel}","templated":true}]}}