{"id":88799,"date":"2026-08-31T18:30:00","date_gmt":"2026-08-31T15:30:00","guid":{"rendered":"https:\/\/www.indir.com\/haber\/?p=88799"},"modified":"2026-08-31T14:53:01","modified_gmt":"2026-08-31T11:53:01","slug":"xiaominin-ilk-nas-cihazi-resmen-satisa-cikti","status":"publish","type":"post","link":"https:\/\/www.indir.com\/haber\/xiaominin-ilk-nas-cihazi-resmen-satisa-cikti\/","title":{"rendered":"Xiaomi&#8217;nin \u0130lk NAS Cihaz\u0131 Resmen Sat\u0131\u015fa \u00c7\u0131kt\u0131\u00a0"},"content":{"rendered":"\n<p class=\"wp-block-paragraph\">Xiaomi, merakla beklenen ilk NAS cihaz\u0131n\u0131 sat\u0131\u015fa sundu. HyperOS deste\u011fi, geni\u015f depolama kapasitesi ve uygun fiyat\u0131yla dikkat \u00e7eken model raflarda.<\/p>\n\n\n\n<p class=\"wp-block-paragraph\">Geni\u015f \u00fcr\u00fcn yelpazesiyle ak\u0131ll\u0131 ev ekosisteminde lider markalardan biri olan Xiaomi, veri g\u00fcvenli\u011fine ve yerel bulut depolamaya \u00f6nem veren kullan\u0131c\u0131lar i\u00e7in \u00f6nemli bir ad\u0131m att\u0131. Markan\u0131n uzun s\u00fcredir \u00fczerinde \u00e7al\u0131\u015ft\u0131\u011f\u0131 ilk NAS (A\u011fa Ba\u011fl\u0131 Depolama) cihaz\u0131, resmi lansman\u0131n ard\u0131ndan raflardaki yerini ald\u0131.<\/p>\n\n\n\n<h2 class=\"wp-block-heading\">Xiaomi NAS \u00d6zellikleri Neler Sunuyor?<\/h2>\n\n\n\n<p class=\"wp-block-paragraph\">Hem ev kullan\u0131c\u0131lar\u0131na hem de k\u00fc\u00e7\u00fck ofislere hitap eden Xiaomi&#8217;nin yeni depolama \u00e7\u00f6z\u00fcm\u00fc, g\u00fc\u00e7l\u00fc donan\u0131m ve ak\u0131ll\u0131 yaz\u0131l\u0131m \u00f6zelliklerini bir araya getiriyor:<\/p>\n\n\n\n<figure class=\"wp-block-image size-full\"><img loading=\"lazy\" decoding=\"async\" width=\"1127\" height=\"698\" src=\"https:\/\/www.indir.com\/haber\/wp-content\/uploads\/2026\/08\/dual-bay-external-hard-drive-enclosure-nas-with-8tb-wd-drive.webp\" alt=\"Xiaomi&#039;nin \u0130lk NAS Cihaz\u0131 Resmen Sat\u0131\u015fa \u00c7\u0131kt\u0131\u00a0\" class=\"wp-image-88801\" title=\"\" srcset=\"https:\/\/www.indir.com\/haber\/wp-content\/uploads\/2026\/08\/dual-bay-external-hard-drive-enclosure-nas-with-8tb-wd-drive.webp 1127w, https:\/\/www.indir.com\/haber\/wp-content\/uploads\/2026\/08\/dual-bay-external-hard-drive-enclosure-nas-with-8tb-wd-drive-291x180.webp 291w, https:\/\/www.indir.com\/haber\/wp-content\/uploads\/2026\/08\/dual-bay-external-hard-drive-enclosure-nas-with-8tb-wd-drive-767x475.webp 767w\" sizes=\"auto, (max-width: 1127px) 100vw, 1127px\" \/><\/figure>\n\n\n\n<ul class=\"wp-block-list\">\n<li><strong>HyperOS Ve Ekosistem Entegrasyonu:<\/strong> HyperOS i\u015fletim sistemiyle tam uyumlu \u00e7al\u0131\u015fan cihaz, ak\u0131ll\u0131 telefonlar, tabletler, bilgisayarlar ve TV&#8217;ler \u00fczerinden an\u0131nda otomatik yedekleme ve h\u0131zl\u0131 dosya eri\u015fimi sa\u011fl\u0131yor.<\/li>\n\n\n\n<li><strong>Geni\u015f Depolama Deste\u011fi:<\/strong> \u00c7oklu disk yuvas\u0131 (HDD\/SSD) deste\u011fi sayesinde terabaytlarca veriyi g\u00fcvenle saklama, RAID yap\u0131land\u0131rmalar\u0131yla veri kayb\u0131n\u0131 \u00f6nleme imk\u00e2n\u0131 sunuyor.<\/li>\n\n\n\n<li><strong>Yapay Zek\u00e2 Destekli Medya Y\u00f6netimi:<\/strong> Cihazda yer alan yerle\u015fik yapay zek\u00e2 algoritmalar\u0131, foto\u011fraflar\u0131 y\u00fcz tan\u0131ma, nesne ve konum bazl\u0131 olarak otomatik kategorize ediyor.<\/li>\n\n\n\n<li><strong>Y\u00fcksek H\u0131zl\u0131 Ba\u011flant\u0131:<\/strong> Y\u00fcksek h\u0131zl\u0131 Ethernet portlar\u0131 ve USB ba\u011flant\u0131 noktalar\u0131 sayesinde a\u011f i\u00e7i ve d\u0131\u015f\u0131 veri aktar\u0131mlar\u0131nda kesintisiz ve ak\u0131c\u0131 performans sunuyor.<\/li>\n\n\n\n<li><strong>Ki\u015fisel Bulut Deneyimi:<\/strong> \u00dc\u00e7\u00fcnc\u00fc taraf bulut servislerine abonelik \u00fccreti \u00f6demeden, kullan\u0131c\u0131lar\u0131n kendi g\u00fcvenli ki\u015fisel bulut sunucular\u0131n\u0131 kurmalar\u0131na olanak tan\u0131yor.<\/li>\n<\/ul>\n\n\n\n<h2 class=\"wp-block-heading\">Xiaomi NAS Fiyat\u0131 Ne Kadar?<\/h2>\n\n\n\n<p class=\"wp-block-paragraph\">Fiyat-performans odakl\u0131 konumland\u0131r\u0131lan NAS, ilk olarak \u00c7in pazar\u0131nda rekabet\u00e7i bir fiyat etiketiyle \u00f6n sipari\u015fe a\u00e7\u0131ld\u0131. Modelin \u00f6n\u00fcm\u00fczdeki d\u00f6nemde k\u00fcresel pazara ve T\u00fcrkiye\u2019ye de gelmesi bekleniyor.<\/p>\n","protected":false},"excerpt":{"rendered":"<p>Xiaomi, merakla beklenen ilk NAS cihaz\u0131n\u0131 sat\u0131\u015fa sundu. HyperOS deste\u011fi, geni\u015f depolama kapasitesi ve uygun fiyat\u0131yla dikkat \u00e7eken model raflarda. Geni\u015f \u00fcr\u00fcn yelpazesiyle ak\u0131ll\u0131 ev ekosisteminde lider markalardan biri olan Xiaomi, veri g\u00fcvenli\u011fine ve yerel bulut depolamaya \u00f6nem veren kullan\u0131c\u0131lar i\u00e7in \u00f6nemli bir ad\u0131m att\u0131. Markan\u0131n uzun s\u00fcredir \u00fczerinde \u00e7al\u0131\u015ft\u0131\u011f\u0131 ilk NAS (A\u011fa Ba\u011fl\u0131 Depolama) [&hellip;]<\/p>\n","protected":false},"author":99,"featured_media":88800,"comment_status":"open","ping_status":"closed","sticky":false,"template":"","format":"standard","meta":{"footnotes":""},"categories":[1],"tags":[],"class_list":["post-88799","post","type-post","status-publish","format-standard","has-post-thumbnail","hentry","category-teknoloji"],"_links":{"self":[{"href":"https:\/\/www.indir.com\/haber\/wp-json\/wp\/v2\/posts\/88799","targetHints":{"allow":["GET"]}}],"collection":[{"href":"https:\/\/www.indir.com\/haber\/wp-json\/wp\/v2\/posts"}],"about":[{"href":"https:\/\/www.indir.com\/haber\/wp-json\/wp\/v2\/types\/post"}],"author":[{"embeddable":true,"href":"https:\/\/www.indir.com\/haber\/wp-json\/wp\/v2\/users\/99"}],"replies":[{"embeddable":true,"href":"https:\/\/www.indir.com\/haber\/wp-json\/wp\/v2\/comments?post=88799"}],"version-history":[{"count":1,"href":"https:\/\/www.indir.com\/haber\/wp-json\/wp\/v2\/posts\/88799\/revisions"}],"predecessor-version":[{"id":88802,"href":"https:\/\/www.indir.com\/haber\/wp-json\/wp\/v2\/posts\/88799\/revisions\/88802"}],"wp:featuredmedia":[{"embeddable":true,"href":"https:\/\/www.indir.com\/haber\/wp-json\/wp\/v2\/media\/88800"}],"wp:attachment":[{"href":"https:\/\/www.indir.com\/haber\/wp-json\/wp\/v2\/media?parent=88799"}],"wp:term":[{"taxonomy":"category","embeddable":true,"href":"https:\/\/www.indir.com\/haber\/wp-json\/wp\/v2\/categories?post=88799"},{"taxonomy":"post_tag","embeddable":true,"href":"https:\/\/www.indir.com\/haber\/wp-json\/wp\/v2\/tags?post=88799"}],"curies":[{"name":"wp","href":"https:\/\/api.w.org\/{rel}","templated":true}]}}