{"id":88795,"date":"2026-08-31T16:30:00","date_gmt":"2026-08-31T13:30:00","guid":{"rendered":"https:\/\/www.indir.com\/haber\/?p=88795"},"modified":"2026-08-31T13:55:37","modified_gmt":"2026-08-31T10:55:37","slug":"caviardan-radyasyon-olcebilen-iphone-17-pro-max","status":"publish","type":"post","link":"https:\/\/www.indir.com\/haber\/caviardan-radyasyon-olcebilen-iphone-17-pro-max\/","title":{"rendered":"Caviar\u2019dan Radyasyon \u00d6l\u00e7ebilen iPhone 17 Pro Max"},"content":{"rendered":"\n<p class=\"wp-block-paragraph\">L\u00fcks ak\u0131ll\u0131 telefon tasar\u0131mlar\u0131yla tan\u0131nan Caviar, yine olduk\u00e7a s\u0131ra d\u0131\u015f\u0131 bir modelle g\u00fcndeme geldi. \u015eirket, iPhone 17 Pro Max temelinde haz\u0131rlad\u0131\u011f\u0131 yeni \u00f6zel tasar\u0131m\u0131nda radyasyon \u00f6l\u00e7\u00fcm \u00f6zelli\u011fini ak\u0131ll\u0131 telefonla bir araya getirdi.<\/p>\n\n\n\n<p class=\"wp-block-paragraph\">\u201cGrand Complications\u201d koleksiyonuna dahil edilen Geiger isimli model, yaln\u0131zca g\u00f6steri\u015fli tasar\u0131m\u0131yla de\u011fil, arka b\u00f6l\u00fcm\u00fcnde yer alan ger\u00e7ek bir Geiger-M\u00fcller sayac\u0131yla da dikkat \u00e7ekiyor. Cihaz, bulundu\u011fu ortamdaki gama radyasyonu seviyesini \u00f6l\u00e7erek sonu\u00e7lar\u0131 kullan\u0131c\u0131ya anl\u0131k olarak g\u00f6sterebiliyor.<\/p>\n\n\n\n<h2 class=\"wp-block-heading\">iPhone\u2019un Arkas\u0131na Radyasyon \u00d6l\u00e7er Yerle\u015ftirildi<\/h2>\n\n\n\n<p class=\"wp-block-paragraph\">Caviar\u2019\u0131n \u00f6zel tasar\u0131m\u0131n\u0131n merkezinde SIG-RM1208 isimli dozimetre bulunuyor. Arka panelin ortas\u0131na yerle\u015ftirilen bu sistem, i\u00e7erisinde bulunan Geiger-M\u00fcller t\u00fcp\u00fc arac\u0131l\u0131\u011f\u0131yla \u00e7evredeki gama radyasyonunu alg\u0131l\u0131yor.<\/p>\n\n\n\n<p class=\"wp-block-paragraph\">\u00d6l\u00e7\u00fcm sonu\u00e7lar\u0131 mikro-sievert\/saat (\u00b5Sv\/h) cinsinden cihaz \u00fczerindeki dijital ekranda g\u00f6steriliyor. B\u00f6ylece kullan\u0131c\u0131, bulundu\u011fu ortamda \u00f6l\u00e7\u00fclen radyasyon seviyesini do\u011frudan telefonun arkas\u0131ndaki g\u00f6stergeden takip edebiliyor.<\/p>\n\n\n\n<p class=\"wp-block-paragraph\">Sistem yaln\u0131zca \u00f6l\u00e7\u00fcm yapmakla da s\u0131n\u0131rl\u0131 de\u011fil. Belirlenen g\u00fcvenlik seviyesinin \u00fczerine \u00e7\u0131k\u0131lmas\u0131 durumunda kullan\u0131c\u0131ya sesli ve g\u00f6rsel uyar\u0131 verilebiliyor. Bu \u00f6zellik, cihaz\u0131 klasik bir l\u00fcks telefon tasar\u0131m\u0131ndan ay\u0131ran en \u00f6nemli detay olarak \u00f6ne \u00e7\u0131k\u0131yor.<\/p>\n\n\n\n<h2 class=\"wp-block-heading\">\u0130svi\u00e7re Mekanizmal\u0131 Saat de Bulunuyor<\/h2>\n\n\n\n<p class=\"wp-block-paragraph\">Caviar, radyasyon \u00f6l\u00e7\u00fcm sistemini klasik saat tasar\u0131m\u0131yla da birle\u015ftirmi\u015f. Geiger modelinde zaman g\u00f6stergesi i\u00e7in \u0130svi\u00e7re \u00fcretimi Ronda 763 kuartz mekanizma kullan\u0131l\u0131yor.<\/p>\n\n\n\n<p class=\"wp-block-paragraph\">Telefonun arkas\u0131ndaki \u00f6zel b\u00f6l\u00fcm b\u00f6ylece hem analog saat hem de dijital radyasyon g\u00f6stergesi olarak g\u00f6rev yap\u0131yor. Ak\u0131ll\u0131 telefonun modern yap\u0131s\u0131yla mekanik saat g\u00f6r\u00fcn\u00fcm\u00fcn\u00fc bir araya getiren tasar\u0131m, Caviar\u2019\u0131n l\u00fcks ve s\u0131ra d\u0131\u015f\u0131 \u00fcr\u00fcn anlay\u0131\u015f\u0131n\u0131 yans\u0131t\u0131yor.<\/p>\n\n\n\n<figure class=\"wp-block-image size-full\"><img loading=\"lazy\" decoding=\"async\" width=\"684\" height=\"1691\" src=\"http:\/\/www.indir.com\/haber\/wp-content\/uploads\/2026\/08\/caviar-custom-iphone-watch-radiation-detector.webp\" alt=\"End\u00fcstriyel G\u00f6r\u00fcn\u00fcm \u00d6n Planda\" class=\"wp-image-88797\" title=\"\"><\/figure>\n\n\n\n<h2 class=\"wp-block-heading\">End\u00fcstriyel G\u00f6r\u00fcn\u00fcm \u00d6n Planda<\/h2>\n\n\n\n<p class=\"wp-block-paragraph\">Geiger modelinin tasar\u0131m\u0131nda klasik iPhone \u00e7izgilerinden olduk\u00e7a farkl\u0131 bir yakla\u015f\u0131m tercih edilmi\u015f. Cihaz\u0131n arka b\u00f6l\u00fcm\u00fcnde f\u0131r\u00e7alanm\u0131\u015f metal paneller, end\u00fcstriyel vidalar ve teknik detaylar kullan\u0131l\u0131yor.<\/p>\n\n\n\n<p class=\"wp-block-paragraph\">Telefonun g\u00f6vdesindeki k\u0131rm\u0131z\u0131 \u00e7izgiler ve kabartmal\u0131 radyasyon sembol\u00fc ise modelin temel temas\u0131n\u0131 do\u011frudan ortaya koyuyor. Ayr\u0131ca her cihaz i\u00e7in \u00f6zel bir \u00fcretim numaras\u0131 bulunuyor ve \u00fcr\u00fcnle birlikte orijinallik sertifikas\u0131 da sunuluyor.<\/p>\n\n\n\n<p class=\"wp-block-paragraph\">Caviar, tasar\u0131mda yaln\u0131zca g\u00f6rsel farkl\u0131l\u0131\u011fa de\u011fil, cihaz\u0131n koleksiyon de\u011ferine de odaklan\u0131yor. Bu nedenle Geiger modeli, standart bir ak\u0131ll\u0131 telefondan \u00e7ok s\u0131n\u0131rl\u0131 say\u0131da \u00fcretilen \u00f6zel bir koleksiyon \u00fcr\u00fcn\u00fc olarak konumland\u0131r\u0131l\u0131yor.<\/p>\n\n\n\n<h2 class=\"wp-block-heading\">iPhone\u2019dan \u00c7ok Koleksiyonluk Bir \u00dcr\u00fcn<\/h2>\n\n\n\n<p class=\"wp-block-paragraph\">Caviar\u2019\u0131n yeni modeli, g\u00fcnl\u00fck kullan\u0131m i\u00e7in tasarlanm\u0131\u015f standart bir iPhone\u2019dan olduk\u00e7a farkl\u0131 bir noktada duruyor. \u015eirket, iPhone 17 Pro Max\u2019in teknolojisini kendi l\u00fcks tasar\u0131m anlay\u0131\u015f\u0131yla birle\u015ftirirken, radyasyon \u00f6l\u00e7\u00fcm \u00f6zelli\u011fini de \u00fcr\u00fcn\u00fcn merkezine yerle\u015ftiriyor.<\/p>\n\n\n\n<p class=\"wp-block-paragraph\">\u00d6zel modelin mavi deri detaylara ve alt\u0131n renkli aksesuarlara sahip Caviar Royal hediye kutusuyla sunulaca\u011f\u0131 belirtiliyor. S\u0131n\u0131rl\u0131 \u00fcretim olmas\u0131 da cihaz\u0131n koleksiyonculara hitap eden y\u00f6n\u00fcn\u00fc g\u00fc\u00e7lendiriyor.<\/p>\n\n\n\n<p class=\"wp-block-paragraph\">Caviar\u2019\u0131n Geiger modeli, ak\u0131ll\u0131 telefon d\u00fcnyas\u0131nda olduk\u00e7a al\u0131\u015f\u0131lmad\u0131k bir kombinasyonu ortaya \u00e7\u0131kar\u0131yor: iPhone 17 Pro Max, l\u00fcks saat ve ger\u00e7ek zamanl\u0131 radyasyon \u00f6l\u00e7\u00fcm cihaz\u0131. Bu s\u0131ra d\u0131\u015f\u0131 \u00fcr\u00fcn, \u015firketin daha \u00f6nceki \u00f6zel tasar\u0131mlar\u0131 gibi teknoloji ile g\u00f6steri\u015fli tasar\u0131m\u0131 ayn\u0131 g\u00f6vdede bulu\u015fturuyor.<\/p>\n","protected":false},"excerpt":{"rendered":"<p>L\u00fcks ak\u0131ll\u0131 telefon tasar\u0131mlar\u0131yla tan\u0131nan Caviar, yine olduk\u00e7a s\u0131ra d\u0131\u015f\u0131 bir modelle g\u00fcndeme geldi. \u015eirket, iPhone 17 Pro Max temelinde haz\u0131rlad\u0131\u011f\u0131 yeni \u00f6zel tasar\u0131m\u0131nda radyasyon \u00f6l\u00e7\u00fcm \u00f6zelli\u011fini ak\u0131ll\u0131 telefonla bir araya getirdi. \u201cGrand Complications\u201d koleksiyonuna dahil edilen Geiger isimli model, yaln\u0131zca g\u00f6steri\u015fli tasar\u0131m\u0131yla de\u011fil, arka b\u00f6l\u00fcm\u00fcnde yer alan ger\u00e7ek bir Geiger-M\u00fcller sayac\u0131yla da dikkat \u00e7ekiyor. [&hellip;]<\/p>\n","protected":false},"author":97,"featured_media":88796,"comment_status":"open","ping_status":"closed","sticky":false,"template":"","format":"standard","meta":{"footnotes":""},"categories":[61,46],"tags":[12335,12334,63,2712],"class_list":["post-88795","post","type-post","status-publish","format-standard","has-post-thumbnail","hentry","category-ios","category-mobil","tag-17-pro-max","tag-caviar","tag-iphone","tag-mobil"],"_links":{"self":[{"href":"https:\/\/www.indir.com\/haber\/wp-json\/wp\/v2\/posts\/88795","targetHints":{"allow":["GET"]}}],"collection":[{"href":"https:\/\/www.indir.com\/haber\/wp-json\/wp\/v2\/posts"}],"about":[{"href":"https:\/\/www.indir.com\/haber\/wp-json\/wp\/v2\/types\/post"}],"author":[{"embeddable":true,"href":"https:\/\/www.indir.com\/haber\/wp-json\/wp\/v2\/users\/97"}],"replies":[{"embeddable":true,"href":"https:\/\/www.indir.com\/haber\/wp-json\/wp\/v2\/comments?post=88795"}],"version-history":[{"count":1,"href":"https:\/\/www.indir.com\/haber\/wp-json\/wp\/v2\/posts\/88795\/revisions"}],"predecessor-version":[{"id":88798,"href":"https:\/\/www.indir.com\/haber\/wp-json\/wp\/v2\/posts\/88795\/revisions\/88798"}],"wp:featuredmedia":[{"embeddable":true,"href":"https:\/\/www.indir.com\/haber\/wp-json\/wp\/v2\/media\/88796"}],"wp:attachment":[{"href":"https:\/\/www.indir.com\/haber\/wp-json\/wp\/v2\/media?parent=88795"}],"wp:term":[{"taxonomy":"category","embeddable":true,"href":"https:\/\/www.indir.com\/haber\/wp-json\/wp\/v2\/categories?post=88795"},{"taxonomy":"post_tag","embeddable":true,"href":"https:\/\/www.indir.com\/haber\/wp-json\/wp\/v2\/tags?post=88795"}],"curies":[{"name":"wp","href":"https:\/\/api.w.org\/{rel}","templated":true}]}}