{"id":88788,"date":"2026-08-31T16:30:00","date_gmt":"2026-08-31T13:30:00","guid":{"rendered":"https:\/\/www.indir.com\/haber\/?p=88788"},"modified":"2026-08-31T13:23:01","modified_gmt":"2026-08-31T10:23:01","slug":"yeni-bmw-x7-yakalandi-v8-motorunu-koruyor","status":"publish","type":"post","link":"https:\/\/www.indir.com\/haber\/yeni-bmw-x7-yakalandi-v8-motorunu-koruyor\/","title":{"rendered":"Yeni BMW X7 Yakaland\u0131: V8 Motorunu Koruyor!\u00a0"},"content":{"rendered":"\n<p class=\"wp-block-paragraph\">BMW, amiral gemisi X7 modelini yeniliyor! Yeni tasar\u0131m\u0131 ve g\u00fc\u00e7l\u00fc V8 motoruyla casus kameralara yakalanan model, l\u00fcks SUV tutkunlar\u0131n\u0131 heyecanland\u0131r\u0131yor.<\/p>\n\n\n\n<p class=\"wp-block-paragraph\">Alman Otomotiv Devi BMW, L\u00fcks SUV Segmentindeki Liderli\u011fini S\u00fcrd\u00fcrmek Ad\u0131na Amiral Gemisi Modeli BMW X7\u2019yi Yenilemeye Haz\u0131rlan\u0131yor. Kamuflajl\u0131 Olarak Pistte Ve Yollarda Test Edilirken G\u00f6r\u00fcnt\u00fclenen Yeni BMW X7, Otomobil Tutkunlar\u0131n\u0131 Sevindirecek \u00d6nemli Bir Detay\u0131 Da Beraberinde Getirdi: Elektri\u011fe Ge\u00e7i\u015f S\u00fcrecine Ra\u011fmen Efsanevi V8 Motor Se\u00e7ene\u011fi Varl\u0131\u011f\u0131n\u0131 S\u00fcrd\u00fcr\u00fcyor.<\/p>\n\n\n\n<h2 class=\"wp-block-heading\">Yeni BMW X7 Tasar\u0131m\u0131 Ve \u00d6ne \u00c7\u0131kan Detaylar\u0131<\/h2>\n\n\n\n<p class=\"wp-block-paragraph\">Casus Foto\u011fraflardan Yans\u0131yan \u0130pu\u00e7lar\u0131na G\u00f6re Yeni Nesil  X7, Hem D\u0131\u015f Tasar\u0131mda Hem De Kaputun Alt\u0131nda \u00d6nemli Yeniliklerle Geliyor:<\/p>\n\n\n\n<figure class=\"wp-block-image size-full\"><img loading=\"lazy\" decoding=\"async\" width=\"1127\" height=\"698\" src=\"http:\/\/www.indir.com\/haber\/wp-content\/uploads\/2026\/08\/bmw-suv-prototype-spy-photo-nurburgring-testing.webp\" alt=\"Yeni BMW X7 Yakaland\u0131: V8 Motorunu Koruyor!\" class=\"wp-image-88790\" title=\"\"><\/figure>\n\n\n\n<ul class=\"wp-block-list\">\n<li><strong>\u0130konik Tasar\u0131m Ve Yeni I\u015f\u0131k \u0130mzas\u0131:<\/strong> \u00d6n Tarafta Geni\u015f B\u00f6brek Izgara Yap\u0131s\u0131n\u0131 Koruyan Model, Yenilenen \u0130nce LED Far Tasar\u0131m\u0131 Ve Daha Keskin \u00d6n Tampon Hatlar\u0131yla \u00c7ok Daha Heybetli Bir G\u00f6r\u00fcn\u00fcm Sunuyor.<\/li>\n\n\n\n<li><strong>G\u00fc\u00e7l\u00fc V8 Motor Se\u00e7ene\u011fi:<\/strong> S\u0131k\u0131 Emisyon Kurallar\u0131na Ra\u011fmen BMW, Performans Tutkunlar\u0131 \u0130\u00e7in \u00c7ift Turbo Beslemeli V8 Motor Blo\u011funu Hafif Hibrit (Mild-Hybrid) Deste\u011fiyle Donatarak \u00dcr\u00fcn Gam\u0131nda Tutmaya Devam Ediyor.<\/li>\n\n\n\n<li><strong>Son Nesil Dijital Kokpit:<\/strong> \u0130\u00e7 Mek\u00e2nda BMW\u2019nin En G\u00fcncel Kavisli Ekran Mimarisi (Curved Display), Yeni Nesil iDrive \u0130\u015fletim Sistemi Ve Geli\u015fmi\u015f Seviye Otonom S\u00fcr\u00fc\u015f Asistanlar\u0131 Yer Alacak.<\/li>\n\n\n\n<li><strong>\u00dcst D\u00fczey Konfor Ve L\u00fcks:<\/strong> \u00dc\u00e7 S\u0131ral\u0131 Geni\u015f Oturma D\u00fczeni, Panoramik Cam Tavan, Masajl\u0131 Koltuklar Ve \u00dcst S\u0131n\u0131f Ses Sistemiyle L\u00fcks SUV Deneyimi Zirveye Ta\u015f\u0131n\u0131yor.<\/li>\n<\/ul>\n\n\n\n<h2 class=\"wp-block-heading\">Yeni BMW X7 Ne Zaman Tan\u0131t\u0131lacak?<\/h2>\n\n\n\n<p class=\"wp-block-paragraph\">Test S\u00fcreci Devam Eden Yeni  X7\u2019nin Resmi Olarak \u00d6n\u00fcm\u00fczdeki D\u00f6nemde Tan\u0131t\u0131lmas\u0131 Ve K\u00fcresel Pazarlarda Sat\u0131\u015fa Sunulmas\u0131 Planlan\u0131yor. Modelin T\u00fcrkiye Pazar\u0131na Da Benzinli, Dizel Ve Hibrit Destekli Motor Se\u00e7enekleriyle Giri\u015f Yapmas\u0131 Bekleniyor.<\/p>\n","protected":false},"excerpt":{"rendered":"<p>BMW, amiral gemisi X7 modelini yeniliyor! Yeni tasar\u0131m\u0131 ve g\u00fc\u00e7l\u00fc V8 motoruyla casus kameralara yakalanan model, l\u00fcks SUV tutkunlar\u0131n\u0131 heyecanland\u0131r\u0131yor. Alman Otomotiv Devi BMW, L\u00fcks SUV Segmentindeki Liderli\u011fini S\u00fcrd\u00fcrmek Ad\u0131na Amiral Gemisi Modeli BMW X7\u2019yi Yenilemeye Haz\u0131rlan\u0131yor. Kamuflajl\u0131 Olarak Pistte Ve Yollarda Test Edilirken G\u00f6r\u00fcnt\u00fclenen Yeni BMW X7, Otomobil Tutkunlar\u0131n\u0131 Sevindirecek \u00d6nemli Bir Detay\u0131 Da [&hellip;]<\/p>\n","protected":false},"author":99,"featured_media":88791,"comment_status":"open","ping_status":"closed","sticky":false,"template":"","format":"standard","meta":{"footnotes":""},"categories":[1],"tags":[],"class_list":["post-88788","post","type-post","status-publish","format-standard","has-post-thumbnail","hentry","category-teknoloji"],"_links":{"self":[{"href":"https:\/\/www.indir.com\/haber\/wp-json\/wp\/v2\/posts\/88788","targetHints":{"allow":["GET"]}}],"collection":[{"href":"https:\/\/www.indir.com\/haber\/wp-json\/wp\/v2\/posts"}],"about":[{"href":"https:\/\/www.indir.com\/haber\/wp-json\/wp\/v2\/types\/post"}],"author":[{"embeddable":true,"href":"https:\/\/www.indir.com\/haber\/wp-json\/wp\/v2\/users\/99"}],"replies":[{"embeddable":true,"href":"https:\/\/www.indir.com\/haber\/wp-json\/wp\/v2\/comments?post=88788"}],"version-history":[{"count":2,"href":"https:\/\/www.indir.com\/haber\/wp-json\/wp\/v2\/posts\/88788\/revisions"}],"predecessor-version":[{"id":88793,"href":"https:\/\/www.indir.com\/haber\/wp-json\/wp\/v2\/posts\/88788\/revisions\/88793"}],"wp:featuredmedia":[{"embeddable":true,"href":"https:\/\/www.indir.com\/haber\/wp-json\/wp\/v2\/media\/88791"}],"wp:attachment":[{"href":"https:\/\/www.indir.com\/haber\/wp-json\/wp\/v2\/media?parent=88788"}],"wp:term":[{"taxonomy":"category","embeddable":true,"href":"https:\/\/www.indir.com\/haber\/wp-json\/wp\/v2\/categories?post=88788"},{"taxonomy":"post_tag","embeddable":true,"href":"https:\/\/www.indir.com\/haber\/wp-json\/wp\/v2\/tags?post=88788"}],"curies":[{"name":"wp","href":"https:\/\/api.w.org\/{rel}","templated":true}]}}