{"id":88784,"date":"2026-08-31T15:30:00","date_gmt":"2026-08-31T12:30:00","guid":{"rendered":"https:\/\/www.indir.com\/haber\/?p=88784"},"modified":"2026-08-31T13:24:58","modified_gmt":"2026-08-31T10:24:58","slug":"windows-11-kullanicilarina-onedrive-mujdesi","status":"publish","type":"post","link":"https:\/\/www.indir.com\/haber\/windows-11-kullanicilarina-onedrive-mujdesi\/","title":{"rendered":"Windows 11 Kullan\u0131c\u0131lar\u0131na OneDrive M\u00fcjdesi"},"content":{"rendered":"\n<p class=\"wp-block-paragraph\">Windows 11 kullan\u0131c\u0131lar\u0131n\u0131n uzun s\u00fcredir kar\u015f\u0131la\u015ft\u0131\u011f\u0131 OneDrive yedekleme hat\u0131rlat\u0131c\u0131lar\u0131 i\u00e7in Microsoft\u2019tan dikkat \u00e7eken bir de\u011fi\u015fiklik geldi. \u015eirket, kullan\u0131c\u0131lar\u0131 belirli aral\u0131klarla yedekleme yapmaya y\u00f6nlendiren bildirim ekran\u0131na yeni bir se\u00e7enek ekledi.<\/p>\n\n\n\n<p class=\"wp-block-paragraph\">\u00d6zellikle OneDrive kullanmak istemeyen kullan\u0131c\u0131lar\u0131n kar\u015f\u0131la\u015ft\u0131\u011f\u0131 tekrarlayan uyar\u0131lar, Windows 11 deneyiminin can s\u0131k\u0131c\u0131 detaylar\u0131ndan biri haline gelmi\u015fti. Yeni se\u00e7enek sayesinde bu bildirimleri s\u00fcrekli ertelemek yerine yedekleme \u00f6zelli\u011finden tamamen vazge\u00e7mek m\u00fcmk\u00fcn hale geliyor.<\/p>\n\n\n\n<h2 class=\"wp-block-heading\">OneDrive Bildirimlerine \u201cYedeklemeyi Devre D\u0131\u015f\u0131 B\u0131rak\u201d Se\u00e7ene\u011fi<\/h2>\n\n\n\n<p class=\"wp-block-paragraph\">Windows 11\u2019in 24H2 s\u00fcr\u00fcm\u00fcnde g\u00f6r\u00fclen de\u011fi\u015fiklikle birlikte OneDrive yedekleme ekran\u0131na \u201cOpt out of backup\u201d, yani \u201cYedeklemeyi devre d\u0131\u015f\u0131 b\u0131rak\u201d se\u00e7ene\u011fi eklendi.<\/p>\n\n\n\n<p class=\"wp-block-paragraph\">Daha \u00f6nce kullan\u0131c\u0131lar bu ekranda a\u011f\u0131rl\u0131kl\u0131 olarak yedeklemeyi ba\u015flatma veya hat\u0131rlat\u0131c\u0131y\u0131 ileri bir tarihe erteleme se\u00e7enekleriyle kar\u015f\u0131la\u015f\u0131yordu. Bu nedenle OneDrive\u2019\u0131 aktif olarak kullanmak istemeyen ki\u015filer ayn\u0131 bildirimleri tekrar tekrar g\u00f6rmek zorunda kalabiliyordu.<\/p>\n\n\n\n<p class=\"wp-block-paragraph\">Yeni se\u00e7enek ise kullan\u0131c\u0131ya daha net bir tercih sunuyor. Yedekleme yapmak istemeyenler, ilgili se\u00e7ene\u011fi kullanarak OneDrive hat\u0131rlat\u0131c\u0131lar\u0131n\u0131 kal\u0131c\u0131 olarak reddedebiliyor.<\/p>\n\n\n\n<figure class=\"wp-block-image size-full\"><img loading=\"lazy\" decoding=\"async\" width=\"1828\" height=\"1220\" src=\"http:\/\/www.indir.com\/haber\/wp-content\/uploads\/2026\/08\/windows-setup-opt-out-of-backup-screen.webp\" alt=\"\u0130kinci Bir Onay Ekran\u0131 Geliyor\" class=\"wp-image-88786\" title=\"\"><\/figure>\n\n\n\n<h3 class=\"wp-block-heading\">\u0130kinci Bir Onay Ekran\u0131 Geliyor<\/h3>\n\n\n\n<p class=\"wp-block-paragraph\">Microsoft, kullan\u0131c\u0131n\u0131n yedeklemeyi tamamen kapatmak istedi\u011finden emin olmak i\u00e7in i\u015flemin ard\u0131ndan ek bir onay ekran\u0131 da g\u00f6steriyor. Bu a\u015famada kullan\u0131c\u0131ya \u201c\u015eimdilik atla\u201d veya \u201c\u015eimdi yedekle\u201d gibi se\u00e7enekler sunuluyor.<\/p>\n\n\n\n<p class=\"wp-block-paragraph\">Bu sayede yanl\u0131\u015fl\u0131kla yedekleme \u00f6zelli\u011fini devre d\u0131\u015f\u0131 b\u0131rakman\u0131n da \u00f6n\u00fcne ge\u00e7ilmesi ama\u00e7lan\u0131yor. Kullan\u0131c\u0131, tercihine g\u00f6re OneDrive yedeklemesini kullanmaya devam edebiliyor veya \u00f6zelli\u011fi kapatabiliyor.<\/p>\n\n\n\n<h2 class=\"wp-block-heading\">OneDrive Kullanmak Zorunlu De\u011fil<\/h2>\n\n\n\n<p class=\"wp-block-paragraph\">Windows 11 ile OneDrive aras\u0131nda do\u011frudan bir kullan\u0131m zorunlulu\u011fu bulunmuyor. Kullan\u0131c\u0131lar Microsoft\u2019un bulut depolama hizmetini kullanmak istemedikleri takdirde farkl\u0131 depolama \u00e7\u00f6z\u00fcmlerine y\u00f6nelebiliyor.<\/p>\n\n\n\n<p class=\"wp-block-paragraph\">Google Drive gibi alternatif bulut depolama platformlar\u0131 da dosyalar\u0131n\u0131 \u00e7evrim i\u00e7i olarak saklamak isteyen kullan\u0131c\u0131lar taraf\u0131ndan tercih edilebiliyor. Bu nedenle yeni \u00f6zellik, \u00f6zellikle farkl\u0131 bir bulut depolama hizmeti kullanan veya dosyalar\u0131n\u0131 bilgisayar\u0131nda saklamay\u0131 tercih eden Windows 11 kullan\u0131c\u0131lar\u0131n\u0131 yak\u0131ndan ilgilendiriyor.<\/p>\n\n\n\n<p class=\"wp-block-paragraph\">Microsoft ise OneDrive\u2019\u0131 kullanmaya devam eden kullan\u0131c\u0131lar i\u00e7in bulut yedekleme \u00f6zelli\u011fini \u00f6nermeyi s\u00fcrd\u00fcr\u00fcyor. \u00d6zellikle \u00f6nemli dosyalar\u0131n ve foto\u011fraflar\u0131n yedeklenmesi, cihaz ar\u0131zas\u0131 veya veri kayb\u0131 gibi durumlarda kullan\u0131c\u0131lar a\u00e7\u0131s\u0131ndan avantaj sa\u011flayabiliyor.<\/p>\n\n\n\n<figure class=\"wp-block-image size-full\"><img loading=\"lazy\" decoding=\"async\" width=\"1536\" height=\"1022\" src=\"http:\/\/www.indir.com\/haber\/wp-content\/uploads\/2026\/08\/windows-11-backup-recommended-setup-screen.webp\" alt=\"Windows 11\u2019de Kullan\u0131c\u0131 Deneyimi Geli\u015ftiriliyor\" class=\"wp-image-88787\" title=\"\"><\/figure>\n\n\n\n<h2 class=\"wp-block-heading\">Windows 11\u2019de Kullan\u0131c\u0131 Deneyimi Geli\u015ftiriliyor<\/h2>\n\n\n\n<p class=\"wp-block-paragraph\">Microsoft son d\u00f6nemde Windows 11\u2019de kullan\u0131c\u0131lar\u0131n i\u015fletim sistemi \u00fczerindeki kontrol\u00fcn\u00fc art\u0131rmaya y\u00f6nelik \u00e7e\u015fitli de\u011fi\u015fiklikler yap\u0131yor. OneDrive bildirimlerinin y\u00f6netilebilir hale gelmesi de bu ad\u0131mlardan biri olarak \u00f6ne \u00e7\u0131k\u0131yor.<\/p>\n\n\n\n<p class=\"wp-block-paragraph\">\u00d6zellikle s\u00fcrekli kar\u015f\u0131s\u0131na \u00e7\u0131kan yedekleme uyar\u0131lar\u0131ndan rahats\u0131z olan kullan\u0131c\u0131lar i\u00e7in yeni se\u00e7enek daha sade bir kullan\u0131m deneyimi sunabilir. B\u00f6ylece Windows 11 kullan\u0131c\u0131lar\u0131, OneDrive\u2019\u0131 kullan\u0131p kullanmayacaklar\u0131na daha kolay karar verebilecek.<\/p>\n\n\n\n<p class=\"wp-block-paragraph\">Yeni \u00f6zelli\u011fin yayg\u0131nla\u015fmas\u0131yla birlikte Windows 11\u2019de OneDrive bildirimleriyle ilgili \u015fik\u00e2yetlerin de azalmas\u0131 bekleniyor.<\/p>\n","protected":false},"excerpt":{"rendered":"<p>Windows 11 kullan\u0131c\u0131lar\u0131n\u0131n uzun s\u00fcredir kar\u015f\u0131la\u015ft\u0131\u011f\u0131 OneDrive yedekleme hat\u0131rlat\u0131c\u0131lar\u0131 i\u00e7in Microsoft\u2019tan dikkat \u00e7eken bir de\u011fi\u015fiklik geldi. \u015eirket, kullan\u0131c\u0131lar\u0131 belirli aral\u0131klarla yedekleme yapmaya y\u00f6nlendiren bildirim ekran\u0131na yeni bir se\u00e7enek ekledi. \u00d6zellikle OneDrive kullanmak istemeyen kullan\u0131c\u0131lar\u0131n kar\u015f\u0131la\u015ft\u0131\u011f\u0131 tekrarlayan uyar\u0131lar, Windows 11 deneyiminin can s\u0131k\u0131c\u0131 detaylar\u0131ndan biri haline gelmi\u015fti. Yeni se\u00e7enek sayesinde bu bildirimleri s\u00fcrekli ertelemek yerine yedekleme [&hellip;]<\/p>\n","protected":false},"author":97,"featured_media":88785,"comment_status":"open","ping_status":"closed","sticky":false,"template":"","format":"standard","meta":{"footnotes":""},"categories":[1],"tags":[2486,99,108],"class_list":["post-88784","post","type-post","status-publish","format-standard","has-post-thumbnail","hentry","category-teknoloji","tag-onedrive","tag-teknoloji","tag-windows"],"_links":{"self":[{"href":"https:\/\/www.indir.com\/haber\/wp-json\/wp\/v2\/posts\/88784","targetHints":{"allow":["GET"]}}],"collection":[{"href":"https:\/\/www.indir.com\/haber\/wp-json\/wp\/v2\/posts"}],"about":[{"href":"https:\/\/www.indir.com\/haber\/wp-json\/wp\/v2\/types\/post"}],"author":[{"embeddable":true,"href":"https:\/\/www.indir.com\/haber\/wp-json\/wp\/v2\/users\/97"}],"replies":[{"embeddable":true,"href":"https:\/\/www.indir.com\/haber\/wp-json\/wp\/v2\/comments?post=88784"}],"version-history":[{"count":1,"href":"https:\/\/www.indir.com\/haber\/wp-json\/wp\/v2\/posts\/88784\/revisions"}],"predecessor-version":[{"id":88794,"href":"https:\/\/www.indir.com\/haber\/wp-json\/wp\/v2\/posts\/88784\/revisions\/88794"}],"wp:featuredmedia":[{"embeddable":true,"href":"https:\/\/www.indir.com\/haber\/wp-json\/wp\/v2\/media\/88785"}],"wp:attachment":[{"href":"https:\/\/www.indir.com\/haber\/wp-json\/wp\/v2\/media?parent=88784"}],"wp:term":[{"taxonomy":"category","embeddable":true,"href":"https:\/\/www.indir.com\/haber\/wp-json\/wp\/v2\/categories?post=88784"},{"taxonomy":"post_tag","embeddable":true,"href":"https:\/\/www.indir.com\/haber\/wp-json\/wp\/v2\/tags?post=88784"}],"curies":[{"name":"wp","href":"https:\/\/api.w.org\/{rel}","templated":true}]}}