{"id":88774,"date":"2026-08-31T13:30:00","date_gmt":"2026-08-31T10:30:00","guid":{"rendered":"https:\/\/www.indir.com\/haber\/?p=88774"},"modified":"2026-08-31T11:49:12","modified_gmt":"2026-08-31T08:49:12","slug":"oled-ekranli-yeni-ipad-mini-icin-tarih-geldi","status":"publish","type":"post","link":"https:\/\/www.indir.com\/haber\/oled-ekranli-yeni-ipad-mini-icin-tarih-geldi\/","title":{"rendered":"Oled Ekranl\u0131 Yeni iPad Mini \u0130\u00e7in Tarih Geldi!\u00a0"},"content":{"rendered":"\n<p class=\"wp-block-paragraph\">Oled ekran teknolojisine ge\u00e7en yeni iPad Mini i\u00e7in geri say\u0131m ba\u015flad\u0131. Tedarik zinciri raporlar\u0131na g\u00f6re cihaz\u0131n lansman tarihi yakla\u015f\u0131yor.<\/p>\n\n\n\n<p class=\"wp-block-paragraph\">Apple, iPad Pro Ailesiyle Ba\u015flatt\u0131\u011f\u0131 Oled D\u00f6n\u00fc\u015f\u00fcm\u00fcn\u00fc Kademeli Olarak Di\u011fer Tablet Modellerine De Geni\u015fletiyor. Kullan\u0131c\u0131lar\u0131n Ta\u015f\u0131nabilirli\u011fi Sebebiyle S\u0131k\u00e7a Tercih Etti\u011fi Kompakt Boyutlu iPad Mini, Yak\u0131nda \u00c7ok Daha Canl\u0131 Renkler Ve Y\u00fcksek Kontrast Sunan Oled Ekran Paneline Kavu\u015fuyor.<\/p>\n\n\n\n<h2 class=\"wp-block-heading\">Oled Ekranl\u0131 iPad Mini Neler Sunacak?<\/h2>\n\n\n\n<p class=\"wp-block-paragraph\">Yeni Nesil iPad Mini, hem g\u00f6rsel deneyim hem de performans anlam\u0131nda \u00f6nemli iyile\u015ftirmelerle gelecek:<\/p>\n\n\n\n<figure class=\"wp-block-image size-full\"><img loading=\"lazy\" decoding=\"async\" width=\"1127\" height=\"698\" src=\"http:\/\/www.indir.com\/haber\/wp-content\/uploads\/2026\/08\/apple-ipad-mini-6-handheld-display.webp\" alt=\"Oled Ekranl\u0131 Yeni iPad Mini \u0130\u00e7in Tarih Geldi!\u00a0\" class=\"wp-image-88775\" title=\"\"><\/figure>\n\n\n\n<ul class=\"wp-block-list\">\n<li><strong>Canl\u0131 Ve Derin Siyahlar:<\/strong> Oled Panel Sayesinde Sonsuz Kontrast Oran\u0131, Ger\u00e7ek Siyah Seviyeleri Ve \u00c7ok Daha Geni\u015f Bir Renk Gam\u0131 Kullan\u0131c\u0131lara Sunulacak.<\/li>\n\n\n\n<li><strong>Geli\u015fmi\u015f Parlakl\u0131k Ve Enerji Verimlili\u011fi:<\/strong> Oled Teknolojisi Yaln\u0131zca G\u00f6rsel Kaliteyi Art\u0131rmakla Kalmayacak, Ayn\u0131 Zamanda D\u00fc\u015f\u00fck G\u00fc\u00e7 T\u00fcketimiyle Batarya \u00d6mr\u00fcne De Do\u011frudan Katk\u0131 Sa\u011flayacak.<\/li>\n\n\n\n<li><strong>Yeni Nesil Apple Silicon \u0130\u015flemci:<\/strong> Cihaz\u0131n Apple Intelligence Yapay Zek\u00e2 \u00d6zelliklerini Sorunsuz \u00c7al\u0131\u015ft\u0131rabilmesi Ad\u0131na G\u00fc\u00e7l\u00fc Bir Apple Silicon \u00c7ipiyle Donat\u0131lmas\u0131 Bekleniyor.<\/li>\n\n\n\n<li><strong>Geli\u015ftirilmi\u015f Ta\u015f\u0131nabilirlik:<\/strong> \u0130nceltilmi\u015f \u00c7er\u00e7eveler Ve Oled Panelin Yap\u0131s\u0131 Sayesinde Cihaz\u0131n Hem Daha \u0130nce Hem De Hafif Bir Form Fakt\u00f6r\u00fcne Ula\u015fmas\u0131 Hedefleniyor.<\/li>\n<\/ul>\n\n\n\n<h2 class=\"wp-block-heading\">Oled iPad Mini Ne Zaman \u00c7\u0131kacak?<\/h2>\n\n\n\n<p class=\"wp-block-paragraph\">Tedarik Zinciri Kaynaklar\u0131ndan Ve Sekt\u00f6r Analistlerinden Elde Edilen Bilgilere G\u00f6re Apple, Oled Ekranl\u0131 iPad Mini Modelini Ekim Ay\u0131nda D\u00fczenleyece\u011fi Geleneksel Sonbahar Donan\u0131m Etkinli\u011finde Resmi Olarak Tan\u0131tmay\u0131 Planl\u0131yor. Modelin Tan\u0131t\u0131m\u0131n Hemen Ard\u0131ndan \u00d6n Sipari\u015fe A\u00e7\u0131larak K\u00fcresel Pazarda Sat\u0131\u015fa Sunulmas\u0131 Bekleniyor.<\/p>\n","protected":false},"excerpt":{"rendered":"<p>Oled ekran teknolojisine ge\u00e7en yeni iPad Mini i\u00e7in geri say\u0131m ba\u015flad\u0131. Tedarik zinciri raporlar\u0131na g\u00f6re cihaz\u0131n lansman tarihi yakla\u015f\u0131yor. Apple, iPad Pro Ailesiyle Ba\u015flatt\u0131\u011f\u0131 Oled D\u00f6n\u00fc\u015f\u00fcm\u00fcn\u00fc Kademeli Olarak Di\u011fer Tablet Modellerine De Geni\u015fletiyor. Kullan\u0131c\u0131lar\u0131n Ta\u015f\u0131nabilirli\u011fi Sebebiyle S\u0131k\u00e7a Tercih Etti\u011fi Kompakt Boyutlu iPad Mini, Yak\u0131nda \u00c7ok Daha Canl\u0131 Renkler Ve Y\u00fcksek Kontrast Sunan Oled Ekran Paneline [&hellip;]<\/p>\n","protected":false},"author":99,"featured_media":88776,"comment_status":"open","ping_status":"closed","sticky":false,"template":"","format":"standard","meta":{"footnotes":""},"categories":[1],"tags":[],"class_list":["post-88774","post","type-post","status-publish","format-standard","has-post-thumbnail","hentry","category-teknoloji"],"_links":{"self":[{"href":"https:\/\/www.indir.com\/haber\/wp-json\/wp\/v2\/posts\/88774","targetHints":{"allow":["GET"]}}],"collection":[{"href":"https:\/\/www.indir.com\/haber\/wp-json\/wp\/v2\/posts"}],"about":[{"href":"https:\/\/www.indir.com\/haber\/wp-json\/wp\/v2\/types\/post"}],"author":[{"embeddable":true,"href":"https:\/\/www.indir.com\/haber\/wp-json\/wp\/v2\/users\/99"}],"replies":[{"embeddable":true,"href":"https:\/\/www.indir.com\/haber\/wp-json\/wp\/v2\/comments?post=88774"}],"version-history":[{"count":1,"href":"https:\/\/www.indir.com\/haber\/wp-json\/wp\/v2\/posts\/88774\/revisions"}],"predecessor-version":[{"id":88777,"href":"https:\/\/www.indir.com\/haber\/wp-json\/wp\/v2\/posts\/88774\/revisions\/88777"}],"wp:featuredmedia":[{"embeddable":true,"href":"https:\/\/www.indir.com\/haber\/wp-json\/wp\/v2\/media\/88776"}],"wp:attachment":[{"href":"https:\/\/www.indir.com\/haber\/wp-json\/wp\/v2\/media?parent=88774"}],"wp:term":[{"taxonomy":"category","embeddable":true,"href":"https:\/\/www.indir.com\/haber\/wp-json\/wp\/v2\/categories?post=88774"},{"taxonomy":"post_tag","embeddable":true,"href":"https:\/\/www.indir.com\/haber\/wp-json\/wp\/v2\/tags?post=88774"}],"curies":[{"name":"wp","href":"https:\/\/api.w.org\/{rel}","templated":true}]}}