{"id":88760,"date":"2026-08-30T20:00:00","date_gmt":"2026-08-30T17:00:00","guid":{"rendered":"https:\/\/www.indir.com\/haber\/?p=88760"},"modified":"2026-08-30T03:16:35","modified_gmt":"2026-08-30T00:16:35","slug":"instagram-sakin-mod-nedir-nasil-kapatilir","status":"publish","type":"post","link":"https:\/\/www.indir.com\/haber\/instagram-sakin-mod-nedir-nasil-kapatilir\/","title":{"rendered":"Instagram Sakin Mod Nedir, Nas\u0131l Kapat\u0131l\u0131r?"},"content":{"rendered":"\n<p class=\"wp-block-paragraph\">Instagram\u2019da ge\u00e7irilen s\u00fcreyi azaltmak ve bildirimlerden bir s\u00fcreli\u011fine uzakla\u015fmak isteyen kullan\u0131c\u0131lar i\u00e7in Sakin Mod olduk\u00e7a kullan\u0131\u015fl\u0131 bir \u00f6zellik. Peki Instagram Sakin Mod nedir, ne i\u015fe yarar ve nas\u0131l kapat\u0131l\u0131r?<\/p>\n\n\n\n<p class=\"wp-block-paragraph\">Sosyal medya kullan\u0131m\u0131n\u0131n g\u00fcnl\u00fck hayat\u0131n \u00f6nemli bir par\u00e7as\u0131 haline gelmesiyle birlikte Instagram da kullan\u0131c\u0131lar\u0131n uygulamada ge\u00e7irdi\u011fi s\u00fcreyi daha kontroll\u00fc hale getirebilmeleri i\u00e7in \u00e7e\u015fitli ara\u00e7lar sunuyor. Bu \u00f6zelliklerden biri olan Sakin Mod, belirlenen zaman aral\u0131\u011f\u0131nda Instagram bildirimlerini sessize alarak kullan\u0131c\u0131lar\u0131n uygulamaya ara vermesine yard\u0131mc\u0131 oluyor.<\/p>\n\n\n\n<h2 class=\"wp-block-heading\">Instagram Sakin Mod Nedir?<\/h2>\n\n\n\n<p class=\"wp-block-paragraph\">Instagram Sakin Mod, belirledi\u011finiz saatlerde Instagram bildirimlerini ge\u00e7ici olarak susturan bir \u00f6zelliktir. Ders \u00e7al\u0131\u015f\u0131rken, i\u015fe odaklan\u0131rken, uyumadan \u00f6nce veya yaln\u0131zca sosyal medyadan biraz uzakla\u015fmak istedi\u011finizde kullan\u0131labilir.<\/p>\n\n\n\n<p class=\"wp-block-paragraph\">Sakin Mod etkinle\u015ftirildi\u011finde Instagram&#8217;dan gelen bildirimler sessize al\u0131n\u0131r. Ayr\u0131ca profilinizde Sakin Mod&#8217;un a\u00e7\u0131k oldu\u011funu g\u00f6steren bir durum ortaya \u00e7\u0131kabilir. B\u00f6ylece sizi takip eden ki\u015filer, bir s\u00fcre boyunca Instagram&#8217;dan uzak oldu\u011funuzu anlayabilir.<\/p>\n\n\n\n<p class=\"wp-block-paragraph\">\u00d6nemli nokta ise Sakin Mod&#8217;un hesab\u0131n\u0131z\u0131 kapatmamas\u0131 veya dondurmamas\u0131d\u0131r. \u00d6zellik yaln\u0131zca belirledi\u011finiz zaman diliminde Instagram bildirimlerini ve uygulamayla olan etkile\u015fimi s\u0131n\u0131rland\u0131r\u0131r.<\/p>\n\n\n\n<h3 class=\"wp-block-heading\">Instagram Sakin Mod Ne \u0130\u015fe Yarar?<\/h3>\n\n\n\n<p class=\"wp-block-paragraph\">Sakin Mod&#8217;un \u00f6ne \u00e7\u0131kan \u00f6zellikleri \u015f\u00f6yle:<\/p>\n\n\n\n<ul class=\"wp-block-list\">\n<li>Instagram bildirimlerini belirlenen s\u00fcre boyunca sessize al\u0131r.<\/li>\n\n\n\n<li>Di\u011fer kullan\u0131c\u0131lar\u0131n sizin Sakin Mod kulland\u0131\u011f\u0131n\u0131z\u0131 g\u00f6rmesine yard\u0131mc\u0131 olur.<\/li>\n\n\n\n<li>Ders, i\u015f ve uyku gibi odaklanman\u0131z gereken zamanlarda dikkat da\u011f\u0131n\u0131kl\u0131\u011f\u0131n\u0131 azalt\u0131r.<\/li>\n\n\n\n<li>Instagram&#8217;dan \u00e7\u0131k\u0131\u015f yapmadan uygulamaya ara vermenizi sa\u011flar.<\/li>\n\n\n\n<li>Telefonun genel bildirim ayarlar\u0131n\u0131 de\u011fi\u015ftirmeden yaln\u0131zca Instagram bildirimlerini kontrol etmenize olanak tan\u0131r.<\/li>\n<\/ul>\n\n\n\n<h2 class=\"wp-block-heading\">Instagram Sakin Mod Nas\u0131l A\u00e7\u0131l\u0131r?<\/h2>\n\n\n\n<p class=\"wp-block-paragraph\">Instagram Sakin Mod&#8217;u uygulaman\u0131n bildirim ayarlar\u0131 \u00fczerinden etkinle\u015ftirebilirsiniz. Bunun i\u00e7in \u015fu ad\u0131mlar\u0131 takip etmeniz yeterli:<\/p>\n\n\n\n<ol class=\"wp-block-list\">\n<li>Instagram uygulamas\u0131n\u0131 a\u00e7\u0131n.<\/li>\n\n\n\n<li>Profil sayfan\u0131za girin.<\/li>\n\n\n\n<li>Sa\u011f \u00fcst k\u00f6\u015fedeki men\u00fc simgesine dokunun.<\/li>\n\n\n\n<li>Ayarlar ve hareketler b\u00f6l\u00fcm\u00fcn\u00fc a\u00e7\u0131n.<\/li>\n\n\n\n<li>Bildirimler se\u00e7ene\u011fine girin.<\/li>\n\n\n\n<li>Sakin Mod se\u00e7ene\u011fini bulun.<\/li>\n\n\n\n<li>\u00d6zelli\u011fi etkinle\u015ftirerek hangi saatlerde \u00e7al\u0131\u015faca\u011f\u0131n\u0131 belirleyin.<\/li>\n<\/ol>\n\n\n\n<p class=\"wp-block-paragraph\">Belirledi\u011finiz saat aral\u0131\u011f\u0131nda Instagram bildirimleri sessize al\u0131nacakt\u0131r.<\/p>\n\n\n\n<figure class=\"wp-block-image size-full\"><img loading=\"lazy\" decoding=\"async\" width=\"1024\" height=\"722\" src=\"http:\/\/www.indir.com\/haber\/wp-content\/uploads\/2026\/08\/instagram-quiet-mode-feature-interface.webp\" alt=\"Instagram Sakin Mod Nas\u0131l Kapat\u0131l\u0131r?\" class=\"wp-image-88761\" title=\"\"><\/figure>\n\n\n\n<h2 class=\"wp-block-heading\">Instagram Sakin Mod Nas\u0131l Kapat\u0131l\u0131r?<\/h2>\n\n\n\n<p class=\"wp-block-paragraph\">Sakin Mod&#8217;u kapatmak da birka\u00e7 saniye i\u00e7erisinde ger\u00e7ekle\u015ftirilebilir. \u00d6zelli\u011fi tamamen devre d\u0131\u015f\u0131 b\u0131rakmak i\u00e7in yine Instagram&#8217;\u0131n bildirim ayarlar\u0131n\u0131 kullanabilirsiniz.<\/p>\n\n\n\n<p class=\"wp-block-paragraph\">Sakin Mod&#8217;u kapatmak i\u00e7in:<\/p>\n\n\n\n<ol class=\"wp-block-list\">\n<li>Instagram profilinizi a\u00e7\u0131n.<\/li>\n\n\n\n<li>Sa\u011f \u00fcst k\u00f6\u015fedeki men\u00fcye dokunun.<\/li>\n\n\n\n<li>Ayarlar ve hareketler b\u00f6l\u00fcm\u00fcne girin.<\/li>\n\n\n\n<li>Bildirimler se\u00e7ene\u011fini a\u00e7\u0131n.<\/li>\n\n\n\n<li>Sakin Mod b\u00f6l\u00fcm\u00fcne dokunun.<\/li>\n\n\n\n<li>Aktif olan \u00f6zelli\u011fi kapat\u0131n veya Sakin Mod ayarlar\u0131n\u0131z\u0131 de\u011fi\u015ftirin.<\/li>\n<\/ol>\n\n\n\n<p class=\"wp-block-paragraph\">B\u00f6ylece Instagram bildirimleri yeniden normal \u015fekilde gelmeye ba\u015flayacakt\u0131r.<\/p>\n\n\n\n<h2 class=\"wp-block-heading\">Sakin Mod Hesab\u0131 Kapat\u0131r m\u0131?<\/h2>\n\n\n\n<p class=\"wp-block-paragraph\">Hay\u0131r. Sakin Mod&#8217;u etkinle\u015ftirmek Instagram hesab\u0131n\u0131z\u0131 dondurmaz, silmez veya hesab\u0131n\u0131zdan \u00e7\u0131k\u0131\u015f yapman\u0131za neden olmaz.<\/p>\n\n\n\n<p class=\"wp-block-paragraph\">Bu \u00f6zellik yaln\u0131zca belirledi\u011finiz zamanlarda Instagram kullan\u0131m\u0131n\u0131 ve bildirimleri s\u0131n\u0131rland\u0131rmak i\u00e7in tasarlanm\u0131\u015ft\u0131r. \u0130stedi\u011finiz zaman ayarlardan Sakin Mod&#8217;u kapatarak Instagram&#8217;\u0131 normal \u015fekilde kullanmaya devam edebilirsiniz.<\/p>\n","protected":false},"excerpt":{"rendered":"<p>Instagram\u2019da ge\u00e7irilen s\u00fcreyi azaltmak ve bildirimlerden bir s\u00fcreli\u011fine uzakla\u015fmak isteyen kullan\u0131c\u0131lar i\u00e7in Sakin Mod olduk\u00e7a kullan\u0131\u015fl\u0131 bir \u00f6zellik. Peki Instagram Sakin Mod nedir, ne i\u015fe yarar ve nas\u0131l kapat\u0131l\u0131r? Sosyal medya kullan\u0131m\u0131n\u0131n g\u00fcnl\u00fck hayat\u0131n \u00f6nemli bir par\u00e7as\u0131 haline gelmesiyle birlikte Instagram da kullan\u0131c\u0131lar\u0131n uygulamada ge\u00e7irdi\u011fi s\u00fcreyi daha kontroll\u00fc hale getirebilmeleri i\u00e7in \u00e7e\u015fitli ara\u00e7lar sunuyor. Bu [&hellip;]<\/p>\n","protected":false},"author":97,"featured_media":88762,"comment_status":"open","ping_status":"closed","sticky":false,"template":"","format":"standard","meta":{"footnotes":""},"categories":[46,57,55],"tags":[113,12333],"class_list":["post-88760","post","type-post","status-publish","format-standard","has-post-thumbnail","hentry","category-mobil","category-nasil-yapilir","category-rehber","tag-instagram","tag-sakin-mod"],"_links":{"self":[{"href":"https:\/\/www.indir.com\/haber\/wp-json\/wp\/v2\/posts\/88760","targetHints":{"allow":["GET"]}}],"collection":[{"href":"https:\/\/www.indir.com\/haber\/wp-json\/wp\/v2\/posts"}],"about":[{"href":"https:\/\/www.indir.com\/haber\/wp-json\/wp\/v2\/types\/post"}],"author":[{"embeddable":true,"href":"https:\/\/www.indir.com\/haber\/wp-json\/wp\/v2\/users\/97"}],"replies":[{"embeddable":true,"href":"https:\/\/www.indir.com\/haber\/wp-json\/wp\/v2\/comments?post=88760"}],"version-history":[{"count":1,"href":"https:\/\/www.indir.com\/haber\/wp-json\/wp\/v2\/posts\/88760\/revisions"}],"predecessor-version":[{"id":88763,"href":"https:\/\/www.indir.com\/haber\/wp-json\/wp\/v2\/posts\/88760\/revisions\/88763"}],"wp:featuredmedia":[{"embeddable":true,"href":"https:\/\/www.indir.com\/haber\/wp-json\/wp\/v2\/media\/88762"}],"wp:attachment":[{"href":"https:\/\/www.indir.com\/haber\/wp-json\/wp\/v2\/media?parent=88760"}],"wp:term":[{"taxonomy":"category","embeddable":true,"href":"https:\/\/www.indir.com\/haber\/wp-json\/wp\/v2\/categories?post=88760"},{"taxonomy":"post_tag","embeddable":true,"href":"https:\/\/www.indir.com\/haber\/wp-json\/wp\/v2\/tags?post=88760"}],"curies":[{"name":"wp","href":"https:\/\/api.w.org\/{rel}","templated":true}]}}