{"id":85117,"date":"2026-04-30T16:00:00","date_gmt":"2026-04-30T13:00:00","guid":{"rendered":"https:\/\/www.indir.com\/haber\/?p=85117"},"modified":"2026-04-30T12:02:00","modified_gmt":"2026-04-30T09:02:00","slug":"200-mp-kamerali-moto-g87-sahneye-cikti","status":"publish","type":"post","link":"https:\/\/www.indir.com\/haber\/200-mp-kamerali-moto-g87-sahneye-cikti\/","title":{"rendered":"200 MP Kameral\u0131 Moto G87 Sahneye \u00c7\u0131kt\u0131"},"content":{"rendered":"\n<p>Motorola, yeni nesil katlanabilir modellerini tan\u0131tt\u0131\u011f\u0131 etkinlikte dikkat \u00e7ekici bir s\u00fcrprize imza atarak Moto G87 modelini de resmi olarak duyurdu. Uzun s\u00fcredir s\u0131z\u0131nt\u0131larla g\u00fcndemde olan cihaz, \u00f6zellikle kamera taraf\u0131ndaki iddias\u0131yla G serisinin en g\u00fc\u00e7l\u00fc temsilcilerinden biri olarak konumlan\u0131yor.<\/p>\n\n\n\n<p>K\u00fcresel pazarda geni\u015f bir kullan\u0131c\u0131 kitlesine hitap etmesi beklenen Moto G87, Avrupa, Orta Do\u011fu, Afrika ve Latin Amerika b\u00f6lgelerinde \u00f6n\u00fcm\u00fczdeki haftalarda sat\u0131\u015fa \u00e7\u0131kacak.<\/p>\n\n\n\n<h2 class=\"wp-block-heading\">200 MP Kamera ile Orta Segmentte Yeni Standart<\/h2>\n\n\n\n<p>Moto G87\u2019nin en dikkat \u00e7ekici \u00f6zelli\u011fi, arka taraf\u0131nda yer alan 200 megapiksellik ana kamera sens\u00f6r\u00fc. Optik g\u00f6r\u00fcnt\u00fc sabitleme (OIS) deste\u011fiyle gelen bu kamera, y\u00fcksek \u00e7\u00f6z\u00fcn\u00fcrl\u00fckle birlikte daha net ve titre\u015fimsiz foto\u011fraflar \u00e7ekilmesine olanak tan\u0131yor.<\/p>\n\n\n\n<p>Cihaz ayr\u0131ca 2x kay\u0131ps\u0131z zoom deste\u011fi sunarak uzak mesafelerde bile detay kayb\u0131n\u0131 minimuma indiriyor. Ana kameraya e\u015flik eden 8 MP ultra geni\u015f a\u00e7\u0131l\u0131 lens, manzara \u00e7ekimlerinde geni\u015f kadraj sa\u011flarken; 32 MP \u00f6n kamera ise selfie ve g\u00f6r\u00fcnt\u00fcl\u00fc g\u00f6r\u00fc\u015fmelerde y\u00fcksek kalite sunuyor.<\/p>\n\n\n\n<p>Bu donan\u0131m kombinasyonu, \u00f6zellikle mobil foto\u011fraf\u00e7\u0131l\u0131\u011fa \u00f6nem veren kullan\u0131c\u0131lar i\u00e7in orta segmentte al\u0131\u015f\u0131lm\u0131\u015f\u0131n \u00fczerinde bir deneyim vadediyor.<\/p>\n\n\n\n<h2 class=\"wp-block-heading\">5.000 Nit Parlakl\u0131\u011fa Ula\u015fan Ekran<\/h2>\n\n\n\n<p>Moto G87, ekran taraf\u0131nda da iddial\u0131. 6,78 in\u00e7 b\u00fcy\u00fckl\u00fc\u011f\u00fcndeki 1,5K \u00e7\u00f6z\u00fcn\u00fcrl\u00fckl\u00fc Extreme AMOLED panel, 120Hz yenileme h\u0131z\u0131yla ak\u0131c\u0131 bir kullan\u0131m sunuyor. Ancak cihaz\u0131n as\u0131l fark yaratan noktas\u0131, 5.000 nit seviyesine ula\u015fabilen parlakl\u0131k de\u011feri.<\/p>\n\n\n\n<p>Bu sayede telefon, do\u011frudan g\u00fcne\u015f \u0131\u015f\u0131\u011f\u0131 alt\u0131nda bile y\u00fcksek g\u00f6r\u00fcn\u00fcrl\u00fck sa\u011fl\u0131yor. Ekran ayr\u0131ca Corning Gorilla Glass 7i ile korunarak dayan\u0131kl\u0131l\u0131k taraf\u0131nda da g\u00fcven veriyor.<\/p>\n\n\n\n<h2 class=\"wp-block-heading\">Dimensity 6400 ve G\u00fc\u00e7l\u00fc Performans<\/h2>\n\n\n\n<p>Cihaz\u0131n i\u015flemci taraf\u0131nda MediaTek Dimensity 6400 yer al\u0131yor. Bu yonga seti, 12 GB\u2019a kadar RAM deste\u011fiyle birle\u015fti\u011finde g\u00fcnl\u00fck kullan\u0131mda ve yo\u011fun uygulamalarda ak\u0131c\u0131 bir performans sunuyor.<\/p>\n\n\n\n<p>Android 16 i\u015fletim sistemiyle kutudan \u00e7\u0131kan Moto G87, 5.200 mAh bataryas\u0131 ve 30W h\u0131zl\u0131 \u015farj deste\u011fiyle uzun s\u00fcreli kullan\u0131m hedefliyor.<\/p>\n\n\n\n<h2 class=\"wp-block-heading\">Dayan\u0131kl\u0131l\u0131kta \u00dcst Seviye Standartlar<\/h2>\n\n\n\n<p>Moto G87, sadece donan\u0131m\u0131yla de\u011fil dayan\u0131kl\u0131l\u0131\u011f\u0131yla da \u00f6ne \u00e7\u0131k\u0131yor. IP66, IP68 ve IP69 sertifikalar\u0131 sayesinde suya ve toza kar\u015f\u0131 \u00fcst d\u00fczey koruma sa\u011flayan cihaz, ayn\u0131 zamanda MIL-STD-810H askeri standartlar\u0131n\u0131 da kar\u015f\u0131l\u0131yor.<\/p>\n\n\n\n<p>Bu yap\u0131, telefonu zorlu d\u0131\u015f ko\u015fullarda kullanmak isteyenler i\u00e7in \u00f6nemli bir avantaj haline getiriyor. Ayr\u0131ca geli\u015ftirilmi\u015f \u00e7ift hoparl\u00f6r sistemi, \u00f6nceki nesle k\u0131yasla \u00e7ok daha g\u00fc\u00e7l\u00fc bir ses deneyimi sunuyor.<\/p>\n\n\n\n<h2 class=\"wp-block-heading\">Fiyat Hen\u00fcz Netle\u015fmedi<\/h2>\n\n\n\n<p>Moto G87\u2019nin fiyat\u0131 resmi olarak a\u00e7\u0131klanm\u0131\u015f de\u011fil. Ancak baz\u0131 pazarlarda cihaz\u0131n farkl\u0131 isimlerle, \u00f6zellikle \u201cMoto G Max\u201d olarak sat\u0131\u015fa sunulabilece\u011fi konu\u015fuluyor.<\/p>\n\n\n\n<p>Genel tabloya bak\u0131ld\u0131\u011f\u0131nda Moto G87; kamera, ekran ve dayan\u0131kl\u0131l\u0131k \u00f6zellikleriyle orta segmentte rekabeti yeniden \u015fekillendirebilecek g\u00fc\u00e7l\u00fc bir alternatif olarak \u00f6ne \u00e7\u0131k\u0131yor.<\/p>\n","protected":false},"excerpt":{"rendered":"<p>Motorola, yeni nesil katlanabilir modellerini tan\u0131tt\u0131\u011f\u0131 etkinlikte dikkat \u00e7ekici bir s\u00fcrprize imza atarak Moto G87 modelini de resmi olarak duyurdu. Uzun s\u00fcredir s\u0131z\u0131nt\u0131larla g\u00fcndemde olan cihaz, \u00f6zellikle kamera taraf\u0131ndaki iddias\u0131yla G serisinin en g\u00fc\u00e7l\u00fc temsilcilerinden biri olarak konumlan\u0131yor. K\u00fcresel pazarda geni\u015f bir kullan\u0131c\u0131 kitlesine hitap etmesi beklenen Moto G87, Avrupa, Orta Do\u011fu, Afrika ve Latin [&hellip;]<\/p>\n","protected":false},"author":27,"featured_media":85118,"comment_status":"open","ping_status":"closed","sticky":false,"template":"","format":"standard","meta":{"footnotes":""},"categories":[60,46,1],"tags":[],"class_list":["post-85117","post","type-post","status-publish","format-standard","has-post-thumbnail","hentry","category-android","category-mobil","category-teknoloji"],"_links":{"self":[{"href":"https:\/\/www.indir.com\/haber\/wp-json\/wp\/v2\/posts\/85117","targetHints":{"allow":["GET"]}}],"collection":[{"href":"https:\/\/www.indir.com\/haber\/wp-json\/wp\/v2\/posts"}],"about":[{"href":"https:\/\/www.indir.com\/haber\/wp-json\/wp\/v2\/types\/post"}],"author":[{"embeddable":true,"href":"https:\/\/www.indir.com\/haber\/wp-json\/wp\/v2\/users\/27"}],"replies":[{"embeddable":true,"href":"https:\/\/www.indir.com\/haber\/wp-json\/wp\/v2\/comments?post=85117"}],"version-history":[{"count":1,"href":"https:\/\/www.indir.com\/haber\/wp-json\/wp\/v2\/posts\/85117\/revisions"}],"predecessor-version":[{"id":85119,"href":"https:\/\/www.indir.com\/haber\/wp-json\/wp\/v2\/posts\/85117\/revisions\/85119"}],"wp:featuredmedia":[{"embeddable":true,"href":"https:\/\/www.indir.com\/haber\/wp-json\/wp\/v2\/media\/85118"}],"wp:attachment":[{"href":"https:\/\/www.indir.com\/haber\/wp-json\/wp\/v2\/media?parent=85117"}],"wp:term":[{"taxonomy":"category","embeddable":true,"href":"https:\/\/www.indir.com\/haber\/wp-json\/wp\/v2\/categories?post=85117"},{"taxonomy":"post_tag","embeddable":true,"href":"https:\/\/www.indir.com\/haber\/wp-json\/wp\/v2\/tags?post=85117"}],"curies":[{"name":"wp","href":"https:\/\/api.w.org\/{rel}","templated":true}]}}