{"id":85114,"date":"2026-04-30T11:57:00","date_gmt":"2026-04-30T08:57:00","guid":{"rendered":"https:\/\/www.indir.com\/haber\/?p=85114"},"modified":"2026-04-30T11:55:59","modified_gmt":"2026-04-30T08:55:59","slug":"samsung-2026-ilk-ceyrekte-rekor-kirdi","status":"publish","type":"post","link":"https:\/\/www.indir.com\/haber\/samsung-2026-ilk-ceyrekte-rekor-kirdi\/","title":{"rendered":"Samsung 2026 \u0130lk \u00c7eyrekte Rekor K\u0131rd\u0131"},"content":{"rendered":"\n<p>G\u00fcney Koreli teknoloji devi Samsung Electronics, 2026 y\u0131l\u0131n\u0131n ilk \u00e7eyrek finansal sonu\u00e7lar\u0131yla piyasalarda b\u00fcy\u00fck yank\u0131 uyand\u0131rd\u0131. \u015eirket, yapay zeka odakl\u0131 talebin etkisiyle faaliyet k\u00e2r\u0131nda y\u0131ll\u0131k bazda y\u00fczde 756 gibi dikkat \u00e7ekici bir art\u0131\u015f yakalayarak beklentileri geride b\u0131rakt\u0131.<\/p>\n\n\n\n<p>A\u00e7\u0131klanan verilere g\u00f6re Samsung\u2019un toplam sat\u0131\u015f geliri 133,9 trilyon won seviyesine ula\u015ft\u0131. Bu rakam, analistlerin \u00f6ng\u00f6rd\u00fc\u011f\u00fc 117,49 trilyon wonluk beklentinin olduk\u00e7a \u00fczerinde ger\u00e7ekle\u015fti. \u015eirketin \u00f6zellikle bellek ve yar\u0131 iletken taraf\u0131ndaki g\u00fc\u00e7l\u00fc performans\u0131, bu b\u00fcy\u00fcmenin ana itici g\u00fcc\u00fc oldu.<\/p>\n\n\n\n<h2 class=\"wp-block-heading\">Yar\u0131 \u0130letken Birimi Rekor Performans Sergiledi<\/h2>\n\n\n\n<p>Samsung\u2019un yar\u0131 iletken b\u00f6l\u00fcm\u00fc, finansal sonu\u00e7larda en dikkat \u00e7ekici kalem olarak \u00f6ne \u00e7\u0131kt\u0131. Ge\u00e7ti\u011fimiz y\u0131l ayn\u0131 d\u00f6nemde 1,1 trilyon won faaliyet k\u00e2r\u0131 a\u00e7\u0131klayan birim, bu y\u0131l 53,7 trilyon wona ula\u015farak yakla\u015f\u0131k 48 katl\u0131k bir art\u0131\u015f kaydetti.<\/p>\n\n\n\n<p>Bellek \u00fcr\u00fcnlerinden elde edilen gelir de b\u00fcy\u00fck bir s\u0131\u00e7rama g\u00f6sterdi. Y\u0131ll\u0131k bazda y\u00fczde 292 artan gelir, 74,8 trilyon wona y\u00fckseldi. Bu performans, k\u00fcresel \u00f6l\u00e7ekte artan veri merkezi yat\u0131r\u0131mlar\u0131 ve yapay zeka uygulamalar\u0131na olan talebin do\u011frudan bir sonucu olarak de\u011ferlendiriliyor.<\/p>\n\n\n\n<h2 class=\"wp-block-heading\">Konvansiyonel DRAM, HBM\u2019yi Karl\u0131l\u0131kta Geride B\u0131rakt\u0131<\/h2>\n\n\n\n<p>\u015eirketin finansal sunumunda en dikkat \u00e7eken detaylardan biri ise bellek teknolojileri aras\u0131ndaki k\u00e2rl\u0131l\u0131k fark\u0131 oldu. Samsung yetkilileri, mevcut piyasa ko\u015fullar\u0131nda konvansiyonel DRAM \u00fcr\u00fcnlerinin, y\u00fcksek bant geni\u015flikli bellek (HBM) \u00e7\u00f6z\u00fcmlerine k\u0131yasla daha y\u00fcksek k\u00e2r marj\u0131 sundu\u011funu belirtti.<\/p>\n\n\n\n<p>Bu durumun temel nedeni ise fiyatland\u0131rma stratejisinden kaynaklan\u0131yor. Konvansiyonel DRAM \u00fcr\u00fcnleri, \u00fc\u00e7 ayl\u0131k d\u00f6nemlerde piyasa ko\u015fullar\u0131na g\u00f6re yeniden fiyatland\u0131r\u0131labilirken, HBM \u00fcr\u00fcnleri genellikle y\u0131ll\u0131k s\u00f6zle\u015fmelerle sabit fiyat \u00fczerinden sat\u0131l\u0131yor. Bu da h\u0131zl\u0131 fiyat art\u0131\u015flar\u0131n\u0131n DRAM taraf\u0131nda daha h\u0131zl\u0131 k\u00e2ra yans\u0131mas\u0131n\u0131 sa\u011fl\u0131yor.<\/p>\n\n\n\n<h2 class=\"wp-block-heading\">Mobil Taraf\u0131 Galaxy S26 Ta\u015f\u0131d\u0131<\/h2>\n\n\n\n<p>Mobil cihaz segmentinde ise Samsung Galaxy S26 serisi, artan maliyet bask\u0131lar\u0131na ra\u011fmen g\u00fc\u00e7l\u00fc sat\u0131\u015f performans\u0131yla dikkat \u00e7ekti. Amiral gemisi modellerin g\u00f6rd\u00fc\u011f\u00fc yo\u011fun ilgi, mobil b\u00f6l\u00fcm\u00fcn k\u00e2rl\u0131l\u0131\u011f\u0131n\u0131 korumas\u0131na \u00f6nemli katk\u0131 sa\u011flad\u0131.<\/p>\n\n\n\n<h2 class=\"wp-block-heading\">Sekt\u00f6rde Fiyat Art\u0131\u015f\u0131 Beklentisi G\u00fc\u00e7leniyor<\/h2>\n\n\n\n<p>Sekt\u00f6r analistlerine g\u00f6re, \u00f6zellikle LPDDR5 bellek s\u00f6zle\u015fme fiyatlar\u0131nda 2025 y\u0131l\u0131n\u0131n ba\u015f\u0131ndan bu yana yakla\u015f\u0131k \u00fc\u00e7 katl\u0131k bir art\u0131\u015f ya\u015fand\u0131. Uzmanlar, bu y\u00fckseli\u015f trendinin 2027 y\u0131l\u0131na kadar devam edece\u011fini ve \u00e7ift haneli b\u00fcy\u00fcme oranlar\u0131n\u0131n korunaca\u011f\u0131n\u0131 \u00f6ng\u00f6r\u00fcyor.<\/p>\n\n\n\n<p>Genel tabloya bak\u0131ld\u0131\u011f\u0131nda, Samsung\u2019un 2026 y\u0131l\u0131na olduk\u00e7a g\u00fc\u00e7l\u00fc bir ba\u015flang\u0131\u00e7 yapt\u0131\u011f\u0131 ve \u00f6zellikle bellek pazar\u0131ndaki stratejik konumunu daha da sa\u011flamla\u015ft\u0131rd\u0131\u011f\u0131 g\u00f6r\u00fcl\u00fcyor.<audio autoplay=\"\"><\/audio><\/p>\n","protected":false},"excerpt":{"rendered":"<p>G\u00fcney Koreli teknoloji devi Samsung Electronics, 2026 y\u0131l\u0131n\u0131n ilk \u00e7eyrek finansal sonu\u00e7lar\u0131yla piyasalarda b\u00fcy\u00fck yank\u0131 uyand\u0131rd\u0131. \u015eirket, yapay zeka odakl\u0131 talebin etkisiyle faaliyet k\u00e2r\u0131nda y\u0131ll\u0131k bazda y\u00fczde 756 gibi dikkat \u00e7ekici bir art\u0131\u015f yakalayarak beklentileri geride b\u0131rakt\u0131. A\u00e7\u0131klanan verilere g\u00f6re Samsung\u2019un toplam sat\u0131\u015f geliri 133,9 trilyon won seviyesine ula\u015ft\u0131. Bu rakam, analistlerin \u00f6ng\u00f6rd\u00fc\u011f\u00fc 117,49 trilyon [&hellip;]<\/p>\n","protected":false},"author":27,"featured_media":85115,"comment_status":"open","ping_status":"closed","sticky":false,"template":"","format":"standard","meta":{"footnotes":""},"categories":[1],"tags":[],"class_list":["post-85114","post","type-post","status-publish","format-standard","has-post-thumbnail","hentry","category-teknoloji"],"_links":{"self":[{"href":"https:\/\/www.indir.com\/haber\/wp-json\/wp\/v2\/posts\/85114","targetHints":{"allow":["GET"]}}],"collection":[{"href":"https:\/\/www.indir.com\/haber\/wp-json\/wp\/v2\/posts"}],"about":[{"href":"https:\/\/www.indir.com\/haber\/wp-json\/wp\/v2\/types\/post"}],"author":[{"embeddable":true,"href":"https:\/\/www.indir.com\/haber\/wp-json\/wp\/v2\/users\/27"}],"replies":[{"embeddable":true,"href":"https:\/\/www.indir.com\/haber\/wp-json\/wp\/v2\/comments?post=85114"}],"version-history":[{"count":1,"href":"https:\/\/www.indir.com\/haber\/wp-json\/wp\/v2\/posts\/85114\/revisions"}],"predecessor-version":[{"id":85116,"href":"https:\/\/www.indir.com\/haber\/wp-json\/wp\/v2\/posts\/85114\/revisions\/85116"}],"wp:featuredmedia":[{"embeddable":true,"href":"https:\/\/www.indir.com\/haber\/wp-json\/wp\/v2\/media\/85115"}],"wp:attachment":[{"href":"https:\/\/www.indir.com\/haber\/wp-json\/wp\/v2\/media?parent=85114"}],"wp:term":[{"taxonomy":"category","embeddable":true,"href":"https:\/\/www.indir.com\/haber\/wp-json\/wp\/v2\/categories?post=85114"},{"taxonomy":"post_tag","embeddable":true,"href":"https:\/\/www.indir.com\/haber\/wp-json\/wp\/v2\/tags?post=85114"}],"curies":[{"name":"wp","href":"https:\/\/api.w.org\/{rel}","templated":true}]}}