{"id":85087,"date":"2026-04-28T16:00:00","date_gmt":"2026-04-28T13:00:00","guid":{"rendered":"https:\/\/www.indir.com\/haber\/?p=85087"},"modified":"2026-04-28T13:13:08","modified_gmt":"2026-04-28T10:13:08","slug":"app-storeda-12-aylik-taahhutlu-abonelik-sistemi-geliyor","status":"publish","type":"post","link":"https:\/\/www.indir.com\/haber\/app-storeda-12-aylik-taahhutlu-abonelik-sistemi-geliyor\/","title":{"rendered":"App Store\u2019da 12 Ayl\u0131k Taahh\u00fctl\u00fc Abonelik Sistemi Geliyor"},"content":{"rendered":"\n<p>Apple, App Store ekosisteminde abonelik modelini k\u00f6kten de\u011fi\u015ftirecek yeni bir d\u00f6neme haz\u0131rlan\u0131yor. \u015eirket, geli\u015ftiricilerin art\u0131k \u201c12 ayl\u0131k taahh\u00fctl\u00fc ancak ayl\u0131k \u00f6demeli\u201d abonelik planlar\u0131 sunmas\u0131na izin verecek yeni sistemi resmen duyurdu.<\/p>\n\n\n\n<p>iOS 26.5 beta s\u00fcr\u00fcm\u00fcnde ilk i\u015faretleri g\u00f6r\u00fclen bu yenilik, hem kullan\u0131c\u0131lar\u0131n daha esnek \u00f6deme yapmas\u0131n\u0131 hem de geli\u015ftiricilerin daha uzun vadeli kullan\u0131c\u0131 ba\u011fl\u0131l\u0131\u011f\u0131 olu\u015fturmas\u0131n\u0131 hedefliyor. Yeni sistemin \u00f6n\u00fcm\u00fczdeki d\u00f6nemde t\u00fcm d\u00fcnyada kademeli olarak devreye al\u0131nmas\u0131 bekleniyor.<\/p>\n\n\n\n<h3 class=\"wp-block-heading\">Aboneliklerde Yeni Model: Ayl\u0131k \u00d6de, 12 Ay Taahh\u00fct Et<\/h3>\n\n\n\n<p>Yeni yap\u0131yla birlikte kullan\u0131c\u0131lar, y\u0131ll\u0131k abonelikleri tek seferde \u00f6deme yapmak yerine ayl\u0131k taksitler halinde \u00f6deyebilecek. Ancak bu sistemde \u00f6nemli bir detay var: kullan\u0131c\u0131lar aboneli\u011fi iptal etseler bile, 12 ayl\u0131k taahh\u00fcd\u00fcn kalan \u00f6demelerini tamamlamak zorunda olacak.<\/p>\n\n\n\n<p>Apple, bu modelin hem geli\u015ftiricilerin gelir planlamas\u0131n\u0131 g\u00fc\u00e7lendirece\u011fini hem de aboneliklerin daha s\u00fcrd\u00fcr\u00fclebilir hale gelece\u011fini belirtiyor. Kullan\u0131c\u0131lar ise App Store hesaplar\u0131 \u00fczerinden kalan \u00f6deme say\u0131s\u0131n\u0131 anl\u0131k olarak takip edebilecek.<\/p>\n\n\n\n<h3 class=\"wp-block-heading\">Geli\u015ftiricilere Yeni Ara\u00e7lar Geliyor<\/h3>\n\n\n\n<p>Apple, yeni abonelik sistemini App Store Connect ve Xcode platformlar\u0131na entegre etmeye ba\u015flad\u0131. Geli\u015ftiriciler, uygulamalar\u0131n\u0131 bu modele uygun hale getirmek i\u00e7in \u015fimdiden haz\u0131rl\u0131k yapabilecek.<\/p>\n\n\n\n<p>Sistem ayr\u0131ca kullan\u0131c\u0131ya otomatik bilgilendirme, e-posta hat\u0131rlatmalar\u0131 ve abonelik s\u00fcresi \u015feffafl\u0131\u011f\u0131 gibi ek \u00f6zellikler de sunacak. B\u00f6ylece kullan\u0131c\u0131lar\u0131n \u00f6deme s\u00fcrecini daha net takip etmesi ama\u00e7lan\u0131yor.<\/p>\n\n\n\n<h3 class=\"wp-block-heading\">B\u00f6lgesel Farkl\u0131l\u0131klar Dikkat \u00c7ekiyor<\/h3>\n\n\n\n<p>Yeni abonelik modeli k\u00fcresel \u00f6l\u00e7ekte yayg\u0131nla\u015ft\u0131r\u0131lacak olsa da, ilk a\u015famada baz\u0131 \u00fclkeler kapsam d\u0131\u015f\u0131nda b\u0131rak\u0131l\u0131yor. A\u00e7\u0131klamaya g\u00f6re Amerika Birle\u015fik Devletleri ve Singapur bu sistemin ba\u015flang\u0131\u00e7 faz\u0131nda yer almayacak.<\/p>\n\n\n\n<p>Apple\u2019\u0131n bu \u00fclkelerle ilgili neden b\u00f6yle bir karar ald\u0131\u011f\u0131na dair resmi bir gerek\u00e7e payla\u015f\u0131lmad\u0131. Ancak ilerleyen d\u00f6nemlerde d\u00fczenlemenin geni\u015fletilmesi bekleniyor.<\/p>\n\n\n\n<h2 class=\"wp-block-heading\">Kullan\u0131c\u0131 Deneyimi Nas\u0131l Etkilenecek?<\/h2>\n\n\n\n<p>Apple, yeni sistemle birlikte kullan\u0131c\u0131lar\u0131n abonelik iptallerini daha kontroll\u00fc bir \u015fekilde y\u00f6netmesini hedefliyor. Abonelik iptal edildi\u011finde sistem, kalan taahh\u00fct s\u00fcresi boyunca \u00f6demelerin devam etmesini sa\u011flayacak ve s\u00fcre sonunda aboneli\u011fi otomatik olarak sonland\u0131racak.<\/p>\n\n\n\n<p>Bu model, \u00f6zellikle dijital servislerde \u201cdaha uzun s\u00fcreli kullan\u0131c\u0131 ba\u011fl\u0131l\u0131\u011f\u0131\u201d yaratmay\u0131 hedeflerken, kullan\u0131c\u0131 taraf\u0131nda ise \u00f6deme planlar\u0131n\u0131n daha net ve d\u00fczenli olmas\u0131 ama\u00e7lan\u0131yor.<\/p>\n\n\n\n<p>Yeni App Store abonelik sistemi, hem geli\u015ftiriciler hem de kullan\u0131c\u0131lar i\u00e7in \u00f6nemli bir d\u00f6n\u00fc\u015f\u00fcm olarak g\u00f6r\u00fcl\u00fcyor. Ancak \u201ctaahh\u00fctl\u00fc \u00f6deme\u201d modeli, kullan\u0131c\u0131 deneyimini nas\u0131l etkileyece\u011fi konusunda \u015fimdiden tart\u0131\u015fma yaratm\u0131\u015f durumda.<\/p>\n","protected":false},"excerpt":{"rendered":"<p>Apple, App Store ekosisteminde abonelik modelini k\u00f6kten de\u011fi\u015ftirecek yeni bir d\u00f6neme haz\u0131rlan\u0131yor. \u015eirket, geli\u015ftiricilerin art\u0131k \u201c12 ayl\u0131k taahh\u00fctl\u00fc ancak ayl\u0131k \u00f6demeli\u201d abonelik planlar\u0131 sunmas\u0131na izin verecek yeni sistemi resmen duyurdu. iOS 26.5 beta s\u00fcr\u00fcm\u00fcnde ilk i\u015faretleri g\u00f6r\u00fclen bu yenilik, hem kullan\u0131c\u0131lar\u0131n daha esnek \u00f6deme yapmas\u0131n\u0131 hem de geli\u015ftiricilerin daha uzun vadeli kullan\u0131c\u0131 ba\u011fl\u0131l\u0131\u011f\u0131 olu\u015fturmas\u0131n\u0131 hedefliyor. [&hellip;]<\/p>\n","protected":false},"author":27,"featured_media":85088,"comment_status":"open","ping_status":"closed","sticky":false,"template":"","format":"standard","meta":{"footnotes":""},"categories":[61,46,1],"tags":[],"class_list":["post-85087","post","type-post","status-publish","format-standard","has-post-thumbnail","hentry","category-ios","category-mobil","category-teknoloji"],"_links":{"self":[{"href":"https:\/\/www.indir.com\/haber\/wp-json\/wp\/v2\/posts\/85087","targetHints":{"allow":["GET"]}}],"collection":[{"href":"https:\/\/www.indir.com\/haber\/wp-json\/wp\/v2\/posts"}],"about":[{"href":"https:\/\/www.indir.com\/haber\/wp-json\/wp\/v2\/types\/post"}],"author":[{"embeddable":true,"href":"https:\/\/www.indir.com\/haber\/wp-json\/wp\/v2\/users\/27"}],"replies":[{"embeddable":true,"href":"https:\/\/www.indir.com\/haber\/wp-json\/wp\/v2\/comments?post=85087"}],"version-history":[{"count":1,"href":"https:\/\/www.indir.com\/haber\/wp-json\/wp\/v2\/posts\/85087\/revisions"}],"predecessor-version":[{"id":85089,"href":"https:\/\/www.indir.com\/haber\/wp-json\/wp\/v2\/posts\/85087\/revisions\/85089"}],"wp:featuredmedia":[{"embeddable":true,"href":"https:\/\/www.indir.com\/haber\/wp-json\/wp\/v2\/media\/85088"}],"wp:attachment":[{"href":"https:\/\/www.indir.com\/haber\/wp-json\/wp\/v2\/media?parent=85087"}],"wp:term":[{"taxonomy":"category","embeddable":true,"href":"https:\/\/www.indir.com\/haber\/wp-json\/wp\/v2\/categories?post=85087"},{"taxonomy":"post_tag","embeddable":true,"href":"https:\/\/www.indir.com\/haber\/wp-json\/wp\/v2\/tags?post=85087"}],"curies":[{"name":"wp","href":"https:\/\/api.w.org\/{rel}","templated":true}]}}