{"id":85081,"date":"2026-04-28T10:31:01","date_gmt":"2026-04-28T07:31:01","guid":{"rendered":"https:\/\/www.indir.com\/haber\/?p=85081"},"modified":"2026-04-28T10:31:02","modified_gmt":"2026-04-28T07:31:02","slug":"appledan-devrim-niteliginde-ekran-hamlesi","status":"publish","type":"post","link":"https:\/\/www.indir.com\/haber\/appledan-devrim-niteliginde-ekran-hamlesi\/","title":{"rendered":"Apple\u2019dan Devrim Niteli\u011finde Ekran Hamlesi"},"content":{"rendered":"\n<p>Teknoloji d\u00fcnyas\u0131n\u0131n \u00f6nc\u00fc \u015firketlerinden Apple, yeni nesil iPhone modeli i\u00e7in geli\u015ftirdi\u011fi \u201cS\u0131v\u0131 Cam Ekran\u201d (Liquid Glass Display) teknolojisiyle ak\u0131ll\u0131 telefon tasar\u0131m\u0131nda ezberleri bozacak bir ad\u0131m atmaya haz\u0131rlan\u0131yor. G\u00fcvenilir s\u0131z\u0131nt\u0131lar\u0131yla tan\u0131nan Ice Universe taraf\u0131ndan payla\u015f\u0131lan bilgilere g\u00f6re, bu yenilik\u00e7i ekran yap\u0131s\u0131 kullan\u0131c\u0131 deneyimini tamamen farkl\u0131 bir seviyeye ta\u015f\u0131yacak.<\/p>\n\n\n\n<h2 class=\"wp-block-heading\">\u00c7er\u00e7evesiz Deneyimde Yeni Seviye<\/h2>\n\n\n\n<p>S\u0131v\u0131 Cam Ekran teknolojisi, klasik kavisli ekran anlay\u0131\u015f\u0131n\u0131n \u00f6tesine ge\u00e7iyor. Android d\u00fcnyas\u0131nda yayg\u0131n olarak kullan\u0131lan \u201c\u015felale ekran\u201d tasar\u0131mlar\u0131ndan farkl\u0131 olarak bu yeni panel, fiziksel e\u011fim yerine optik bir ill\u00fczyon prensibiyle \u00e7al\u0131\u015f\u0131yor.<\/p>\n\n\n\n<p>Ekran\u0131n kenarlar\u0131nda kullan\u0131lan \u00f6zel \u0131\u015f\u0131k k\u0131r\u0131lma teknikleri sayesinde panel, adeta s\u0131v\u0131 gibi ak\u0131yormu\u015f hissi veriyor. Bu da \u00e7er\u00e7evelerin neredeyse tamamen g\u00f6r\u00fcnmez hale gelmesini sa\u011flayarak kullan\u0131c\u0131ya kesintisiz bir g\u00f6r\u00fcnt\u00fc sunuyor.<\/p>\n\n\n\n<h2 class=\"wp-block-heading\">Samsung ile Ortak Geli\u015ftirme<\/h2>\n\n\n\n<p>Bu ileri teknoloji ekran\u0131n geli\u015ftirilmesinde Samsung ile i\u015f birli\u011fi yap\u0131ld\u0131\u011f\u0131 belirtiliyor. Sekt\u00f6r kaynaklar\u0131na g\u00f6re d\u00f6rt taraf\u0131 da kavisli olacak yeni panel, Samsung\u2019un Ar-Ge g\u00fcc\u00fcyle \u015fekilleniyor.<\/p>\n\n\n\n<p>Apple\u2019\u0131n bu projede uzun s\u00fcredir \u00e7al\u0131\u015ft\u0131\u011f\u0131 ve ekran teknolojisini yaln\u0131zca estetik de\u011fil, ayn\u0131 zamanda fonksiyonel bir yenilik olarak konumland\u0131rd\u0131\u011f\u0131 ifade ediliyor.<\/p>\n\n\n\n<h2 class=\"wp-block-heading\">Yeni Bir Tasar\u0131m Dili Geliyor<\/h2>\n\n\n\n<p>S\u0131v\u0131 Cam Ekran, sadece g\u00f6rsel bir de\u011fi\u015fiklikten ibaret de\u011fil. Ayn\u0131 zamanda ekran ile g\u00f6vde aras\u0131ndaki s\u0131n\u0131rlar\u0131 ortadan kald\u0131rarak tamamen yeni bir tasar\u0131m dili olu\u015fturuyor.<\/p>\n\n\n\n<p>Bu yakla\u015f\u0131m, ekran alan\u0131n\u0131 maksimum seviyeye \u00e7\u0131kar\u0131rken kullan\u0131c\u0131lar\u0131n i\u00e7erikle daha do\u011frudan bir etkile\u015fim kurmas\u0131n\u0131 hedefliyor. Uzmanlara g\u00f6re bu teknoloji, gelecekte piyasaya s\u00fcr\u00fclecek bir\u00e7ok ak\u0131ll\u0131 telefona ilham verebilir.<\/p>\n\n\n\n<h2 class=\"wp-block-heading\">iPhone\u2019un Gelece\u011fini \u015eekillendirebilir<\/h2>\n\n\n\n<p>Apple\u2019\u0131n bu yeni ekran teknolojisini ilk olarak \u00f6zel y\u0131l d\u00f6n\u00fcm\u00fc modelinde kullanmas\u0131 bekleniyor. Bu modelin, markan\u0131n \u015fimdiye kadar geli\u015ftirdi\u011fi en yenilik\u00e7i cihazlardan biri olaca\u011f\u0131 konu\u015fuluyor.<\/p>\n\n\n\n<p>S\u0131v\u0131 Cam Ekran\u2019\u0131n ba\u015far\u0131l\u0131 olmas\u0131 durumunda, \u00f6n\u00fcm\u00fczdeki y\u0131llarda t\u00fcm iPhone serisine yay\u0131lmas\u0131 da olduk\u00e7a g\u00fc\u00e7l\u00fc bir ihtimal olarak de\u011ferlendiriliyor.<\/p>\n","protected":false},"excerpt":{"rendered":"<p>Teknoloji d\u00fcnyas\u0131n\u0131n \u00f6nc\u00fc \u015firketlerinden Apple, yeni nesil iPhone modeli i\u00e7in geli\u015ftirdi\u011fi \u201cS\u0131v\u0131 Cam Ekran\u201d (Liquid Glass Display) teknolojisiyle ak\u0131ll\u0131 telefon tasar\u0131m\u0131nda ezberleri bozacak bir ad\u0131m atmaya haz\u0131rlan\u0131yor. G\u00fcvenilir s\u0131z\u0131nt\u0131lar\u0131yla tan\u0131nan Ice Universe taraf\u0131ndan payla\u015f\u0131lan bilgilere g\u00f6re, bu yenilik\u00e7i ekran yap\u0131s\u0131 kullan\u0131c\u0131 deneyimini tamamen farkl\u0131 bir seviyeye ta\u015f\u0131yacak. \u00c7er\u00e7evesiz Deneyimde Yeni Seviye S\u0131v\u0131 Cam Ekran teknolojisi, [&hellip;]<\/p>\n","protected":false},"author":27,"featured_media":85082,"comment_status":"open","ping_status":"closed","sticky":false,"template":"","format":"standard","meta":{"footnotes":""},"categories":[61,46,1],"tags":[],"class_list":["post-85081","post","type-post","status-publish","format-standard","has-post-thumbnail","hentry","category-ios","category-mobil","category-teknoloji"],"_links":{"self":[{"href":"https:\/\/www.indir.com\/haber\/wp-json\/wp\/v2\/posts\/85081","targetHints":{"allow":["GET"]}}],"collection":[{"href":"https:\/\/www.indir.com\/haber\/wp-json\/wp\/v2\/posts"}],"about":[{"href":"https:\/\/www.indir.com\/haber\/wp-json\/wp\/v2\/types\/post"}],"author":[{"embeddable":true,"href":"https:\/\/www.indir.com\/haber\/wp-json\/wp\/v2\/users\/27"}],"replies":[{"embeddable":true,"href":"https:\/\/www.indir.com\/haber\/wp-json\/wp\/v2\/comments?post=85081"}],"version-history":[{"count":1,"href":"https:\/\/www.indir.com\/haber\/wp-json\/wp\/v2\/posts\/85081\/revisions"}],"predecessor-version":[{"id":85083,"href":"https:\/\/www.indir.com\/haber\/wp-json\/wp\/v2\/posts\/85081\/revisions\/85083"}],"wp:featuredmedia":[{"embeddable":true,"href":"https:\/\/www.indir.com\/haber\/wp-json\/wp\/v2\/media\/85082"}],"wp:attachment":[{"href":"https:\/\/www.indir.com\/haber\/wp-json\/wp\/v2\/media?parent=85081"}],"wp:term":[{"taxonomy":"category","embeddable":true,"href":"https:\/\/www.indir.com\/haber\/wp-json\/wp\/v2\/categories?post=85081"},{"taxonomy":"post_tag","embeddable":true,"href":"https:\/\/www.indir.com\/haber\/wp-json\/wp\/v2\/tags?post=85081"}],"curies":[{"name":"wp","href":"https:\/\/api.w.org\/{rel}","templated":true}]}}