{"id":85071,"date":"2026-04-27T19:30:00","date_gmt":"2026-04-27T16:30:00","guid":{"rendered":"https:\/\/www.indir.com\/haber\/?p=85071"},"modified":"2026-04-27T12:51:54","modified_gmt":"2026-04-27T09:51:54","slug":"honda-guney-koreden-cekiliyor","status":"publish","type":"post","link":"https:\/\/www.indir.com\/haber\/honda-guney-koreden-cekiliyor\/","title":{"rendered":"Honda G\u00fcney Kore\u2019den \u00c7ekiliyor"},"content":{"rendered":"\n<p>Japon otomotiv devi <strong>Honda<\/strong>, G\u00fcney Kore otomobil pazar\u0131ndaki faaliyetlerine son verme karar\u0131 ald\u0131. \u015eirketin a\u00e7\u0131klamas\u0131na g\u00f6re, 2026 y\u0131l\u0131n\u0131n sonuna kadar \u00fclkedeki ara\u00e7 sat\u0131\u015f operasyonlar\u0131 tamamen durdurulacak. B\u00f6ylece Honda\u2019n\u0131n G\u00fcney Kore\u2019deki yakla\u015f\u0131k 23 y\u0131ll\u0131k otomobil ser\u00fcveni resmen sona ermi\u015f olacak.<\/p>\n\n\n\n<h2 class=\"wp-block-heading\">Karar\u0131n Arkas\u0131nda Ne Var?<\/h2>\n\n\n\n<p>Honda\u2019n\u0131n G\u00fcney Kore\u2019deki sat\u0131\u015flar\u0131n\u0131n son y\u0131llarda ciddi \u015fekilde d\u00fc\u015fmesi, bu karar\u0131n en \u00f6nemli nedenlerinden biri olarak g\u00f6steriliyor. 2025 y\u0131l\u0131nda \u00fclkede sat\u0131lan ara\u00e7 say\u0131s\u0131n\u0131n 2 binin alt\u0131na gerilemesi, markan\u0131n pazardaki rekabet g\u00fcc\u00fcn\u00fc kaybetti\u011fini ortaya koydu.<\/p>\n\n\n\n<p>\u015eirket yetkilileri, karar\u0131n arkas\u0131nda <strong>de\u011fi\u015fen pazar ko\u015fullar\u0131, kur dalgalanmalar\u0131 ve k\u00fcresel rekabetin artmas\u0131<\/strong> gibi fakt\u00f6rlerin bulundu\u011funu belirtiyor. \u00d6zellikle G\u00fcney Koreli markalar <strong>Hyundai ve Kia<\/strong> ile \u00c7inli \u00fcreticilerin agresif b\u00fcy\u00fcmesi, Honda\u2019n\u0131n pazardaki konumunu zay\u0131flatt\u0131.<\/p>\n\n\n\n<h2 class=\"wp-block-heading\">Otomobil Sat\u0131\u015flar\u0131 Bitiyor, Servis Devam Ediyor<\/h2>\n\n\n\n<p>Honda, otomobil sat\u0131\u015flar\u0131n\u0131 sonland\u0131rsa da mevcut m\u00fc\u015fterilerini ma\u011fdur etmemek ad\u0131na \u00fclkede <strong>sat\u0131\u015f sonras\u0131 hizmetleri s\u00fcrd\u00fcrmeye devam edecek<\/strong>. Yani ara\u00e7 sahipleri bak\u0131m ve servis hizmetlerinden yararlanmaya devam edebilecek.<\/p>\n\n\n\n<h2 class=\"wp-block-heading\">Motosiklet Pazar\u0131na Yo\u011funla\u015facak<\/h2>\n\n\n\n<p>\u015eirketin G\u00fcney Kore\u2019den tamamen \u00e7ekilmedi\u011fi de belirtiliyor. Honda, \u00fclkede g\u00fc\u00e7l\u00fc oldu\u011fu <strong>motosiklet segmentine odaklanarak faaliyetlerine devam edecek<\/strong>. Markan\u0131n bu alanda ciddi bir pazar pay\u0131na sahip oldu\u011fu ve stratejik olarak bu b\u00f6l\u00fcme a\u011f\u0131rl\u0131k verece\u011fi ifade ediliyor.<\/p>\n\n\n\n<h2 class=\"wp-block-heading\">23 Y\u0131ll\u0131k Yolculuk Nas\u0131l Ba\u015flad\u0131?<\/h2>\n\n\n\n<p>Honda, G\u00fcney Kore\u2019de ilk olarak 2001 y\u0131l\u0131nda motosiklet sat\u0131\u015flar\u0131yla faaliyetlerine ba\u015flad\u0131. 2003 y\u0131l\u0131nda otomobil sat\u0131\u015flar\u0131na ge\u00e7erek pazardaki yerini geni\u015fletti. Ancak son y\u0131llarda artan rekabet ve d\u00fc\u015fen sat\u0131\u015flar, markan\u0131n \u00fclkeden \u00e7ekilme karar\u0131n\u0131 ka\u00e7\u0131n\u0131lmaz hale getirdi.<\/p>\n\n\n\n<h2 class=\"wp-block-heading\">Sekt\u00f6r \u0130\u00e7in Ne Anlama Geliyor?<\/h2>\n\n\n\n<p>Uzmanlara g\u00f6re Honda\u2019n\u0131n bu karar\u0131, otomotiv sekt\u00f6r\u00fcnde ya\u015fanan b\u00fcy\u00fck d\u00f6n\u00fc\u015f\u00fcm\u00fcn bir g\u00f6stergesi. Elektrikli ara\u00e7lara ge\u00e7i\u015f s\u00fcreci, \u00c7inli markalar\u0131n y\u00fckseli\u015fi ve yerel \u00fcreticilerin g\u00fc\u00e7lenmesi, bir\u00e7ok global markay\u0131 yeni stratejiler geli\u015ftirmeye zorluyor.<\/p>\n\n\n\n<p>Honda\u2019n\u0131n G\u00fcney Kore\u2019den \u00e7ekilmesi, \u00f6zellikle Asya otomotiv pazar\u0131ndaki rekabetin \u00f6n\u00fcm\u00fczdeki d\u00f6nemde daha da sertle\u015fece\u011fine i\u015faret ediyor.<\/p>\n","protected":false},"excerpt":{"rendered":"<p>Japon otomotiv devi Honda, G\u00fcney Kore otomobil pazar\u0131ndaki faaliyetlerine son verme karar\u0131 ald\u0131. \u015eirketin a\u00e7\u0131klamas\u0131na g\u00f6re, 2026 y\u0131l\u0131n\u0131n sonuna kadar \u00fclkedeki ara\u00e7 sat\u0131\u015f operasyonlar\u0131 tamamen durdurulacak. B\u00f6ylece Honda\u2019n\u0131n G\u00fcney Kore\u2019deki yakla\u015f\u0131k 23 y\u0131ll\u0131k otomobil ser\u00fcveni resmen sona ermi\u015f olacak. Karar\u0131n Arkas\u0131nda Ne Var? Honda\u2019n\u0131n G\u00fcney Kore\u2019deki sat\u0131\u015flar\u0131n\u0131n son y\u0131llarda ciddi \u015fekilde d\u00fc\u015fmesi, bu karar\u0131n en [&hellip;]<\/p>\n","protected":false},"author":27,"featured_media":85072,"comment_status":"open","ping_status":"closed","sticky":false,"template":"","format":"standard","meta":{"footnotes":""},"categories":[11906],"tags":[],"class_list":["post-85071","post","type-post","status-publish","format-standard","has-post-thumbnail","hentry","category-araba"],"_links":{"self":[{"href":"https:\/\/www.indir.com\/haber\/wp-json\/wp\/v2\/posts\/85071","targetHints":{"allow":["GET"]}}],"collection":[{"href":"https:\/\/www.indir.com\/haber\/wp-json\/wp\/v2\/posts"}],"about":[{"href":"https:\/\/www.indir.com\/haber\/wp-json\/wp\/v2\/types\/post"}],"author":[{"embeddable":true,"href":"https:\/\/www.indir.com\/haber\/wp-json\/wp\/v2\/users\/27"}],"replies":[{"embeddable":true,"href":"https:\/\/www.indir.com\/haber\/wp-json\/wp\/v2\/comments?post=85071"}],"version-history":[{"count":1,"href":"https:\/\/www.indir.com\/haber\/wp-json\/wp\/v2\/posts\/85071\/revisions"}],"predecessor-version":[{"id":85073,"href":"https:\/\/www.indir.com\/haber\/wp-json\/wp\/v2\/posts\/85071\/revisions\/85073"}],"wp:featuredmedia":[{"embeddable":true,"href":"https:\/\/www.indir.com\/haber\/wp-json\/wp\/v2\/media\/85072"}],"wp:attachment":[{"href":"https:\/\/www.indir.com\/haber\/wp-json\/wp\/v2\/media?parent=85071"}],"wp:term":[{"taxonomy":"category","embeddable":true,"href":"https:\/\/www.indir.com\/haber\/wp-json\/wp\/v2\/categories?post=85071"},{"taxonomy":"post_tag","embeddable":true,"href":"https:\/\/www.indir.com\/haber\/wp-json\/wp\/v2\/tags?post=85071"}],"curies":[{"name":"wp","href":"https:\/\/api.w.org\/{rel}","templated":true}]}}