{"id":85063,"date":"2026-04-27T11:05:50","date_gmt":"2026-04-27T08:05:50","guid":{"rendered":"https:\/\/www.indir.com\/haber\/?p=85063"},"modified":"2026-04-27T11:05:52","modified_gmt":"2026-04-27T08:05:52","slug":"whatsapp-eski-android-telefonlara-veda-ediyor","status":"publish","type":"post","link":"https:\/\/www.indir.com\/haber\/whatsapp-eski-android-telefonlara-veda-ediyor\/","title":{"rendered":"WhatsApp Eski Android Telefonlara Veda Ediyor"},"content":{"rendered":"\n<p>D\u00fcnyan\u0131n en \u00e7ok kullan\u0131lan mesajla\u015fma uygulamalar\u0131ndan biri olan WhatsApp, milyonlarca kullan\u0131c\u0131y\u0131 yak\u0131ndan ilgilendiren \u00f6nemli bir karar\u0131 duyurdu. \u015eirket, teknolojik altyap\u0131s\u0131n\u0131 g\u00fcncellemek ve yeni nesil \u00f6zellikleri daha sa\u011fl\u0131kl\u0131 \u015fekilde sunabilmek ad\u0131na baz\u0131 eski Android s\u00fcr\u00fcmlerine verdi\u011fi deste\u011fi sonland\u0131rma karar\u0131 ald\u0131.<\/p>\n\n\n\n<h2 class=\"wp-block-heading\">8 Eyl\u00fcl 2026\u2019dan Sonra \u00c7al\u0131\u015fmayacak<\/h2>\n\n\n\n<p>Yap\u0131lan a\u00e7\u0131klamaya g\u00f6re, <strong>8 Eyl\u00fcl 2026<\/strong> itibar\u0131yla Android 6.0\u2019\u0131n alt\u0131ndaki i\u015fletim sistemlerine sahip cihazlar art\u0131k WhatsApp\u2019\u0131 kullanamayacak. Bu karar \u00f6zellikle <strong>Android 5.0 ve 5.1<\/strong> kullan\u0131c\u0131lar\u0131n\u0131 do\u011frudan etkileyecek. S\u00f6z konusu cihazlar, belirtilen tarihten sonra uygulamaya eri\u015fim sa\u011flayamayacak.<\/p>\n\n\n\n<h2 class=\"wp-block-heading\">Neden B\u00f6yle Bir Karar Al\u0131nd\u0131?<\/h2>\n\n\n\n<p>\u015eirketin bu ad\u0131m\u0131 atmas\u0131n\u0131n arkas\u0131nda birka\u00e7 \u00f6nemli neden bulunuyor. Ba\u015fta g\u00fcvenlik olmak \u00fczere performans ve yeni \u00f6zelliklerin sorunsuz \u00e7al\u0131\u015fabilmesi i\u00e7in daha g\u00fcncel sistemlere ihtiya\u00e7 duyuluyor. Eski Android s\u00fcr\u00fcmleri, modern uygulama teknolojilerini desteklemekte yetersiz kald\u0131\u011f\u0131 i\u00e7in bu t\u00fcr k\u0131s\u0131tlamalar ka\u00e7\u0131n\u0131lmaz hale geliyor.<\/p>\n\n\n\n<p>WhatsApp, \u00f6zellikle son d\u00f6nemde geli\u015ftirdi\u011fi:<\/p>\n\n\n\n<ul class=\"wp-block-list\">\n<li>Geli\u015fmi\u015f bildirim sistemleri<\/li>\n\n\n\n<li>Daha g\u00fc\u00e7l\u00fc \u015fifreleme altyap\u0131lar\u0131<\/li>\n\n\n\n<li>Yapay zeka destekli \u00f6zellikler<\/li>\n<\/ul>\n\n\n\n<p>gibi yeniliklerin eski cihazlarda stabil \u00e7al\u0131\u015fmad\u0131\u011f\u0131n\u0131 belirtiyor.<\/p>\n\n\n\n<h2 class=\"wp-block-heading\">Kimler Etkilenecek?<\/h2>\n\n\n\n<p>Bu de\u011fi\u015fiklik, d\u00fcnya genelinde h\u00e2l\u00e2 eski cihaz kullanan geni\u015f bir kullan\u0131c\u0131 kitlesini kaps\u0131yor. \u00d6zellikle:<\/p>\n\n\n\n<ul class=\"wp-block-list\">\n<li>D\u00fc\u015f\u00fck b\u00fct\u00e7eli telefon kullan\u0131c\u0131lar\u0131<\/li>\n\n\n\n<li>G\u00fcncelleme deste\u011fi kesilmi\u015f eski modeller<\/li>\n\n\n\n<li>Geli\u015fmekte olan \u00fclkelerdeki kullan\u0131c\u0131lar<\/li>\n<\/ul>\n\n\n\n<p>bu s\u00fcre\u00e7ten daha fazla etkilenecek.<\/p>\n\n\n\n<h2 class=\"wp-block-heading\">Kullan\u0131c\u0131lara Kritik Uyar\u0131: Yedekleme Yap\u0131n<\/h2>\n\n\n\n<p>WhatsApp, kullan\u0131c\u0131lar\u0131n veri kayb\u0131 ya\u015famamas\u0131 i\u00e7in \u00f6nemli bir uyar\u0131da bulunuyor. Destek kesilmeden \u00f6nce sohbetlerin mutlaka yedeklenmesi gerekiyor.<\/p>\n\n\n\n<p>Bunun i\u00e7in:<\/p>\n\n\n\n<ul class=\"wp-block-list\">\n<li>Google Drive \u00fczerinden bulut yedekleme<\/li>\n\n\n\n<li>Cihaz\u0131n yerel depolamas\u0131na manuel yedek alma<\/li>\n<\/ul>\n\n\n\n<p>gibi y\u00f6ntemler \u00f6neriliyor. Aksi halde, uygulamaya eri\u015fim kesildi\u011finde sohbet ge\u00e7mi\u015fine ula\u015fmak m\u00fcmk\u00fcn olmayabilir.<\/p>\n\n\n\n<h2 class=\"wp-block-heading\">iPhone Kullan\u0131c\u0131lar\u0131 Etkilenmeyecek<\/h2>\n\n\n\n<p>Al\u0131nan karar sadece Android taraf\u0131n\u0131 kaps\u0131yor. iOS kullan\u0131c\u0131lar\u0131 i\u00e7in mevcut sistem gereksinimlerinde herhangi bir de\u011fi\u015fiklik bulunmuyor.<\/p>\n\n\n\n<h2 class=\"wp-block-heading\">Dijital D\u00f6n\u00fc\u015f\u00fcm\u00fcn Ka\u00e7\u0131n\u0131lmaz Sonucu<\/h2>\n\n\n\n<p>Teknoloji d\u00fcnyas\u0131nda bu t\u00fcr ge\u00e7i\u015fler yeni de\u011fil. Uygulamalar, geli\u015fen donan\u0131m ve yaz\u0131l\u0131m standartlar\u0131na uyum sa\u011flamak i\u00e7in zaman zaman eski sistemlerle yollar\u0131n\u0131 ay\u0131rmak zorunda kal\u0131yor.<\/p>\n\n\n\n<p>Bu karar, bir yandan kullan\u0131c\u0131 deneyimini ileri ta\u015f\u0131may\u0131 hedeflerken di\u011fer yandan eski cihaz kullananlar i\u00e7in bir \u201cy\u00fckseltme zorunlulu\u011fu\u201d anlam\u0131na geliyor.<\/p>\n","protected":false},"excerpt":{"rendered":"<p>D\u00fcnyan\u0131n en \u00e7ok kullan\u0131lan mesajla\u015fma uygulamalar\u0131ndan biri olan WhatsApp, milyonlarca kullan\u0131c\u0131y\u0131 yak\u0131ndan ilgilendiren \u00f6nemli bir karar\u0131 duyurdu. \u015eirket, teknolojik altyap\u0131s\u0131n\u0131 g\u00fcncellemek ve yeni nesil \u00f6zellikleri daha sa\u011fl\u0131kl\u0131 \u015fekilde sunabilmek ad\u0131na baz\u0131 eski Android s\u00fcr\u00fcmlerine verdi\u011fi deste\u011fi sonland\u0131rma karar\u0131 ald\u0131. 8 Eyl\u00fcl 2026\u2019dan Sonra \u00c7al\u0131\u015fmayacak Yap\u0131lan a\u00e7\u0131klamaya g\u00f6re, 8 Eyl\u00fcl 2026 itibar\u0131yla Android 6.0\u2019\u0131n alt\u0131ndaki i\u015fletim [&hellip;]<\/p>\n","protected":false},"author":27,"featured_media":82976,"comment_status":"open","ping_status":"closed","sticky":false,"template":"","format":"standard","meta":{"footnotes":""},"categories":[60,54,46,1],"tags":[],"class_list":["post-85063","post","type-post","status-publish","format-standard","has-post-thumbnail","hentry","category-android","category-internet","category-mobil","category-teknoloji"],"_links":{"self":[{"href":"https:\/\/www.indir.com\/haber\/wp-json\/wp\/v2\/posts\/85063","targetHints":{"allow":["GET"]}}],"collection":[{"href":"https:\/\/www.indir.com\/haber\/wp-json\/wp\/v2\/posts"}],"about":[{"href":"https:\/\/www.indir.com\/haber\/wp-json\/wp\/v2\/types\/post"}],"author":[{"embeddable":true,"href":"https:\/\/www.indir.com\/haber\/wp-json\/wp\/v2\/users\/27"}],"replies":[{"embeddable":true,"href":"https:\/\/www.indir.com\/haber\/wp-json\/wp\/v2\/comments?post=85063"}],"version-history":[{"count":1,"href":"https:\/\/www.indir.com\/haber\/wp-json\/wp\/v2\/posts\/85063\/revisions"}],"predecessor-version":[{"id":85064,"href":"https:\/\/www.indir.com\/haber\/wp-json\/wp\/v2\/posts\/85063\/revisions\/85064"}],"wp:featuredmedia":[{"embeddable":true,"href":"https:\/\/www.indir.com\/haber\/wp-json\/wp\/v2\/media\/82976"}],"wp:attachment":[{"href":"https:\/\/www.indir.com\/haber\/wp-json\/wp\/v2\/media?parent=85063"}],"wp:term":[{"taxonomy":"category","embeddable":true,"href":"https:\/\/www.indir.com\/haber\/wp-json\/wp\/v2\/categories?post=85063"},{"taxonomy":"post_tag","embeddable":true,"href":"https:\/\/www.indir.com\/haber\/wp-json\/wp\/v2\/tags?post=85063"}],"curies":[{"name":"wp","href":"https:\/\/api.w.org\/{rel}","templated":true}]}}