{"id":85053,"date":"2026-04-26T18:00:00","date_gmt":"2026-04-26T15:00:00","guid":{"rendered":"https:\/\/www.indir.com\/haber\/?p=85053"},"modified":"2026-04-24T11:53:00","modified_gmt":"2026-04-24T08:53:00","slug":"gelecegin-otomotiv-teknolojileri-arabalar-nasil-degisecek","status":"publish","type":"post","link":"https:\/\/www.indir.com\/haber\/gelecegin-otomotiv-teknolojileri-arabalar-nasil-degisecek\/","title":{"rendered":"Gelece\u011fin Otomotiv Teknolojileri: Arabalar Nas\u0131l De\u011fi\u015fecek?"},"content":{"rendered":"\n<p>Otomotiv sekt\u00f6r\u00fc, elektrikli d\u00f6n\u00fc\u015f\u00fcm\u00fcn \u00f6tesine ge\u00e7erek \u00e7ok daha kapsaml\u0131 bir teknoloji evrimine giriyor. \u00d6n\u00fcm\u00fczdeki y\u0131llarda arabalar sadece ula\u015f\u0131m arac\u0131 olmaktan \u00e7\u0131k\u0131p, yaz\u0131l\u0131m odakl\u0131 ak\u0131ll\u0131 sistemlere d\u00f6n\u00fc\u015fecek. Bu de\u011fi\u015fim; g\u00fcvenlikten konfora, s\u00fcr\u00fc\u015f deneyiminden enerji kullan\u0131m\u0131na kadar her alan\u0131 etkileyecek.<\/p>\n\n\n\n<h2 class=\"wp-block-heading\">1. Tam Otonom S\u00fcr\u00fc\u015f (Seviye 4 ve 5)<\/h2>\n\n\n\n<p>Gelece\u011fin en b\u00fcy\u00fck d\u00f6n\u00fc\u015f\u00fcm\u00fc \u015f\u00fcphesiz otonom s\u00fcr\u00fc\u015f teknolojisi olacak.<\/p>\n\n\n\n<ul class=\"wp-block-list\">\n<li>Seviye 4: Belirli alanlarda tamamen s\u00fcr\u00fcc\u00fcs\u00fcz kullan\u0131m<\/li>\n\n\n\n<li>Seviye 5: Direksiyonun bile olmad\u0131\u011f\u0131 tam otonom ara\u00e7lar<\/li>\n<\/ul>\n\n\n\n<p>Bu sistemlerde ara\u00e7lar:<\/p>\n\n\n\n<ul class=\"wp-block-list\">\n<li>Trafi\u011fi analiz eder<\/li>\n\n\n\n<li>Karar verir<\/li>\n\n\n\n<li>Yol planlamas\u0131n\u0131 kendi yapar<\/li>\n<\/ul>\n\n\n\n<p>Yapay zeka destekli s\u00fcr\u00fc\u015f sistemleri, insan hatas\u0131n\u0131 minimuma indirmeyi hedefliyor.<\/p>\n\n\n\n<h2 class=\"wp-block-heading\">2. Yapay Zeka Destekli Ara\u00e7 Sistemleri<\/h2>\n\n\n\n<p>Ara\u00e7 i\u00e7i yapay zeka art\u0131k standart hale gelecek.<\/p>\n\n\n\n<p>Yeni nesil sistemler:<\/p>\n\n\n\n<ul class=\"wp-block-list\">\n<li>S\u00fcr\u00fcc\u00fc al\u0131\u015fkanl\u0131klar\u0131n\u0131 \u00f6\u011frenir<\/li>\n\n\n\n<li>Klima, koltuk ve m\u00fczik ayarlar\u0131n\u0131 otomatik yapar<\/li>\n\n\n\n<li>S\u00fcr\u00fc\u015f stiline g\u00f6re performans\u0131 optimize eder<\/li>\n<\/ul>\n\n\n\n<p>Ayr\u0131ca sesli asistanlar \u00e7ok daha geli\u015fmi\u015f hale gelerek do\u011fal konu\u015fma ile kontrol imk\u00e2n\u0131 sunacak.<\/p>\n\n\n\n<h2 class=\"wp-block-heading\">3. Elektrikli ve Kat\u0131 Hal Bataryalar<\/h2>\n\n\n\n<p>Elektrikli ara\u00e7lar\u0131n gelece\u011fini belirleyecek en \u00f6nemli teknoloji bataryalar olacak.<\/p>\n\n\n\n<p>Yeni nesil bataryalar:<\/p>\n\n\n\n<ul class=\"wp-block-list\">\n<li>Daha uzun menzil<\/li>\n\n\n\n<li>Daha h\u0131zl\u0131 \u015farj<\/li>\n\n\n\n<li>Daha az \u0131s\u0131nma<\/li>\n\n\n\n<li>Daha uzun \u00f6m\u00fcr<\/li>\n<\/ul>\n\n\n\n<p>\u00f6zelliklerine sahip olacak. \u00d6zellikle <strong>kat\u0131 hal bataryalar<\/strong>, elektrikli ara\u00e7larda devrim yaratmas\u0131 beklenen en kritik geli\u015fmelerden biri.<\/p>\n\n\n\n<h2 class=\"wp-block-heading\">4. Ultra H\u0131zl\u0131 \u015earj Teknolojileri<\/h2>\n\n\n\n<p>Gelecekte \u015farj s\u00fcreleri ciddi \u015fekilde azalacak.<\/p>\n\n\n\n<ul class=\"wp-block-list\">\n<li>5\u201310 dakikada %80 \u015farj<\/li>\n\n\n\n<li>Kablosuz \u015farj yollar\u0131<\/li>\n\n\n\n<li>Hareket halindeyken \u015farj (dinamik \u015farj yollar\u0131)<\/li>\n<\/ul>\n\n\n\n<p>Bu teknolojiler, elektrikli ara\u00e7lar\u0131n kullan\u0131m\u0131n\u0131 \u00e7ok daha pratik hale getirecek.<\/p>\n\n\n\n<h2 class=\"wp-block-heading\">5. Ara\u00e7tan Araca (V2V) ve Altyap\u0131 \u0130leti\u015fimi<\/h2>\n\n\n\n<p>Ara\u00e7lar art\u0131k sadece s\u00fcr\u00fcc\u00fclerle de\u011fil, birbirleriyle de ileti\u015fim kuracak.<\/p>\n\n\n\n<ul class=\"wp-block-list\">\n<li>Trafik kazalar\u0131n\u0131 \u00f6nleme<\/li>\n\n\n\n<li>Anl\u0131k yol durumu payla\u015f\u0131m\u0131<\/li>\n\n\n\n<li>Kaza ve engel uyar\u0131lar\u0131<\/li>\n<\/ul>\n\n\n\n<p>Ayr\u0131ca ara\u00e7lar trafik \u0131\u015f\u0131klar\u0131 ve yol altyap\u0131s\u0131yla da ba\u011flant\u0131l\u0131 olacak (V2I teknolojisi).<\/p>\n\n\n\n<h2 class=\"wp-block-heading\">6. Geli\u015fmi\u015f Sens\u00f6r ve Lidar Sistemleri<\/h2>\n\n\n\n<p>Otonom ara\u00e7lar\u0131n g\u00f6zleri sens\u00f6rler olacak.<\/p>\n\n\n\n<p>Yeni sistemler:<\/p>\n\n\n\n<ul class=\"wp-block-list\">\n<li>Lidar (3D \u00e7evre tarama)<\/li>\n\n\n\n<li>Radar ve kamera kombinasyonu<\/li>\n\n\n\n<li>Termal g\u00f6r\u00fcnt\u00fcleme<\/li>\n<\/ul>\n\n\n\n<p>Bu teknolojiler, ara\u00e7lar\u0131n gece ve k\u00f6t\u00fc hava ko\u015fullar\u0131nda bile \u00e7evresini net \u015fekilde alg\u0131lamas\u0131n\u0131 sa\u011flayacak.<\/p>\n\n\n\n<h2 class=\"wp-block-heading\">7. Art\u0131r\u0131lm\u0131\u015f Ger\u00e7eklik (AR) ve Ak\u0131ll\u0131 Camlar<\/h2>\n\n\n\n<p>Ara\u00e7 i\u00e7i ekranlar yerini ak\u0131ll\u0131 camlara b\u0131rakacak.<\/p>\n\n\n\n<ul class=\"wp-block-list\">\n<li>\u00d6n camda navigasyon y\u00f6nlendirmesi<\/li>\n\n\n\n<li>H\u0131z ve trafik bilgileri<\/li>\n\n\n\n<li>Tehlike uyar\u0131lar\u0131<\/li>\n<\/ul>\n\n\n\n<p>Art\u0131r\u0131lm\u0131\u015f ger\u00e7eklik, s\u00fcr\u00fcc\u00fcn\u00fcn dikkatini da\u011f\u0131tmadan bilgi sunacak.<\/p>\n\n\n\n<h2 class=\"wp-block-heading\">8. Yaz\u0131l\u0131m Tan\u0131ml\u0131 Ara\u00e7lar (SDV)<\/h2>\n\n\n\n<p>Gelecekte arabalar t\u0131pk\u0131 telefonlar gibi yaz\u0131l\u0131m g\u00fcncellemeleri alacak.<\/p>\n\n\n\n<ul class=\"wp-block-list\">\n<li>Yeni \u00f6zellikler OTA (kablosuz) g\u00fcncellemelerle gelecek<\/li>\n\n\n\n<li>Performans ve batarya optimizasyonu uzaktan yap\u0131lacak<\/li>\n\n\n\n<li>Ara\u00e7lar zamanla \u201cgeli\u015fmeye devam edecek\u201d<\/li>\n<\/ul>\n\n\n\n<h2 class=\"wp-block-heading\">9. S\u00fcrd\u00fcr\u00fclebilir ve \u00c7evreci Teknolojiler<\/h2>\n\n\n\n<p>Otomotiv sekt\u00f6r\u00fc karbon n\u00f6tr hedeflerine y\u00f6neliyor.<\/p>\n\n\n\n<ul class=\"wp-block-list\">\n<li>Geri d\u00f6n\u00fc\u015ft\u00fcr\u00fclebilir malzemeler<\/li>\n\n\n\n<li>Hidrojen yak\u0131t h\u00fccreleri<\/li>\n\n\n\n<li>Daha d\u00fc\u015f\u00fck enerji t\u00fcketimi<\/li>\n<\/ul>\n\n\n\n<p>\u00d6zellikle hidrojenli ara\u00e7lar, elektrikli ara\u00e7lara alternatif olarak \u00f6nem kazan\u0131yor.<\/p>\n\n\n\n<h2 class=\"wp-block-heading\">10. Tam Dijital Kokpit ve Minimal \u0130\u00e7 Tasar\u0131m<\/h2>\n\n\n\n<p>Gelece\u011fin ara\u00e7 i\u00e7i tasar\u0131mlar\u0131 tamamen dijital olacak.<\/p>\n\n\n\n<ul class=\"wp-block-list\">\n<li>Fiziksel butonlar\u0131n azalmas\u0131<\/li>\n\n\n\n<li>Geni\u015f OLED ekranlar<\/li>\n\n\n\n<li>Ki\u015fiselle\u015ftirilebilir aray\u00fczler<\/li>\n\n\n\n<li>Ses ve hareket kontrol\u00fc<\/li>\n<\/ul>\n\n\n\n<p>Ara\u00e7 i\u00e7i deneyim, adeta bir \u201cmobil ya\u015fam alan\u0131\u201d haline gelecek.<\/p>\n\n\n\n<p>Otomotiv sekt\u00f6r\u00fc, klasik motor teknolojisinden tamamen koparak yaz\u0131l\u0131m, yapay zeka ve elektrik enerjisi odakl\u0131 yeni bir d\u00f6neme giriyor. \u00d6n\u00fcm\u00fczdeki 10 y\u0131l i\u00e7inde arabalar sadece ula\u015f\u0131m arac\u0131 de\u011fil, <strong>ak\u0131ll\u0131, \u00f6\u011frenen ve kendi kendine karar verebilen sistemler<\/strong> haline gelecek.<\/p>\n","protected":false},"excerpt":{"rendered":"<p>Otomotiv sekt\u00f6r\u00fc, elektrikli d\u00f6n\u00fc\u015f\u00fcm\u00fcn \u00f6tesine ge\u00e7erek \u00e7ok daha kapsaml\u0131 bir teknoloji evrimine giriyor. \u00d6n\u00fcm\u00fczdeki y\u0131llarda arabalar sadece ula\u015f\u0131m arac\u0131 olmaktan \u00e7\u0131k\u0131p, yaz\u0131l\u0131m odakl\u0131 ak\u0131ll\u0131 sistemlere d\u00f6n\u00fc\u015fecek. Bu de\u011fi\u015fim; g\u00fcvenlikten konfora, s\u00fcr\u00fc\u015f deneyiminden enerji kullan\u0131m\u0131na kadar her alan\u0131 etkileyecek. 1. Tam Otonom S\u00fcr\u00fc\u015f (Seviye 4 ve 5) Gelece\u011fin en b\u00fcy\u00fck d\u00f6n\u00fc\u015f\u00fcm\u00fc \u015f\u00fcphesiz otonom s\u00fcr\u00fc\u015f teknolojisi olacak. [&hellip;]<\/p>\n","protected":false},"author":27,"featured_media":85054,"comment_status":"open","ping_status":"closed","sticky":false,"template":"","format":"standard","meta":{"footnotes":""},"categories":[11906,47],"tags":[],"class_list":["post-85053","post","type-post","status-publish","format-standard","has-post-thumbnail","hentry","category-araba","category-donanim"],"_links":{"self":[{"href":"https:\/\/www.indir.com\/haber\/wp-json\/wp\/v2\/posts\/85053","targetHints":{"allow":["GET"]}}],"collection":[{"href":"https:\/\/www.indir.com\/haber\/wp-json\/wp\/v2\/posts"}],"about":[{"href":"https:\/\/www.indir.com\/haber\/wp-json\/wp\/v2\/types\/post"}],"author":[{"embeddable":true,"href":"https:\/\/www.indir.com\/haber\/wp-json\/wp\/v2\/users\/27"}],"replies":[{"embeddable":true,"href":"https:\/\/www.indir.com\/haber\/wp-json\/wp\/v2\/comments?post=85053"}],"version-history":[{"count":1,"href":"https:\/\/www.indir.com\/haber\/wp-json\/wp\/v2\/posts\/85053\/revisions"}],"predecessor-version":[{"id":85055,"href":"https:\/\/www.indir.com\/haber\/wp-json\/wp\/v2\/posts\/85053\/revisions\/85055"}],"wp:featuredmedia":[{"embeddable":true,"href":"https:\/\/www.indir.com\/haber\/wp-json\/wp\/v2\/media\/85054"}],"wp:attachment":[{"href":"https:\/\/www.indir.com\/haber\/wp-json\/wp\/v2\/media?parent=85053"}],"wp:term":[{"taxonomy":"category","embeddable":true,"href":"https:\/\/www.indir.com\/haber\/wp-json\/wp\/v2\/categories?post=85053"},{"taxonomy":"post_tag","embeddable":true,"href":"https:\/\/www.indir.com\/haber\/wp-json\/wp\/v2\/tags?post=85053"}],"curies":[{"name":"wp","href":"https:\/\/api.w.org\/{rel}","templated":true}]}}