{"id":84991,"date":"2026-04-20T10:06:48","date_gmt":"2026-04-20T07:06:48","guid":{"rendered":"https:\/\/www.indir.com\/haber\/?p=84991"},"modified":"2026-04-20T10:46:29","modified_gmt":"2026-04-20T07:46:29","slug":"ios-27-ile-iphone-ana-ekrani-yenileniyor","status":"publish","type":"post","link":"https:\/\/www.indir.com\/haber\/ios-27-ile-iphone-ana-ekrani-yenileniyor\/","title":{"rendered":"iOS 27 ile iPhone Ana Ekran\u0131 Yenileniyor"},"content":{"rendered":"\n<p>Apple, iPhone kullan\u0131c\u0131lar\u0131n\u0131n uzun s\u00fcredir talep etti\u011fi \u00f6nemli bir kullan\u0131m kolayl\u0131\u011f\u0131n\u0131 yeni i\u015fletim sistemiyle hayata ge\u00e7irmeye haz\u0131rlan\u0131yor. S\u0131zd\u0131r\u0131lan bilgilere g\u00f6re iOS 27, ana ekran d\u00fczenlemelerinde b\u00fcy\u00fck fark yaratacak \u201cGeri Al\u201d ve \u201cYinele\u201d se\u00e7enekleriyle geliyor.<\/p>\n\n\n\n<h2 class=\"wp-block-heading\">Ana Ekranda Hatalara Son<\/h2>\n\n\n\n<p>Bug\u00fcne kadar iPhone kullan\u0131c\u0131lar\u0131, ana ekranda yapt\u0131klar\u0131 widget veya uygulama d\u00fczenlemelerinde hata yapt\u0131klar\u0131nda geri d\u00f6n\u00fc\u015f i\u00e7in \u00e7o\u011fu zaman i\u015flemleri ba\u015ftan yapmak zorunda kal\u0131yordu. Yeni g\u00fcncellemeyle birlikte bu durum de\u011fi\u015fiyor.<\/p>\n\n\n\n<p>Mark Gurman taraf\u0131ndan payla\u015f\u0131lan bilgilere g\u00f6re kullan\u0131c\u0131lar art\u0131k:<\/p>\n\n\n\n<ul class=\"wp-block-list\">\n<li>Ana ekranda yapt\u0131klar\u0131 de\u011fi\u015fiklikleri tek dokunu\u015fla geri alabilecek<\/li>\n\n\n\n<li>\u0130stedikleri d\u00fczenlemeyi tekrar uygulayabilecek<\/li>\n\n\n\n<li>Daha karma\u015f\u0131k widget yerle\u015fimlerini kolayca y\u00f6netebilecek<\/li>\n<\/ul>\n\n\n\n<p>Bu \u00f6zellik, \u00f6zellikle detayl\u0131 ana ekran tasar\u0131mlar\u0131 yapan kullan\u0131c\u0131lar i\u00e7in ciddi bir kolayl\u0131k sa\u011flayacak.<\/p>\n\n\n\n<h2 class=\"wp-block-heading\">K\u00fc\u00e7\u00fck Ama Etkili Bir G\u00fcncelleme<\/h2>\n\n\n\n<p>Yeni \u201cGeri Al \/ Yinele\u201d sistemi, ilk bak\u0131\u015fta k\u00fc\u00e7\u00fck bir yenilik gibi g\u00f6r\u00fcnse de kullan\u0131c\u0131 deneyimi a\u00e7\u0131s\u0131ndan b\u00fcy\u00fck fark yaratacak. Apple\u2019\u0131n bu hamlesi, g\u00fcnl\u00fck kullan\u0131mda yap\u0131lan k\u00fc\u00e7\u00fck hatalar\u0131 h\u0131zl\u0131ca d\u00fczeltmeyi m\u00fcmk\u00fcn k\u0131l\u0131yor.<\/p>\n\n\n\n<p>Uzmanlara g\u00f6re bu \u00f6zellik, iPhone\u2019un kullan\u0131m ak\u0131\u015f\u0131n\u0131 daha esnek ve hatas\u0131z hale getirecek \u00f6nemli bir ad\u0131m olarak g\u00f6r\u00fcl\u00fcyor.<\/p>\n\n\n\n<h2 class=\"wp-block-heading\">iOS 27 Sadece Bununla S\u0131n\u0131rl\u0131 De\u011fil<\/h2>\n\n\n\n<p>Yeni s\u00fcr\u00fcm, yaln\u0131zca ana ekran iyile\u015ftirmeleriyle gelmiyor. Apple\u2019\u0131n daha geni\u015f bir strateji kapsam\u0131nda:<\/p>\n\n\n\n<ul class=\"wp-block-list\">\n<li>Geli\u015ftirilmi\u015f Siri deneyimi<\/li>\n\n\n\n<li>Apple Intelligence entegrasyonu<\/li>\n\n\n\n<li>Sistem genelinde performans ve kararl\u0131l\u0131k iyile\u015ftirmeleri<\/li>\n<\/ul>\n\n\n\n<p>\u00fczerinde \u00e7al\u0131\u015ft\u0131\u011f\u0131 belirtiliyor.<\/p>\n\n\n\n<p>Yeni i\u015fletim sisteminin, ge\u00e7mi\u015fte stabilite odakl\u0131 yakla\u015f\u0131m\u0131yla \u00f6ne \u00e7\u0131kan <strong>Snow Leopard<\/strong> benzeri bir g\u00fcncelleme olmas\u0131 bekleniyor.<\/p>\n\n\n\n<h2 class=\"wp-block-heading\">Beta ve \u00c7\u0131k\u0131\u015f Tarihi<\/h2>\n\n\n\n<p>S\u0131zan takvime g\u00f6re:<\/p>\n\n\n\n<ul class=\"wp-block-list\">\n<li>iOS 27 beta s\u00fcreci Haziran ay\u0131nda ba\u015flayacak<\/li>\n\n\n\n<li>Nihai s\u00fcr\u00fcm Eyl\u00fcl ay\u0131nda t\u00fcm kullan\u0131c\u0131lara sunulacak<\/li>\n<\/ul>\n\n\n\n<p>Bu s\u00fcre\u00e7te Apple\u2019\u0131n yeni iPhone modelleriyle birlikte g\u00fcncellemeyi resmi olarak tan\u0131tmas\u0131 bekleniyor.<\/p>\n\n\n\n<h2 class=\"wp-block-heading\">Donan\u0131m Taraf\u0131nda da Hareketlilik Var<\/h2>\n\n\n\n<p>Yaz\u0131l\u0131m taraf\u0131ndaki yeniliklere ek olarak Apple\u2019\u0131n donan\u0131m cephesinde de yo\u011fun bir y\u0131l ge\u00e7irece\u011fi konu\u015fuluyor. Yeni:<\/p>\n\n\n\n<ul class=\"wp-block-list\">\n<li>iPad modelleri<\/li>\n\n\n\n<li>Apple TV<\/li>\n\n\n\n<li>HomePod mini<\/li>\n<\/ul>\n\n\n\n<p>gibi \u00fcr\u00fcnlerin de yapay zeka destekli \u00f6zelliklerle g\u00fcncellenmesi planlan\u0131yor.<\/p>\n\n\n\n<p>iOS 27 ile birlikte iPhone kullan\u0131c\u0131 deneyimi daha pratik ve hatas\u0131z hale geliyor. \u00d6zellikle ana ekrana gelen \u201cGeri Al\u201d ve \u201cYinele\u201d \u00f6zellikleri, k\u00fc\u00e7\u00fck gibi g\u00f6r\u00fcnse de g\u00fcnl\u00fck kullan\u0131mda b\u00fcy\u00fck fark yaratacak yenilikler aras\u0131nda yer al\u0131yor.<\/p>\n\n\n\n<p>Apple\u2019\u0131n bu g\u00fcncellemeyle birlikte hem performans\u0131 art\u0131rmay\u0131 hem de yapay zeka destekli \u00f6zellikleri daha geni\u015f bir kullan\u0131c\u0131 kitlesine ula\u015ft\u0131rmay\u0131 hedefledi\u011fi g\u00f6r\u00fcl\u00fcyor.<\/p>\n","protected":false},"excerpt":{"rendered":"<p>Apple, iPhone kullan\u0131c\u0131lar\u0131n\u0131n uzun s\u00fcredir talep etti\u011fi \u00f6nemli bir kullan\u0131m kolayl\u0131\u011f\u0131n\u0131 yeni i\u015fletim sistemiyle hayata ge\u00e7irmeye haz\u0131rlan\u0131yor. S\u0131zd\u0131r\u0131lan bilgilere g\u00f6re iOS 27, ana ekran d\u00fczenlemelerinde b\u00fcy\u00fck fark yaratacak \u201cGeri Al\u201d ve \u201cYinele\u201d se\u00e7enekleriyle geliyor. Ana Ekranda Hatalara Son Bug\u00fcne kadar iPhone kullan\u0131c\u0131lar\u0131, ana ekranda yapt\u0131klar\u0131 widget veya uygulama d\u00fczenlemelerinde hata yapt\u0131klar\u0131nda geri d\u00f6n\u00fc\u015f i\u00e7in \u00e7o\u011fu [&hellip;]<\/p>\n","protected":false},"author":27,"featured_media":84992,"comment_status":"open","ping_status":"closed","sticky":false,"template":"","format":"standard","meta":{"footnotes":""},"categories":[61,46,1],"tags":[],"class_list":["post-84991","post","type-post","status-publish","format-standard","has-post-thumbnail","hentry","category-ios","category-mobil","category-teknoloji"],"_links":{"self":[{"href":"https:\/\/www.indir.com\/haber\/wp-json\/wp\/v2\/posts\/84991","targetHints":{"allow":["GET"]}}],"collection":[{"href":"https:\/\/www.indir.com\/haber\/wp-json\/wp\/v2\/posts"}],"about":[{"href":"https:\/\/www.indir.com\/haber\/wp-json\/wp\/v2\/types\/post"}],"author":[{"embeddable":true,"href":"https:\/\/www.indir.com\/haber\/wp-json\/wp\/v2\/users\/27"}],"replies":[{"embeddable":true,"href":"https:\/\/www.indir.com\/haber\/wp-json\/wp\/v2\/comments?post=84991"}],"version-history":[{"count":1,"href":"https:\/\/www.indir.com\/haber\/wp-json\/wp\/v2\/posts\/84991\/revisions"}],"predecessor-version":[{"id":84993,"href":"https:\/\/www.indir.com\/haber\/wp-json\/wp\/v2\/posts\/84991\/revisions\/84993"}],"wp:featuredmedia":[{"embeddable":true,"href":"https:\/\/www.indir.com\/haber\/wp-json\/wp\/v2\/media\/84992"}],"wp:attachment":[{"href":"https:\/\/www.indir.com\/haber\/wp-json\/wp\/v2\/media?parent=84991"}],"wp:term":[{"taxonomy":"category","embeddable":true,"href":"https:\/\/www.indir.com\/haber\/wp-json\/wp\/v2\/categories?post=84991"},{"taxonomy":"post_tag","embeddable":true,"href":"https:\/\/www.indir.com\/haber\/wp-json\/wp\/v2\/tags?post=84991"}],"curies":[{"name":"wp","href":"https:\/\/api.w.org\/{rel}","templated":true}]}}