{"id":84627,"date":"2026-03-12T12:07:15","date_gmt":"2026-03-12T09:07:15","guid":{"rendered":"https:\/\/www.indir.com\/haber\/?p=84627"},"modified":"2026-03-12T12:07:16","modified_gmt":"2026-03-12T09:07:16","slug":"whatsapp-cocuk-hesaplarini-ebeveyn-kontrolune-aciyor","status":"publish","type":"post","link":"https:\/\/www.indir.com\/haber\/whatsapp-cocuk-hesaplarini-ebeveyn-kontrolune-aciyor\/","title":{"rendered":"WhatsApp, \u00c7ocuk Hesaplar\u0131n\u0131 Ebeveyn Kontrol\u00fcne A\u00e7\u0131yor"},"content":{"rendered":"\n<p>WhatsApp, ailelerin dijital g\u00fcvenlik kayg\u0131lar\u0131n\u0131 g\u00f6z \u00f6n\u00fcnde bulundurarak yeni bir hesap t\u00fcr\u00fc duyurdu. Ebeveyn veya vasi taraf\u0131ndan olu\u015fturulan ve y\u00f6netilen bu \u00e7ocuk hesaplar\u0131, \u00f6n\u00fcm\u00fczdeki aylarda kademeli olarak d\u00fcnya genelinde kullan\u0131ma sunulacak.<\/p>\n\n\n\n<figure class=\"wp-block-image size-full\"><img loading=\"lazy\" decoding=\"async\" width=\"1500\" height=\"900\" src=\"http:\/\/www.indir.com\/haber\/wp-content\/uploads\/2026\/03\/Gemini_Generated_Image_i2okkai2okkai2ok_1600x900-e1773305470359.jpg\" alt=\"WhatsApp, \u00c7ocuk Hesaplar\u0131n\u0131 Ebeveyn Kontrol\u00fcne A\u00e7\u0131yor\" class=\"wp-image-84628\" title=\"\" srcset=\"https:\/\/www.indir.com\/haber\/wp-content\/uploads\/2026\/03\/Gemini_Generated_Image_i2okkai2okkai2ok_1600x900-e1773305470359.jpg 1500w, https:\/\/www.indir.com\/haber\/wp-content\/uploads\/2026\/03\/Gemini_Generated_Image_i2okkai2okkai2ok_1600x900-e1773305470359-100x60.jpg 100w, https:\/\/www.indir.com\/haber\/wp-content\/uploads\/2026\/03\/Gemini_Generated_Image_i2okkai2okkai2ok_1600x900-e1773305470359-300x180.jpg 300w, https:\/\/www.indir.com\/haber\/wp-content\/uploads\/2026\/03\/Gemini_Generated_Image_i2okkai2okkai2ok_1600x900-e1773305470359-768x461.jpg 768w\" sizes=\"auto, (max-width: 1500px) 100vw, 1500px\" \/><figcaption class=\"wp-element-caption\">WhatsApp, \u00c7ocuk Hesaplar\u0131n\u0131 Ebeveyn Kontrol\u00fcne A\u00e7\u0131yor<\/figcaption><\/figure>\n\n\n\n<h2 class=\"wp-block-heading\">WhatsApp <strong>Aileler ve Uzmanlar\u0131n Geri Bildirimleriyle \u015eekillendi<\/strong><\/h2>\n\n\n\n<p>WhatsApp&#8217;\u0131n a\u00e7\u0131klamas\u0131na g\u00f6re yeni hesap modeli, ailelerden ve uzmanlardan toplanan geri bildirimler temel al\u0131narak tasarland\u0131. Hesaplar varsay\u0131lan olarak daha s\u0131k\u0131 g\u00fcvenlik ve gizlilik ayarlar\u0131yla gelecek; \u00e7ocuklar\u0131n uygulama deneyimi mesajlar ve aramalarla s\u0131n\u0131rl\u0131 tutulacak.<\/p>\n\n\n\n<p>ABD&#8217;de s\u00f6z konusu yap\u0131 \u00f6zellikle 13 ya\u015f\u0131ndaki \u00e7ocuklar\u0131n ilk mesajla\u015fma deneyimleri i\u00e7in konumland\u0131r\u0131l\u0131yor. WhatsApp \u00e7ocuk hesaplar\u0131, do\u011frudan ebeveyn ya da vasi taraf\u0131ndan olu\u015fturulacak ve ebeveynin kendi hesab\u0131na ba\u011fl\u0131 kalacak.<\/p>\n\n\n\n<h2 class=\"wp-block-heading\"><strong>Hesap Kurulumu \u0130\u00e7in \u0130ki Cihaz Yan Yana Olmal\u0131<\/strong><\/h2>\n\n\n\n<p>E\u015fle\u015ftirme s\u00fcreci, aile ferdine al\u0131nan telefon ile ebeveynin kendi cihaz\u0131n\u0131n fiziksel olarak yan yana bulunmas\u0131n\u0131 gerektiriyor. Kurulum tamamland\u0131ktan sonra ebeveyn, \u00e7ocuk hesab\u0131n\u0131 ayr\u0131nt\u0131l\u0131 bi\u00e7imde y\u00f6netebilecek.<\/p>\n\n\n\n<p>Bu y\u00f6netim paneli \u00fczerinden; hesapla ileti\u015fim kurabilecek ki\u015filer, kat\u0131l\u0131nabilecek gruplar ve bilinmeyen ki\u015filerden gelen mesaj istekleri kontrol alt\u0131na al\u0131nabilecek. Gizlilik ayarlar\u0131 da tamamen ebeveyn taraf\u0131nda tutulacak.<\/p>\n\n\n\n<h2 class=\"wp-block-heading\"><strong>Ebeveyn PIN&#8217;i ile Korunan Ayarlar<\/strong><\/h2>\n\n\n\n<p>WhatsApp, yeni denetim mekanizmalar\u0131n\u0131n y\u00f6netilen cihazda bir ebeveyn PIN&#8217;i ile g\u00fcvence alt\u0131na al\u0131nd\u0131\u011f\u0131n\u0131 belirtiyor. Bu sayede gizlilik ayarlar\u0131na yaln\u0131zca ebeveynler eri\u015fip de\u011fi\u015fiklik yapabilecek. \u015eirket, ailelerin deneyimi kendi ihtiya\u00e7lar\u0131na g\u00f6re \u00f6zelle\u015ftirebilece\u011fini vurguluyor.<\/p>\n\n\n\n<p>T\u00fcm ki\u015fisel sohbetlerin u\u00e7tan uca \u015fifreleme ile korunmaya devam edece\u011fi de ayr\u0131ca ifade ediliyor. Buna g\u00f6re sohbet i\u00e7eriklerine WhatsApp dahil hi\u00e7 kimse eri\u015femeyecek.<\/p>\n\n\n\n<h2 class=\"wp-block-heading\"><strong>Meta&#8217;n\u0131n Kapsaml\u0131 Dijital G\u00fcvenlik Hamlelerinden Biri<\/strong><\/h2>\n\n\n\n<p>Bu duyuru, Meta&#8217;n\u0131n Instagram cephesinde att\u0131\u011f\u0131 ad\u0131mdan k\u0131sa s\u00fcre sonra g\u00fcndeme geldi. Meta, yakla\u015f\u0131k iki hafta \u00f6nce bir \u00e7ocu\u011fun Instagram&#8217;da intihar veya kendine zarar verme i\u00e7eriklerini tekrar tekrar aramas\u0131 durumunda ebeveynlere bildirim g\u00f6nderilece\u011fini a\u00e7\u0131klam\u0131\u015ft\u0131.<\/p>\n\n\n\n<p>S\u00f6z konusu Instagram \u00f6zelli\u011fi ilk a\u015famada ABD, Birle\u015fik Krall\u0131k, Avustralya ve Kanada&#8217;daki ebeveyn denetim ara\u00e7lar\u0131n\u0131 kullanan ailelere sunulacak; di\u011fer b\u00f6lgelerde ise y\u0131l\u0131n ilerleyen d\u00f6nemlerinde devreye girecek.<\/p>\n\n\n\n<p>WhatsApp, \u00e7ocuk hesaplar\u0131 geni\u015f kitlelere ula\u015f\u0131rken kullan\u0131c\u0131 geri bildirimlerini de derlemeyi planl\u0131yor.<\/p>\n","protected":false},"excerpt":{"rendered":"<p>WhatsApp, ailelerin dijital g\u00fcvenlik kayg\u0131lar\u0131n\u0131 g\u00f6z \u00f6n\u00fcnde bulundurarak yeni bir hesap t\u00fcr\u00fc duyurdu. Ebeveyn veya vasi taraf\u0131ndan olu\u015fturulan ve y\u00f6netilen bu \u00e7ocuk hesaplar\u0131, \u00f6n\u00fcm\u00fczdeki aylarda kademeli olarak d\u00fcnya genelinde kullan\u0131ma sunulacak. WhatsApp Aileler ve Uzmanlar\u0131n Geri Bildirimleriyle \u015eekillendi WhatsApp&#8217;\u0131n a\u00e7\u0131klamas\u0131na g\u00f6re yeni hesap modeli, ailelerden ve uzmanlardan toplanan geri bildirimler temel al\u0131narak tasarland\u0131. Hesaplar varsay\u0131lan [&hellip;]<\/p>\n","protected":false},"author":8,"featured_media":84629,"comment_status":"open","ping_status":"closed","sticky":false,"template":"","format":"standard","meta":{"footnotes":""},"categories":[1],"tags":[],"class_list":["post-84627","post","type-post","status-publish","format-standard","has-post-thumbnail","hentry","category-teknoloji"],"_links":{"self":[{"href":"https:\/\/www.indir.com\/haber\/wp-json\/wp\/v2\/posts\/84627","targetHints":{"allow":["GET"]}}],"collection":[{"href":"https:\/\/www.indir.com\/haber\/wp-json\/wp\/v2\/posts"}],"about":[{"href":"https:\/\/www.indir.com\/haber\/wp-json\/wp\/v2\/types\/post"}],"author":[{"embeddable":true,"href":"https:\/\/www.indir.com\/haber\/wp-json\/wp\/v2\/users\/8"}],"replies":[{"embeddable":true,"href":"https:\/\/www.indir.com\/haber\/wp-json\/wp\/v2\/comments?post=84627"}],"version-history":[{"count":1,"href":"https:\/\/www.indir.com\/haber\/wp-json\/wp\/v2\/posts\/84627\/revisions"}],"predecessor-version":[{"id":84630,"href":"https:\/\/www.indir.com\/haber\/wp-json\/wp\/v2\/posts\/84627\/revisions\/84630"}],"wp:featuredmedia":[{"embeddable":true,"href":"https:\/\/www.indir.com\/haber\/wp-json\/wp\/v2\/media\/84629"}],"wp:attachment":[{"href":"https:\/\/www.indir.com\/haber\/wp-json\/wp\/v2\/media?parent=84627"}],"wp:term":[{"taxonomy":"category","embeddable":true,"href":"https:\/\/www.indir.com\/haber\/wp-json\/wp\/v2\/categories?post=84627"},{"taxonomy":"post_tag","embeddable":true,"href":"https:\/\/www.indir.com\/haber\/wp-json\/wp\/v2\/tags?post=84627"}],"curies":[{"name":"wp","href":"https:\/\/api.w.org\/{rel}","templated":true}]}}