{"id":84617,"date":"2026-03-11T14:25:58","date_gmt":"2026-03-11T11:25:58","guid":{"rendered":"https:\/\/www.indir.com\/haber\/?p=84617"},"modified":"2026-03-11T14:25:58","modified_gmt":"2026-03-11T11:25:58","slug":"samsung-galaxy-s26-serisi-resmen-turkiyede","status":"publish","type":"post","link":"https:\/\/www.indir.com\/haber\/samsung-galaxy-s26-serisi-resmen-turkiyede\/","title":{"rendered":"Samsung Galaxy S26 Serisi Resmen T\u00fcrkiye&#8217;de"},"content":{"rendered":"\n<p>Samsung, uzun s\u00fcredir beklenen amiral gemisi ak\u0131ll\u0131 telefon serisini T\u00fcrkiye pazar\u0131na ta\u015f\u0131d\u0131. Galaxy S26, Galaxy S26+ ve Galaxy S26 Ultra modelleriyle \u00fc\u00e7 se\u00e7enek sunan yeni seri; yeni nesil i\u015flemci g\u00fcc\u00fc, geli\u015ftirilmi\u015f kamera altyap\u0131s\u0131 ve yapay zeka odakl\u0131 Galaxy AI \u00f6zellikleriyle dikkat \u00e7ekiyor. Peki Galaxy S26 serisi tam olarak ne sunuyor ve T\u00fcrkiye fiyatlar\u0131 ne kadar?<\/p>\n\n\n\n<h2 class=\"wp-block-heading\">Galaxy S26 Serisi Ka\u00e7 Para? T\u00fcrkiye Fiyat Listesi<\/h2>\n\n\n\n<p>Samsung Galaxy S26 serisi, T\u00fcrkiye&#8217;de a\u015fa\u011f\u0131daki fiyatlarla sat\u0131\u015fa sunuldu:<\/p>\n\n\n\n<figure class=\"wp-block-table\"><table class=\"has-fixed-layout\"><thead><tr><th>Model<\/th><th>Depolama<\/th><th>T\u00fcrkiye Fiyat\u0131<\/th><\/tr><\/thead><tbody><tr><td>Galaxy S26<\/td><td>12 GB + 256 GB<\/td><td>70.499 TL<\/td><\/tr><tr><td>Galaxy S26<\/td><td>12 GB + 512 GB<\/td><td>80.499 TL<\/td><\/tr><tr><td>Galaxy S26+<\/td><td>12 GB + 256 GB<\/td><td>82.499 TL<\/td><\/tr><tr><td>Galaxy S26+<\/td><td>12 GB + 512 GB<\/td><td>94.499 TL<\/td><\/tr><tr><td>Galaxy S26 Ultra<\/td><td>16 GB + 256 GB<\/td><td>109.999 TL<\/td><\/tr><tr><td>Galaxy S26 Ultra<\/td><td>16 GB + 512 GB<\/td><td>121.999 TL<\/td><\/tr><tr><td>Galaxy S26 Ultra<\/td><td>16 GB + 1 TB<\/td><td>139.999 TL<\/td><\/tr><\/tbody><\/table><\/figure>\n\n\n\n<figure class=\"wp-block-image size-full\"><img loading=\"lazy\" decoding=\"async\" width=\"1020\" height=\"910\" src=\"http:\/\/www.indir.com\/haber\/wp-content\/uploads\/2026\/03\/Gemini_Generated_Image_r8cue1r8cue1r8cu-e1773228265639.png\" alt=\"Samsung Galaxy S26 Serisi Resmen T\u00fcrkiye&#039;de\" class=\"wp-image-84621\" title=\"\" srcset=\"https:\/\/www.indir.com\/haber\/wp-content\/uploads\/2026\/03\/Gemini_Generated_Image_r8cue1r8cue1r8cu-e1773228265639.png 1020w, https:\/\/www.indir.com\/haber\/wp-content\/uploads\/2026\/03\/Gemini_Generated_Image_r8cue1r8cue1r8cu-e1773228265639-202x180.png 202w, https:\/\/www.indir.com\/haber\/wp-content\/uploads\/2026\/03\/Gemini_Generated_Image_r8cue1r8cue1r8cu-e1773228265639-768x685.png 768w\" sizes=\"auto, (max-width: 1020px) 100vw, 1020px\" \/><figcaption class=\"wp-element-caption\">Samsung Galaxy S26 Serisi Resmen T\u00fcrkiye&#8217;de<\/figcaption><\/figure>\n\n\n\n<h2 class=\"wp-block-heading\">Galaxy S26 Serisi Hangi \u0130\u015flemciyle Geliyor?<\/h2>\n\n\n\n<p>Samsung Galaxy S26 serisi, Snapdragon 8 Elite Gen 5 ya da Exynos 2600 i\u015flemci se\u00e7enekleriyle kullan\u0131c\u0131lara sunuluyor. Her iki yeni nesil i\u015flemci de hem ham performans hem de pil \u00f6mr\u00fc verimlili\u011fi a\u00e7\u0131s\u0131ndan \u00f6nemli bir s\u0131\u00e7rama vadediyor. Bu sayede Galaxy S26 serisi; a\u011f\u0131r oyunlardan \u00e7ok g\u00f6revli kullan\u0131ma kadar geni\u015f bir kullan\u0131c\u0131 kitlesine hitap etmeyi hedefliyor.<\/p>\n\n\n\n<h2 class=\"wp-block-heading\">Galaxy AI ile Telefon Kullan\u0131m\u0131 Farkl\u0131 Bir Boyuta Ta\u015f\u0131n\u0131yor<\/h2>\n\n\n\n<p>Galaxy S26 serisinin en \u00f6ne \u00e7\u0131kan yeniliklerinden biri, Samsung&#8217;un yapay zeka platformu Galaxy AI. Bu sistem sayesinde kullan\u0131c\u0131lar; foto\u011fraf d\u00fczenlemeyi, ger\u00e7ek zamanl\u0131 \u00e7eviriyi, uzun metinleri otomatik \u00f6zetlemeyi ve geli\u015fmi\u015f sesli asistan \u00f6zelliklerini do\u011frudan telefon \u00fczerinden kullanabiliyor. Samsung, Galaxy AI ile ak\u0131ll\u0131 telefon deneyimini daha verimli ve ak\u0131ll\u0131 bir h\u00e2le getirmeyi ama\u00e7l\u0131yor.<\/p>\n\n\n\n<h2 class=\"wp-block-heading\">Samsung&#8217;un Yeni Seriden Beklentisi B\u00fcy\u00fck<\/h2>\n\n\n\n<p>Samsung, Galaxy S26 serisiyle hem performans \u00e7\u0131tas\u0131n\u0131 y\u00fckseltmeyi hem de yapay zeka entegrasyonunu g\u00fcnl\u00fck kullan\u0131m\u0131n merkezine yerle\u015ftirmeyi hedefliyor. \u00dc\u00e7 farkl\u0131 model ve geni\u015f fiyat aral\u0131\u011f\u0131yla serinin farkl\u0131 b\u00fct\u00e7elere hitap etmesi planlan\u0131yor.<\/p>\n","protected":false},"excerpt":{"rendered":"<p>Samsung, uzun s\u00fcredir beklenen amiral gemisi ak\u0131ll\u0131 telefon serisini T\u00fcrkiye pazar\u0131na ta\u015f\u0131d\u0131. Galaxy S26, Galaxy S26+ ve Galaxy S26 Ultra modelleriyle \u00fc\u00e7 se\u00e7enek sunan yeni seri; yeni nesil i\u015flemci g\u00fcc\u00fc, geli\u015ftirilmi\u015f kamera altyap\u0131s\u0131 ve yapay zeka odakl\u0131 Galaxy AI \u00f6zellikleriyle dikkat \u00e7ekiyor. Peki Galaxy S26 serisi tam olarak ne sunuyor ve T\u00fcrkiye fiyatlar\u0131 ne kadar? [&hellip;]<\/p>\n","protected":false},"author":8,"featured_media":84619,"comment_status":"open","ping_status":"closed","sticky":false,"template":"","format":"standard","meta":{"footnotes":""},"categories":[1],"tags":[],"class_list":["post-84617","post","type-post","status-publish","format-standard","has-post-thumbnail","hentry","category-teknoloji"],"_links":{"self":[{"href":"https:\/\/www.indir.com\/haber\/wp-json\/wp\/v2\/posts\/84617","targetHints":{"allow":["GET"]}}],"collection":[{"href":"https:\/\/www.indir.com\/haber\/wp-json\/wp\/v2\/posts"}],"about":[{"href":"https:\/\/www.indir.com\/haber\/wp-json\/wp\/v2\/types\/post"}],"author":[{"embeddable":true,"href":"https:\/\/www.indir.com\/haber\/wp-json\/wp\/v2\/users\/8"}],"replies":[{"embeddable":true,"href":"https:\/\/www.indir.com\/haber\/wp-json\/wp\/v2\/comments?post=84617"}],"version-history":[{"count":1,"href":"https:\/\/www.indir.com\/haber\/wp-json\/wp\/v2\/posts\/84617\/revisions"}],"predecessor-version":[{"id":84622,"href":"https:\/\/www.indir.com\/haber\/wp-json\/wp\/v2\/posts\/84617\/revisions\/84622"}],"wp:featuredmedia":[{"embeddable":true,"href":"https:\/\/www.indir.com\/haber\/wp-json\/wp\/v2\/media\/84619"}],"wp:attachment":[{"href":"https:\/\/www.indir.com\/haber\/wp-json\/wp\/v2\/media?parent=84617"}],"wp:term":[{"taxonomy":"category","embeddable":true,"href":"https:\/\/www.indir.com\/haber\/wp-json\/wp\/v2\/categories?post=84617"},{"taxonomy":"post_tag","embeddable":true,"href":"https:\/\/www.indir.com\/haber\/wp-json\/wp\/v2\/tags?post=84617"}],"curies":[{"name":"wp","href":"https:\/\/api.w.org\/{rel}","templated":true}]}}