{"id":84613,"date":"2026-03-11T13:09:18","date_gmt":"2026-03-11T10:09:18","guid":{"rendered":"https:\/\/www.indir.com\/haber\/?p=84613"},"modified":"2026-03-11T13:09:20","modified_gmt":"2026-03-11T10:09:20","slug":"macbook-neonun-batarya-omru-ne-kadar","status":"publish","type":"post","link":"https:\/\/www.indir.com\/haber\/macbook-neonun-batarya-omru-ne-kadar\/","title":{"rendered":"MacBook Neo&#8217;nun Batarya \u00d6mr\u00fc Ne Kadar?"},"content":{"rendered":"\n<p>Apple&#8217;\u0131n Mart 2026&#8217;da tan\u0131tt\u0131\u011f\u0131 uygun fiyatl\u0131 diz\u00fcst\u00fc bilgisayar\u0131 MacBook Neo, pil performans\u0131yla da merak konusu olmaya devam ediyor. A18 Pro i\u015flemci, 13 in\u00e7 Liquid Retina ekran ve 16 saate kadar pil \u00f6mr\u00fc sunan model, Apple ekosistemine giri\u015f seviyesinde konumlan\u0131yor. Ancak as\u0131l merak edilen soru, bu cihaz\u0131n maksimum pil d\u00f6ng\u00fcs\u00fc s\u0131n\u0131r\u0131n\u0131n ka\u00e7 oldu\u011fu.<\/p>\n\n\n\n<h2 class=\"wp-block-heading\"><strong>MacBook Neo&#8217;nun Pil D\u00f6ng\u00fcs\u00fc S\u0131n\u0131r\u0131 1.000<\/strong><\/h2>\n\n\n\n<p>Apple&#8217;\u0131n resmi destek sayfas\u0131ndaki tabloya g\u00f6re MacBook Neo, di\u011fer g\u00fcncel MacBook modelleriyle ayn\u0131 maksimum d\u00f6ng\u00fc say\u0131s\u0131na sahip: 1.000 \u015farj d\u00f6ng\u00fcs\u00fc. Bu rakam, cihaz\u0131n ne kadar s\u00fcre performans\u0131n\u0131 koruyabilece\u011finin temel g\u00f6stergesi olarak \u00f6ne \u00e7\u0131k\u0131yor.<\/p>\n\n\n\n<p>Peki pil d\u00f6ng\u00fcs\u00fc tam olarak ne anlama geliyor? Pil d\u00f6ng\u00fcs\u00fc say\u0131s\u0131, pilinizin tamamen bo\u015fal\u0131p tekrar \u015farj edilme say\u0131s\u0131n\u0131 ifade ediyor. Tek seferde s\u0131f\u0131ra d\u00fc\u015f\u00fcp \u015farj olmasa bile, birden fazla k\u0131smi \u015farjla toplamda y\u00fczde y\u00fcze ula\u015f\u0131ld\u0131\u011f\u0131nda bir d\u00f6ng\u00fc tamamlanm\u0131\u015f oluyor.<\/p>\n\n\n\n<figure class=\"wp-block-image size-large\"><img loading=\"lazy\" decoding=\"async\" width=\"1001\" height=\"960\" src=\"http:\/\/www.indir.com\/haber\/wp-content\/uploads\/2026\/03\/Gemini_Generated_Image_8969rg8969rg8969-e1773223423966-1001x960.png\" alt=\"MacBook Neo&#039;nun Batarya \u00d6mr\u00fc Ne Kadar?\" class=\"wp-image-84615\" title=\"\" srcset=\"https:\/\/www.indir.com\/haber\/wp-content\/uploads\/2026\/03\/Gemini_Generated_Image_8969rg8969rg8969-e1773223423966-1001x960.png 1001w, https:\/\/www.indir.com\/haber\/wp-content\/uploads\/2026\/03\/Gemini_Generated_Image_8969rg8969rg8969-e1773223423966-188x180.png 188w, https:\/\/www.indir.com\/haber\/wp-content\/uploads\/2026\/03\/Gemini_Generated_Image_8969rg8969rg8969-e1773223423966-768x737.png 768w, https:\/\/www.indir.com\/haber\/wp-content\/uploads\/2026\/03\/Gemini_Generated_Image_8969rg8969rg8969-e1773223423966.png 1005w\" sizes=\"auto, (max-width: 1001px) 100vw, 1001px\" \/><figcaption class=\"wp-element-caption\">MacBook Neo&#8217;nun Batarya \u00d6mr\u00fc Ne Kadar?<\/figcaption><\/figure>\n\n\n\n<h2 class=\"wp-block-heading\"><strong>1.000 D\u00f6ng\u00fc Ne Kadar S\u00fcrer?<\/strong><\/h2>\n\n\n\n<p>G\u00fcnl\u00fck kullan\u0131m al\u0131\u015fkanl\u0131klar\u0131na ba\u011fl\u0131 olarak bu s\u00fcre birka\u00e7 y\u0131la uzanabilir. MacBook&#8217;unuzu binlerce kez \u015farj etmi\u015f olsan\u0131z bile pil d\u00f6ng\u00fcs\u00fc say\u0131s\u0131 yaln\u0131zca birka\u00e7 y\u00fcz seviyesinde kalabilir; \u00e7\u00fcnk\u00fc bir d\u00f6ng\u00fc birden fazla g\u00fcne yay\u0131labiliyor.<\/p>\n\n\n\n<p>Apple, bataryan\u0131n maksimum d\u00f6ng\u00fc say\u0131s\u0131na ula\u015ft\u0131\u011f\u0131nda orijinal \u015farj kapasitesinin y\u00fczde seksenini korumas\u0131n\u0131 hedefliyor. D\u00f6ng\u00fc s\u0131n\u0131r\u0131na gelinen cihazda pil tamamen \u00e7al\u0131\u015fmaz hale gelmiyor; ancak \u015farj s\u00fcresi k\u0131salmaya ve kullan\u0131m s\u00fcresi d\u00fc\u015fmeye ba\u015fl\u0131yor.<\/p>\n\n\n\n<h2 class=\"wp-block-heading\"><strong>MacBook Neo&#8217;nun Bataryas\u0131 Hakk\u0131nda Teknik Detaylar<\/strong><\/h2>\n\n\n\n<p>MacBook Neo&#8217;da 36 Wh kapasiteli bir batarya yer al\u0131yor. Apple&#8217;\u0131n a\u00e7\u0131klad\u0131\u011f\u0131 verilere g\u00f6re cihaz, video izleme s\u0131ras\u0131nda 16 saate kadar, web gezintisinde ise 11 saate kadar pil \u00f6mr\u00fc sunabiliyor. \u015earj i\u00e7in 20W USB-C adapt\u00f6r kullan\u0131l\u0131yor.<\/p>\n\n\n\n<p>MacBook Neo&#8217;nun en dikkat \u00e7ekici \u00f6zelliklerinden biri fans\u0131z tasar\u0131ma sahip olmas\u0131. Apple Silicon i\u015flemcilerin enerji verimlili\u011fi sayesinde cihaz tamamen sessiz \u00e7al\u0131\u015f\u0131yor ve bu sessizlik, d\u00fc\u015f\u00fck enerji t\u00fcketimiyle do\u011frudan ba\u011flant\u0131l\u0131. A18 Pro \u00e7ipinin verimli mimarisi, g\u00fcnl\u00fck kullan\u0131mda daha az d\u00f6ng\u00fc harcanmas\u0131na katk\u0131 sa\u011fl\u0131yor.<\/p>\n\n\n\n<h2 class=\"wp-block-heading\"><strong>Pil Sa\u011fl\u0131\u011f\u0131 Nas\u0131l Korunur?<\/strong><\/h2>\n\n\n\n<p>MacBook Neo kullan\u0131c\u0131lar\u0131 i\u00e7in uzun vadeli pil sa\u011fl\u0131\u011f\u0131n\u0131 korumak ad\u0131na birka\u00e7 temel \u00f6nlem \u00f6neriliyor. macOS&#8217;ta sunulan &#8220;Optimize Edilmi\u015f Pil \u015earj\u0131&#8221; \u00f6zelli\u011fi, Mac&#8217;in \u015farj al\u0131\u015fkanl\u0131klar\u0131n\u0131 \u00f6\u011frenerek y\u00fczde seksen \u015farj seviyesinde uzun s\u00fcre kalmas\u0131n\u0131 engelliyor ve b\u00f6ylece pilin a\u015f\u0131nmas\u0131n\u0131 azalt\u0131yor.<\/p>\n\n\n\n<p>Bunun yan\u0131 s\u0131ra pil d\u00f6ng\u00fcs\u00fc sayac\u0131 donan\u0131m seviyesinde kay\u0131t tuttu\u011fundan yaz\u0131l\u0131msal olarak s\u0131f\u0131rlanam\u0131yor. Bu durum, \u00f6zellikle ikinci el al\u0131m sat\u0131m s\u00fcre\u00e7lerinde MacBook Neo&#8217;nun ger\u00e7ek batarya durumunun \u015feffaf bi\u00e7imde g\u00f6r\u00fclebilece\u011fi anlam\u0131na geliyor.<\/p>\n\n\n\n<h2 class=\"wp-block-heading\"><strong>MacBook Neo Fiyat ve Sat\u0131\u015f Bilgileri<\/strong><\/h2>\n\n\n\n<p>MacBook Neo&#8217;nun T\u00fcrkiye ba\u015flang\u0131\u00e7 fiyat\u0131 37.999 TL olarak belirlendi. Cihaz g\u00fcm\u00fc\u015f, indigo, pembe ve limon ye\u015fili olmak \u00fczere d\u00f6rt renk se\u00e7ene\u011fiyle sunuluyor. E\u011fitim indirimi kapsam\u0131nda fiyat 31.999 TL&#8217;ye kadar d\u00fc\u015febiliyor.<\/p>\n","protected":false},"excerpt":{"rendered":"<p>Apple&#8217;\u0131n Mart 2026&#8217;da tan\u0131tt\u0131\u011f\u0131 uygun fiyatl\u0131 diz\u00fcst\u00fc bilgisayar\u0131 MacBook Neo, pil performans\u0131yla da merak konusu olmaya devam ediyor. A18 Pro i\u015flemci, 13 in\u00e7 Liquid Retina ekran ve 16 saate kadar pil \u00f6mr\u00fc sunan model, Apple ekosistemine giri\u015f seviyesinde konumlan\u0131yor. Ancak as\u0131l merak edilen soru, bu cihaz\u0131n maksimum pil d\u00f6ng\u00fcs\u00fc s\u0131n\u0131r\u0131n\u0131n ka\u00e7 oldu\u011fu. MacBook Neo&#8217;nun Pil [&hellip;]<\/p>\n","protected":false},"author":8,"featured_media":84614,"comment_status":"open","ping_status":"closed","sticky":false,"template":"","format":"standard","meta":{"footnotes":""},"categories":[1],"tags":[],"class_list":["post-84613","post","type-post","status-publish","format-standard","has-post-thumbnail","hentry","category-teknoloji"],"_links":{"self":[{"href":"https:\/\/www.indir.com\/haber\/wp-json\/wp\/v2\/posts\/84613","targetHints":{"allow":["GET"]}}],"collection":[{"href":"https:\/\/www.indir.com\/haber\/wp-json\/wp\/v2\/posts"}],"about":[{"href":"https:\/\/www.indir.com\/haber\/wp-json\/wp\/v2\/types\/post"}],"author":[{"embeddable":true,"href":"https:\/\/www.indir.com\/haber\/wp-json\/wp\/v2\/users\/8"}],"replies":[{"embeddable":true,"href":"https:\/\/www.indir.com\/haber\/wp-json\/wp\/v2\/comments?post=84613"}],"version-history":[{"count":1,"href":"https:\/\/www.indir.com\/haber\/wp-json\/wp\/v2\/posts\/84613\/revisions"}],"predecessor-version":[{"id":84616,"href":"https:\/\/www.indir.com\/haber\/wp-json\/wp\/v2\/posts\/84613\/revisions\/84616"}],"wp:featuredmedia":[{"embeddable":true,"href":"https:\/\/www.indir.com\/haber\/wp-json\/wp\/v2\/media\/84614"}],"wp:attachment":[{"href":"https:\/\/www.indir.com\/haber\/wp-json\/wp\/v2\/media?parent=84613"}],"wp:term":[{"taxonomy":"category","embeddable":true,"href":"https:\/\/www.indir.com\/haber\/wp-json\/wp\/v2\/categories?post=84613"},{"taxonomy":"post_tag","embeddable":true,"href":"https:\/\/www.indir.com\/haber\/wp-json\/wp\/v2\/tags?post=84613"}],"curies":[{"name":"wp","href":"https:\/\/api.w.org\/{rel}","templated":true}]}}