{"id":84601,"date":"2026-03-10T12:45:04","date_gmt":"2026-03-10T09:45:04","guid":{"rendered":"https:\/\/www.indir.com\/haber\/?p=84601"},"modified":"2026-03-10T12:57:19","modified_gmt":"2026-03-10T09:57:19","slug":"apple-macos-26-4-beta-4u-duyurdu-batarya-koruma-ozelligi-ve-safari-guncellemesi","status":"publish","type":"post","link":"https:\/\/www.indir.com\/haber\/apple-macos-26-4-beta-4u-duyurdu-batarya-koruma-ozelligi-ve-safari-guncellemesi\/","title":{"rendered":"Apple macOS 26.4 Beta 4&#8217;\u00fc Duyurdu: Batarya Koruma \u00d6zelli\u011fi ve Safari G\u00fcncellemesi"},"content":{"rendered":"\n<p>Apple, Mac bilgisayarlar i\u00e7in haz\u0131rlad\u0131\u011f\u0131 macOS 26.4 g\u00fcncellemesinin d\u00f6rd\u00fcnc\u00fc beta s\u00fcr\u00fcm\u00fcn\u00fc geli\u015ftiricilere sundu. \u015earj s\u0131n\u0131rlama arac\u0131, Safari&#8217;ye d\u00f6nen kompakt sekme d\u00fczeni ve Rosetta&#8217;n\u0131n kullan\u0131m \u00f6mr\u00fcne dair net bir bildirim bu g\u00fcncellemedeki \u00f6ne \u00e7\u0131kan ba\u015fl\u0131klar aras\u0131nda yer al\u0131yor.<\/p>\n\n\n\n<p>Apple&#8217;\u0131n macOS 26.4 g\u00fcncellemesi i\u00e7in test s\u00fcrecini h\u0131zla ilerledi\u011fi g\u00f6r\u00fcl\u00fcyor. \u00dc\u00e7\u00fcnc\u00fc beta s\u00fcr\u00fcm\u00fcn\u00fcn ard\u0131ndan k\u0131sa bir s\u00fcre i\u00e7inde yay\u0131nlanan d\u00f6rd\u00fcnc\u00fc a\u015fama, yaln\u0131zca kay\u0131tl\u0131 geli\u015ftiricilerin eri\u015fimine a\u00e7\u0131ld\u0131. Performans ve verimlilik odakl\u0131 de\u011fi\u015fiklikler i\u00e7eren bu paket, sistem ayarlar\u0131ndaki Yaz\u0131l\u0131m G\u00fcncelleme b\u00f6l\u00fcm\u00fcnden indirilebiliyor.<\/p>\n\n\n\n<figure class=\"wp-block-image size-full\"><img loading=\"lazy\" decoding=\"async\" width=\"1500\" height=\"900\" src=\"http:\/\/www.indir.com\/haber\/wp-content\/uploads\/2026\/03\/Gemini_Generated_Image_2slu6n2slu6n2slu_1600x900-e1773134283201.jpg\" alt=\"Apple macOS 26.4 Beta 4&#039;\u00fc Duyurdu:\" class=\"wp-image-84602\" title=\"\" srcset=\"https:\/\/www.indir.com\/haber\/wp-content\/uploads\/2026\/03\/Gemini_Generated_Image_2slu6n2slu6n2slu_1600x900-e1773134283201.jpg 1500w, https:\/\/www.indir.com\/haber\/wp-content\/uploads\/2026\/03\/Gemini_Generated_Image_2slu6n2slu6n2slu_1600x900-e1773134283201-100x60.jpg 100w, https:\/\/www.indir.com\/haber\/wp-content\/uploads\/2026\/03\/Gemini_Generated_Image_2slu6n2slu6n2slu_1600x900-e1773134283201-300x180.jpg 300w, https:\/\/www.indir.com\/haber\/wp-content\/uploads\/2026\/03\/Gemini_Generated_Image_2slu6n2slu6n2slu_1600x900-e1773134283201-768x461.jpg 768w\" sizes=\"auto, (max-width: 1500px) 100vw, 1500px\" \/><figcaption class=\"wp-element-caption\">Apple macOS 26.4 Beta 4&#8217;\u00fc Duyurdu:<\/figcaption><\/figure>\n\n\n\n<h3 class=\"wp-block-heading\">macOS 26.4 ile Gelen Yeni \u00d6zellikler<\/h3>\n\n\n\n<p>macOS 26.4 beta 4 ile birlikte Mac kullan\u0131c\u0131lar\u0131n\u0131n uzun s\u00fcredir bekledi\u011fi bir pil y\u00f6netimi arac\u0131 sisteme eklendi. Yeni \u00f6zellik sayesinde kullan\u0131c\u0131lar, cihazlar\u0131n\u0131n maksimum \u015farj doluluk oran\u0131n\u0131 y\u00fczde 80 ile y\u00fczde 100 aras\u0131nda istedikleri bir de\u011fere ayarlayabilecek. Lityum iyon pillerin s\u00fcrekli tam kapasitede tutulmas\u0131n\u0131n h\u00fccre \u00f6mr\u00fcn\u00fc \u00f6nemli \u00f6l\u00e7\u00fcde k\u0131saltt\u0131\u011f\u0131, teknoloji d\u00fcnyas\u0131nda uzun zamand\u0131r kabul g\u00f6ren bir ger\u00e7ek. Bilgisayar\u0131n\u0131 masa \u00fczerinde s\u00fcrekli \u015farj kablosuna ba\u011fl\u0131 kullanan ofis \u00e7al\u0131\u015fanlar\u0131 ve profesyoneller i\u00e7in bu donan\u0131msal s\u0131n\u0131rland\u0131rma, batarya d\u00f6ng\u00fcs\u00fcn\u00fc gereksiz yere t\u00fcketmeden pil sa\u011fl\u0131\u011f\u0131n\u0131 y\u0131llar boyu g\u00fcvence alt\u0131na alma imk\u00e2n\u0131 sunuyor.<\/p>\n\n\n\n<p>G\u00fcncellemenin bir di\u011fer dikkat \u00e7ekici detay\u0131 taray\u0131c\u0131 aray\u00fcz\u00fcnde kar\u015f\u0131m\u0131za \u00e7\u0131k\u0131yor. Safari&#8217;nin \u00f6nceki s\u00fcr\u00fcmlerden birinde kald\u0131r\u0131lmas\u0131n\u0131n ard\u0131ndan kullan\u0131c\u0131lardan yo\u011fun geri bildirim alan kompakt sekme g\u00f6r\u00fcn\u00fcm\u00fc, macOS 26.4 ile birlikte yeniden sisteme dahil ediliyor. Ekran alan\u0131n\u0131 daha etkin bi\u00e7imde kullanmak isteyen kullan\u0131c\u0131lar i\u00e7in bu tasar\u0131m\u0131n geri d\u00f6n\u00fc\u015f\u00fc, \u00f6zellikle 13 ve 14 in\u00e7 gibi daha k\u00fc\u00e7\u00fck ekranl\u0131 Mac modellerinde gezinme deneyimini belirgin \u015fekilde iyile\u015ftirmesi bekleniyor.<\/p>\n\n\n\n<h3 class=\"wp-block-heading\">Rosetta Deste\u011finin Sonu Yakla\u015f\u0131yor<\/h3>\n\n\n\n<p>macOS 26.4 beta 4&#8217;\u00fcn belki de en dikkat \u00e7ekici y\u00f6n\u00fc, yaz\u0131l\u0131m kodlar\u0131na ve sistem bildirimlerine gizlenmi\u015f gelece\u011fe dair ipu\u00e7lar\u0131. Apple Silicon i\u015flemcili bir Mac&#8217;te Rosetta \u00e7eviri katman\u0131 gerektiren eski nesil bir uygulama a\u00e7\u0131lmaya \u00e7al\u0131\u015f\u0131ld\u0131\u011f\u0131nda art\u0131k \u00f6zel bir uyar\u0131 ekran\u0131 g\u00f6r\u00fcnt\u00fcleniyor. Bu bildirim; Intel tabanl\u0131 uygulamalar\u0131 yeni nesil i\u015flemcilerde \u00e7al\u0131\u015f\u0131r hale getiren \u00e7eviri altyap\u0131s\u0131n\u0131n \u00f6mr\u00fcn\u00fc tamamlamak \u00fczere oldu\u011funu net bir \u015fekilde ortaya koyuyor. Apple&#8217;\u0131n mevcut yol haritas\u0131na g\u00f6re macOS 27 ile birlikte Rosetta deste\u011fi tamamen sonland\u0131r\u0131lacak.<\/p>\n\n\n\n<p>\u0130lk kez M1 i\u015flemci serisiyle hayata ge\u00e7en Rosetta, Intel&#8217;den Apple Silicon&#8217;a ge\u00e7i\u015f s\u00fcrecinde eski uygulamalar\u0131n sorunsuz \u00e7al\u0131\u015fmas\u0131n\u0131 m\u00fcmk\u00fcn k\u0131larak kritik bir k\u00f6pr\u00fc g\u00f6revi \u00fcstlendi. Ancak donan\u0131m ge\u00e7i\u015finin b\u00fcy\u00fck \u00f6l\u00e7\u00fcde tamamland\u0131\u011f\u0131 bu noktada Apple, geride kalan Intel mimarisine ba\u011f\u0131ml\u0131l\u0131\u011f\u0131n\u0131 ad\u0131m ad\u0131m sona erdiriyor. Bu geli\u015fme, yaz\u0131l\u0131m geli\u015ftiriciler a\u00e7\u0131s\u0131ndan uygulamalar\u0131n\u0131 yerel Apple Silicon mimarisine ta\u015f\u0131ma s\u00fcrecini art\u0131k zorunlu k\u0131l\u0131yor.<\/p>\n\n\n\n<p>\u0130lkbahar aylar\u0131nda stabil s\u00fcr\u00fcm olarak t\u00fcm kullan\u0131c\u0131lara ula\u015fmas\u0131 beklenen macOS 26.4, Mac platformunun donan\u0131m d\u00f6n\u00fc\u015f\u00fcm\u00fcnde \u00f6nemli bir e\u015fi\u011fi temsil ediyor.<\/p>\n","protected":false},"excerpt":{"rendered":"<p>Apple, Mac bilgisayarlar i\u00e7in haz\u0131rlad\u0131\u011f\u0131 macOS 26.4 g\u00fcncellemesinin d\u00f6rd\u00fcnc\u00fc beta s\u00fcr\u00fcm\u00fcn\u00fc geli\u015ftiricilere sundu. \u015earj s\u0131n\u0131rlama arac\u0131, Safari&#8217;ye d\u00f6nen kompakt sekme d\u00fczeni ve Rosetta&#8217;n\u0131n kullan\u0131m \u00f6mr\u00fcne dair net bir bildirim bu g\u00fcncellemedeki \u00f6ne \u00e7\u0131kan ba\u015fl\u0131klar aras\u0131nda yer al\u0131yor. Apple&#8217;\u0131n macOS 26.4 g\u00fcncellemesi i\u00e7in test s\u00fcrecini h\u0131zla ilerledi\u011fi g\u00f6r\u00fcl\u00fcyor. \u00dc\u00e7\u00fcnc\u00fc beta s\u00fcr\u00fcm\u00fcn\u00fcn ard\u0131ndan k\u0131sa bir s\u00fcre i\u00e7inde [&hellip;]<\/p>\n","protected":false},"author":8,"featured_media":84603,"comment_status":"open","ping_status":"closed","sticky":false,"template":"","format":"standard","meta":{"footnotes":""},"categories":[61,1],"tags":[],"class_list":["post-84601","post","type-post","status-publish","format-standard","has-post-thumbnail","hentry","category-ios","category-teknoloji"],"_links":{"self":[{"href":"https:\/\/www.indir.com\/haber\/wp-json\/wp\/v2\/posts\/84601","targetHints":{"allow":["GET"]}}],"collection":[{"href":"https:\/\/www.indir.com\/haber\/wp-json\/wp\/v2\/posts"}],"about":[{"href":"https:\/\/www.indir.com\/haber\/wp-json\/wp\/v2\/types\/post"}],"author":[{"embeddable":true,"href":"https:\/\/www.indir.com\/haber\/wp-json\/wp\/v2\/users\/8"}],"replies":[{"embeddable":true,"href":"https:\/\/www.indir.com\/haber\/wp-json\/wp\/v2\/comments?post=84601"}],"version-history":[{"count":1,"href":"https:\/\/www.indir.com\/haber\/wp-json\/wp\/v2\/posts\/84601\/revisions"}],"predecessor-version":[{"id":84604,"href":"https:\/\/www.indir.com\/haber\/wp-json\/wp\/v2\/posts\/84601\/revisions\/84604"}],"wp:featuredmedia":[{"embeddable":true,"href":"https:\/\/www.indir.com\/haber\/wp-json\/wp\/v2\/media\/84603"}],"wp:attachment":[{"href":"https:\/\/www.indir.com\/haber\/wp-json\/wp\/v2\/media?parent=84601"}],"wp:term":[{"taxonomy":"category","embeddable":true,"href":"https:\/\/www.indir.com\/haber\/wp-json\/wp\/v2\/categories?post=84601"},{"taxonomy":"post_tag","embeddable":true,"href":"https:\/\/www.indir.com\/haber\/wp-json\/wp\/v2\/tags?post=84601"}],"curies":[{"name":"wp","href":"https:\/\/api.w.org\/{rel}","templated":true}]}}