{"id":84592,"date":"2026-03-10T10:50:19","date_gmt":"2026-03-10T07:50:19","guid":{"rendered":"https:\/\/www.indir.com\/haber\/?p=84592"},"modified":"2026-03-10T10:50:21","modified_gmt":"2026-03-10T07:50:21","slug":"iphonelara-surpriz-emojiler-geliyor-ios-26-4-listeyi-ele-verdi","status":"publish","type":"post","link":"https:\/\/www.indir.com\/haber\/iphonelara-surpriz-emojiler-geliyor-ios-26-4-listeyi-ele-verdi\/","title":{"rendered":"iPhone&#8217;lara S\u00fcrpriz Emojiler Geliyor: iOS 26.4 Listeyi Ele Verdi"},"content":{"rendered":"\n<p>Apple&#8217;\u0131n geli\u015ftiricilere sundu\u011fu iOS 26.4 beta s\u00fcr\u00fcm\u00fc, g\u00fcnl\u00fck mesajla\u015fma deneyimini renklendirmesi beklenen dokuz yeni emojiyi g\u00fcn y\u00fcz\u00fcne \u00e7\u0131kard\u0131.<\/p>\n\n\n\n<p>Apple, ak\u0131ll\u0131 telefon kullan\u0131c\u0131lar\u0131n\u0131n dijital ifade bi\u00e7imlerini geni\u015fletmeye devam ediyor. Geli\u015ftiriciler i\u00e7in yay\u0131mlanan iOS 26.4&#8217;\u00fcn d\u00f6rd\u00fcnc\u00fc beta s\u00fcr\u00fcm\u00fcnde, yak\u0131nda t\u00fcm iPhone kullan\u0131c\u0131lar\u0131n\u0131n eri\u015fimine a\u00e7\u0131lacak yeni simgeler test edilmeye ba\u015fland\u0131. Peki bu g\u00fcncellemeyle birlikte klavyemize hangi yeni karakterler kat\u0131l\u0131yor?<\/p>\n\n\n\n<figure class=\"wp-block-image size-full\"><img loading=\"lazy\" decoding=\"async\" width=\"1280\" height=\"768\" src=\"http:\/\/www.indir.com\/haber\/wp-content\/uploads\/2026\/03\/Gemini_Generated_Image_qnzw46qnzw46qnzw-e1773128943379.png\" alt=\"iPhone&#039;lara S\u00fcrpriz Emojiler Geliyor: iOS 26.4 Listeyi Ele Verdi\" class=\"wp-image-84594\" title=\"\" srcset=\"https:\/\/www.indir.com\/haber\/wp-content\/uploads\/2026\/03\/Gemini_Generated_Image_qnzw46qnzw46qnzw-e1773128943379.png 1280w, https:\/\/www.indir.com\/haber\/wp-content\/uploads\/2026\/03\/Gemini_Generated_Image_qnzw46qnzw46qnzw-e1773128943379-100x60.png 100w, https:\/\/www.indir.com\/haber\/wp-content\/uploads\/2026\/03\/Gemini_Generated_Image_qnzw46qnzw46qnzw-e1773128943379-300x180.png 300w, https:\/\/www.indir.com\/haber\/wp-content\/uploads\/2026\/03\/Gemini_Generated_Image_qnzw46qnzw46qnzw-e1773128943379-768x461.png 768w\" sizes=\"auto, (max-width: 1280px) 100vw, 1280px\" \/><figcaption class=\"wp-element-caption\">iPhone&#8217;lara S\u00fcrpriz Emojiler Geliyor: iOS 26.4 Listeyi Ele Verdi<\/figcaption><\/figure>\n\n\n\n<h2 class=\"wp-block-heading\">iOS 26.4 Beta 4 ile Ortaya \u00c7\u0131kan Yeni Emojiler<\/h2>\n\n\n\n<p>iOS 26.4 geli\u015ftirici betas\u0131yla birlikte iPhone&#8217;lara dokuz yeni emoji karakteri ekleniyor. Bu g\u00fcncelleme yaln\u0131zca iPhone&#8217;lar\u0131 de\u011fil; iPadOS 26.4 ve macOS Tahoe g\u00fcncellemelerini alacak iPad ve Mac bilgisayarlar\u0131 da kaps\u0131yor.<\/p>\n\n\n\n<p>Yeni gelen emojiler \u015fu \u015fekilde s\u0131ralan\u0131yor:<\/p>\n\n\n\n<ul class=\"wp-block-list\">\n<li>Trombon<\/li>\n\n\n\n<li>Hazine Sand\u0131\u011f\u0131<\/li>\n\n\n\n<li>\u00c7arp\u0131k Y\u00fcz<\/li>\n\n\n\n<li>Koca Ayak (T\u00fcyl\u00fc Yarat\u0131k \/ Bigfoot)<\/li>\n\n\n\n<li>Kavga Bulutu<\/li>\n\n\n\n<li>Orka<\/li>\n\n\n\n<li>Toprak Kaymas\u0131<\/li>\n<\/ul>\n\n\n\n<figure class=\"wp-block-image size-full\"><img loading=\"lazy\" decoding=\"async\" width=\"1500\" height=\"900\" src=\"http:\/\/www.indir.com\/haber\/wp-content\/uploads\/2026\/03\/Gemini_Generated_Image_gtq5nggtq5nggtq5_1600x900-e1773128850888.jpg\" alt=\"iPhone&#039;lara S\u00fcrpriz Emojiler Geliyor: iOS 26.4 Listeyi Ele Verdi\" class=\"wp-image-84593\" title=\"\" srcset=\"https:\/\/www.indir.com\/haber\/wp-content\/uploads\/2026\/03\/Gemini_Generated_Image_gtq5nggtq5nggtq5_1600x900-e1773128850888.jpg 1500w, https:\/\/www.indir.com\/haber\/wp-content\/uploads\/2026\/03\/Gemini_Generated_Image_gtq5nggtq5nggtq5_1600x900-e1773128850888-100x60.jpg 100w, https:\/\/www.indir.com\/haber\/wp-content\/uploads\/2026\/03\/Gemini_Generated_Image_gtq5nggtq5nggtq5_1600x900-e1773128850888-300x180.jpg 300w, https:\/\/www.indir.com\/haber\/wp-content\/uploads\/2026\/03\/Gemini_Generated_Image_gtq5nggtq5nggtq5_1600x900-e1773128850888-768x461.jpg 768w\" sizes=\"auto, (max-width: 1500px) 100vw, 1500px\" \/><figcaption class=\"wp-element-caption\">iPhone&#8217;lara S\u00fcrpriz Emojiler Geliyor: iOS 26.4 Listeyi Ele Verdi<\/figcaption><\/figure>\n\n\n\n<p>Bunlar\u0131n yan\u0131 s\u0131ra g\u00fcre\u015fen insanlar ve tav\u015fan kulakl\u0131 dans\u00e7\u0131lar i\u00e7in yeni ten rengi se\u00e7enekleri sisteme ekleniyor. Bale dans\u00e7\u0131s\u0131 simgesi i\u00e7inse cinsiyetsiz bir alternatif sunuluyor.<\/p>\n\n\n\n<p>Bu emojilerin \u00f6zellikle dikkat \u00e7eken yan\u0131, yaln\u0131zca Apple ekosisteminde de\u011fil; Android ve Windows gibi di\u011fer platformlarda da kullan\u0131labilecek \u00e7apraz platform standartlar\u0131na dahil olmas\u0131. Yani iOS 26.4 ve uyumlu g\u00fcncellemeler yay\u0131mland\u0131ktan sonra bu yeni emojileri farkl\u0131 cihazlardaki ki\u015filere sorunsuz bi\u00e7imde iletmek m\u00fcmk\u00fcn hale gelecek.<\/p>\n\n\n\n<h2 class=\"wp-block-heading\"><strong>Her Emoji Aylarca \u00c7iziliyor: Apple&#8217;\u0131n Unicode 17 Ser\u00fcveni<\/strong><\/h2>\n\n\n\n<p>Yeni eklenen emojilerin k\u00f6keni, 2025 y\u0131l\u0131n\u0131n sonbahar\u0131nda Unicode Konsorsiyumu taraf\u0131ndan duyurulan <strong>Unicode 17<\/strong> standard\u0131na dayan\u0131yor. Her y\u0131l yeni bir emoji seti onaylayan bu kar amac\u0131 g\u00fctmeyen kurulu\u015f, karakterlerin sembolik anlamlara sahip, g\u00f6rsel a\u00e7\u0131dan ay\u0131rt edici ve geni\u015f bir ifade yelpazesi sundu\u011funu belirtiyor.<\/p>\n\n\n\n<p>Apple gibi \u015firketlerin bu standartlar\u0131 cihazlar\u0131na entegre etmesi genellikle birka\u00e7 ay\u0131 buluyor. Bunun temel nedeni, Apple&#8217;\u0131n b\u00fcnyesindeki tasar\u0131mc\u0131lar\u0131n her bir karakteri \u015firketin kendine \u00f6zg\u00fc g\u00f6rsel diline uygun bi\u00e7imde s\u0131f\u0131rdan \u00e7izmesi. Ayr\u0131ca bu t\u00fcr g\u00f6rsel g\u00fcncellemelerin Apple&#8217;\u0131n geleneksel takviminde bahar aylar\u0131nda yay\u0131mlanan &#8220;.4&#8221; uzant\u0131l\u0131 ara s\u00fcr\u00fcmlerle sunuldu\u011fu g\u00f6r\u00fcl\u00fcyor. iOS 26.4 de bu gelene\u011fi s\u00fcrd\u00fcr\u00fcyor.<\/p>\n\n\n\n<p>K\u0131yaslamak gerekirse Apple, ge\u00e7en y\u0131l Mart ay\u0131nda yay\u0131mlad\u0131\u011f\u0131 iOS 18.4 g\u00fcncellemesiyle Unicode 16 kapsam\u0131ndaki emojileri tan\u0131tm\u0131\u015ft\u0131. O g\u00fcncellemeyle gelen karakterler aras\u0131nda g\u00f6z alt\u0131 torbalar\u0131, parmak izi, yapraks\u0131z a\u011fa\u00e7, k\u00f6k sebzesi, arp, k\u00fcrek ve s\u0131\u00e7rama yer al\u0131yordu.<\/p>\n\n\n\n<h2 class=\"wp-block-heading\">iOS 27&#8217;de Hangi Emojiler Gelecek?<\/h2>\n\n\n\n<p>Mevcut betan\u0131n ard\u0131ndan, Unicode 17 kapsam\u0131nda \u00f6ne \u00e7\u0131kan ancak hen\u00fcz iOS 26.4 betas\u0131nda yer almayan bir emoji de dikkat \u00e7ekiyor: <strong>Elma \u00c7ekirde\u011fi.<\/strong> Bu simge \u015fimdilik s\u00fcr\u00fcme dahil edilmedi.<\/p>\n\n\n\n<p>Gelecek y\u0131l iOS 27 ile gelmesi beklenen emojiler aras\u0131nda ise g\u00f6zlerini k\u0131san y\u00fcz, kral kelebe\u011fi, sola ve sa\u011fa i\u015faret eden ba\u015fparmak, deniz feneri, meteor, silgi ve daha fazlas\u0131 yer al\u0131yor. Ancak bu karakterler hen\u00fcz Unicode Konsorsiyumu taraf\u0131ndan resmi olarak onaylanmad\u0131.<\/p>\n\n\n\n<p>iOS 26.4&#8217;\u00fcn kararl\u0131 s\u00fcr\u00fcm\u00fcn\u00fcn ne zaman yay\u0131mlanaca\u011f\u0131 hen\u00fcz Apple taraf\u0131ndan resmi olarak a\u00e7\u0131klanmad\u0131.<\/p>\n","protected":false},"excerpt":{"rendered":"<p>Apple&#8217;\u0131n geli\u015ftiricilere sundu\u011fu iOS 26.4 beta s\u00fcr\u00fcm\u00fc, g\u00fcnl\u00fck mesajla\u015fma deneyimini renklendirmesi beklenen dokuz yeni emojiyi g\u00fcn y\u00fcz\u00fcne \u00e7\u0131kard\u0131. Apple, ak\u0131ll\u0131 telefon kullan\u0131c\u0131lar\u0131n\u0131n dijital ifade bi\u00e7imlerini geni\u015fletmeye devam ediyor. Geli\u015ftiriciler i\u00e7in yay\u0131mlanan iOS 26.4&#8217;\u00fcn d\u00f6rd\u00fcnc\u00fc beta s\u00fcr\u00fcm\u00fcnde, yak\u0131nda t\u00fcm iPhone kullan\u0131c\u0131lar\u0131n\u0131n eri\u015fimine a\u00e7\u0131lacak yeni simgeler test edilmeye ba\u015fland\u0131. Peki bu g\u00fcncellemeyle birlikte klavyemize hangi yeni karakterler [&hellip;]<\/p>\n","protected":false},"author":8,"featured_media":84593,"comment_status":"open","ping_status":"closed","sticky":false,"template":"","format":"standard","meta":{"footnotes":""},"categories":[61,1],"tags":[],"class_list":["post-84592","post","type-post","status-publish","format-standard","has-post-thumbnail","hentry","category-ios","category-teknoloji"],"_links":{"self":[{"href":"https:\/\/www.indir.com\/haber\/wp-json\/wp\/v2\/posts\/84592","targetHints":{"allow":["GET"]}}],"collection":[{"href":"https:\/\/www.indir.com\/haber\/wp-json\/wp\/v2\/posts"}],"about":[{"href":"https:\/\/www.indir.com\/haber\/wp-json\/wp\/v2\/types\/post"}],"author":[{"embeddable":true,"href":"https:\/\/www.indir.com\/haber\/wp-json\/wp\/v2\/users\/8"}],"replies":[{"embeddable":true,"href":"https:\/\/www.indir.com\/haber\/wp-json\/wp\/v2\/comments?post=84592"}],"version-history":[{"count":1,"href":"https:\/\/www.indir.com\/haber\/wp-json\/wp\/v2\/posts\/84592\/revisions"}],"predecessor-version":[{"id":84595,"href":"https:\/\/www.indir.com\/haber\/wp-json\/wp\/v2\/posts\/84592\/revisions\/84595"}],"wp:featuredmedia":[{"embeddable":true,"href":"https:\/\/www.indir.com\/haber\/wp-json\/wp\/v2\/media\/84593"}],"wp:attachment":[{"href":"https:\/\/www.indir.com\/haber\/wp-json\/wp\/v2\/media?parent=84592"}],"wp:term":[{"taxonomy":"category","embeddable":true,"href":"https:\/\/www.indir.com\/haber\/wp-json\/wp\/v2\/categories?post=84592"},{"taxonomy":"post_tag","embeddable":true,"href":"https:\/\/www.indir.com\/haber\/wp-json\/wp\/v2\/tags?post=84592"}],"curies":[{"name":"wp","href":"https:\/\/api.w.org\/{rel}","templated":true}]}}