{"id":84589,"date":"2026-03-09T14:36:35","date_gmt":"2026-03-09T11:36:35","guid":{"rendered":"https:\/\/www.indir.com\/haber\/?p=84589"},"modified":"2026-03-09T14:36:36","modified_gmt":"2026-03-09T11:36:36","slug":"windows-11-hizli-ayarlar-paneli-yenileniyor-karanlik-mod-artik-tek-tikta","status":"publish","type":"post","link":"https:\/\/www.indir.com\/haber\/windows-11-hizli-ayarlar-paneli-yenileniyor-karanlik-mod-artik-tek-tikta\/","title":{"rendered":"Windows 11 H\u0131zl\u0131 Ayarlar Paneli Yenileniyor: Karanl\u0131k Mod Art\u0131k Tek T\u0131kta"},"content":{"rendered":"\n<p>Uzun s\u00fcredir Windows 11 kullan\u0131c\u0131lar\u0131n\u0131n \u015fikayet etti\u011fi sorunlardan biri sonunda \u00e7\u00f6z\u00fcme kavu\u015fuyor. Microsoft, i\u015fletim sisteminin en s\u0131k kullan\u0131lan bile\u015fenlerinden biri olan H\u0131zl\u0131 Ayarlar panelini k\u00f6kl\u00fc bi\u00e7imde yenilemeye haz\u0131rlan\u0131yor. Yap\u0131lan de\u011fi\u015fikliklerle birlikte kullan\u0131c\u0131lar, hem panel i\u00e7eri\u011fini istedikleri gibi d\u00fczenleyebilecek hem de karanl\u0131k mod gibi temel ayarlara \u00e7ok daha h\u0131zl\u0131 ula\u015fabilecek.<\/p>\n\n\n\n<figure class=\"wp-block-embed is-type-rich is-provider-twitter wp-block-embed-twitter\"><div class=\"wp-block-embed__wrapper\">\n<blockquote class=\"twitter-tweet\" data-width=\"550\" data-dnt=\"true\"><p lang=\"en\" dir=\"ltr\">It looks like the ability to remove unwanted quick actions from Windows 11&#39;s quick settings menu is finally returning!<br><br>Hidden in build 26300.7965 is an updated energy saver quick setting which supports this (removing it doesn&#39;t work just yet, though). Hopefully more follow suit. <a href=\"https:\/\/t.co\/hLggnHSNCz\">pic.twitter.com\/hLggnHSNCz<\/a><\/p>&mdash; phantomofearth \u2603\ufe0f (@phantomofearth) <a href=\"https:\/\/twitter.com\/phantomofearth\/status\/2029993371788284234?ref_src=twsrc%5Etfw\" target=\"_blank\" rel=\"noopener\">March 6, 2026<\/a><\/blockquote><script async src=\"https:\/\/platform.twitter.com\/widgets.js\" charset=\"utf-8\"><\/script>\n<\/div><\/figure>\n\n\n\n<h2 class=\"wp-block-heading\">Karanl\u0131k Mod Art\u0131k Derin Men\u00fclerde Kaybolmuyor<\/h2>\n\n\n\n<p>Windows 11 kullan\u0131c\u0131lar\u0131 i\u00e7in g\u00f6z yorgunlu\u011funu \u00f6nemli \u00f6l\u00e7\u00fcde azaltan karanl\u0131k mod, \u015fimdiye kadar Ayarlar men\u00fcs\u00fcn\u00fcn i\u00e7inde birka\u00e7 t\u0131klama gerektiren bir konumda yer al\u0131yordu. Microsoft, bu s\u00fcreci Android ve iOS cihazlardaki kullan\u0131m kolayl\u0131\u011f\u0131na benzer bir yap\u0131ya ta\u015f\u0131may\u0131 planl\u0131yor. Yeni d\u00fczenlemeyle birlikte karanl\u0131k mod ve a\u00e7\u0131k mod aras\u0131ndaki ge\u00e7i\u015f, do\u011frudan H\u0131zl\u0131 Ayarlar paneli \u00fczerinden tek bir dokunu\u015fla yap\u0131labilecek.<\/p>\n\n\n\n<h2 class=\"wp-block-heading\">Windows 11 Enerji Tasarrufu Sayfas\u0131na Yeni Ara\u00e7lar Eklendi<\/h2>\n\n\n\n<p>H\u0131zl\u0131 Ayarlar paneline eklenen yeni &#8220;Enerji Tasarrufu&#8221; (Energy Saver) alt sayfas\u0131, yaln\u0131zca pil y\u00f6netimiyle s\u0131n\u0131rl\u0131 kalm\u0131yor. Bu b\u00f6l\u00fcmde do\u011frudan eri\u015filebilen bir karanl\u0131k mod anahtar\u0131n\u0131n yan\u0131 s\u0131ra &#8220;Eko Parlakl\u0131k&#8221; se\u00e7ene\u011fi de kullan\u0131c\u0131lara sunuluyor. Eko Parlakl\u0131k, ekran kontrast\u0131n\u0131 ve parlakl\u0131k d\u00fczeyini enerji verimlili\u011fine g\u00f6re otomatik olarak optimize ederek hem batarya \u00f6mr\u00fcn\u00fc uzat\u0131yor hem de g\u00f6z konforunu art\u0131r\u0131yor. Microsoft&#8217;un bu \u00f6zelli\u011fi do\u011frudan ana panele ta\u015f\u0131mak yerine g\u00fc\u00e7 y\u00f6netimi ara\u00e7lar\u0131n\u0131n i\u00e7ine yerle\u015ftirmesi, tasar\u0131m tercihlerindeki stratejik bir yakla\u015f\u0131m\u0131 yans\u0131t\u0131yor.<\/p>\n\n\n\n<h2 class=\"wp-block-heading\">Windows 11 H\u0131zl\u0131 Ayarlar Paneli Art\u0131k Tamamen \u00d6zelle\u015ftirilebilir<\/h2>\n\n\n\n<p>Windows 11&#8217;in yeni s\u00fcr\u00fcm\u00fcne ili\u015fkin yay\u0131mlanan ke\u015fifler, H\u0131zl\u0131 Ayarlar panelini ki\u015fiselle\u015ftirme konusunda da \u00f6nemli bir geli\u015fmeye i\u015faret ediyor. Konu hakk\u0131nda X \u00fczerinde payla\u015f\u0131mlarda bulunan phantomofearth&#8217;e g\u00f6re, kullan\u0131c\u0131lar art\u0131k ihtiya\u00e7 duymad\u0131klar\u0131 k\u0131sayollar\u0131 panel \u00fczerinden sa\u011f t\u0131klayarak ya da dokunmatik ekranlarda bas\u0131l\u0131 tutarak do\u011frudan kald\u0131rabilecek. S\u00f6z konusu \u00f6zellik build 26300.7965 s\u00fcr\u00fcm\u00fcnde ke\u015ffedildi; ancak kald\u0131rma i\u015flevi hen\u00fcz tam anlam\u0131yla aktif de\u011fil. Bu esneklik, kullan\u0131c\u0131lar\u0131n yaln\u0131zca ihtiya\u00e7 duyduklar\u0131 ara\u00e7lar\u0131n yer ald\u0131\u011f\u0131 daha sade ve i\u015flevsel bir kontrol paneli olu\u015fturmas\u0131na imk\u00e2n tan\u0131yacak.<\/p>\n\n\n\n<h2 class=\"wp-block-heading\">Mobil Al\u0131\u015fkanl\u0131klar Masa\u00fcst\u00fcne Ta\u015f\u0131n\u0131yor<\/h2>\n\n\n\n<p>Microsoft&#8217;un Windows 11&#8217;i daha modern bir yap\u0131ya kavu\u015fturma \u00e7abalar\u0131, i\u015fletim sistemini ak\u0131ll\u0131 telefon ve tablet kullan\u0131m al\u0131\u015fkanl\u0131klar\u0131na yakla\u015ft\u0131r\u0131yor. Karanl\u0131k mod gibi g\u00fcndelik hayatta s\u0131k\u00e7a kullan\u0131lan bir \u00f6zelli\u011fin h\u0131zl\u0131 eri\u015fim alan\u0131na al\u0131nmas\u0131, gecikmi\u015f bir ad\u0131m olarak de\u011ferlendirilse de kullan\u0131c\u0131 deneyimine do\u011frudan katk\u0131 sa\u011flayacak anlaml\u0131 bir g\u00fcncelleme niteli\u011fi ta\u015f\u0131yor. \u00d6zellikle \u00e7ok monit\u00f6rl\u00fc sistemler veya diz\u00fcst\u00fc bilgisayar kullananlar i\u00e7in bu de\u011fi\u015fiklik i\u015f ak\u0131\u015f\u0131n\u0131 belirgin bi\u00e7imde h\u0131zland\u0131racak.<\/p>\n","protected":false},"excerpt":{"rendered":"<p>Uzun s\u00fcredir Windows 11 kullan\u0131c\u0131lar\u0131n\u0131n \u015fikayet etti\u011fi sorunlardan biri sonunda \u00e7\u00f6z\u00fcme kavu\u015fuyor. Microsoft, i\u015fletim sisteminin en s\u0131k kullan\u0131lan bile\u015fenlerinden biri olan H\u0131zl\u0131 Ayarlar panelini k\u00f6kl\u00fc bi\u00e7imde yenilemeye haz\u0131rlan\u0131yor. Yap\u0131lan de\u011fi\u015fikliklerle birlikte kullan\u0131c\u0131lar, hem panel i\u00e7eri\u011fini istedikleri gibi d\u00fczenleyebilecek hem de karanl\u0131k mod gibi temel ayarlara \u00e7ok daha h\u0131zl\u0131 ula\u015fabilecek. Karanl\u0131k Mod Art\u0131k Derin Men\u00fclerde Kaybolmuyor [&hellip;]<\/p>\n","protected":false},"author":8,"featured_media":84590,"comment_status":"open","ping_status":"closed","sticky":false,"template":"","format":"standard","meta":{"footnotes":""},"categories":[1],"tags":[],"class_list":["post-84589","post","type-post","status-publish","format-standard","has-post-thumbnail","hentry","category-teknoloji"],"_links":{"self":[{"href":"https:\/\/www.indir.com\/haber\/wp-json\/wp\/v2\/posts\/84589","targetHints":{"allow":["GET"]}}],"collection":[{"href":"https:\/\/www.indir.com\/haber\/wp-json\/wp\/v2\/posts"}],"about":[{"href":"https:\/\/www.indir.com\/haber\/wp-json\/wp\/v2\/types\/post"}],"author":[{"embeddable":true,"href":"https:\/\/www.indir.com\/haber\/wp-json\/wp\/v2\/users\/8"}],"replies":[{"embeddable":true,"href":"https:\/\/www.indir.com\/haber\/wp-json\/wp\/v2\/comments?post=84589"}],"version-history":[{"count":1,"href":"https:\/\/www.indir.com\/haber\/wp-json\/wp\/v2\/posts\/84589\/revisions"}],"predecessor-version":[{"id":84591,"href":"https:\/\/www.indir.com\/haber\/wp-json\/wp\/v2\/posts\/84589\/revisions\/84591"}],"wp:featuredmedia":[{"embeddable":true,"href":"https:\/\/www.indir.com\/haber\/wp-json\/wp\/v2\/media\/84590"}],"wp:attachment":[{"href":"https:\/\/www.indir.com\/haber\/wp-json\/wp\/v2\/media?parent=84589"}],"wp:term":[{"taxonomy":"category","embeddable":true,"href":"https:\/\/www.indir.com\/haber\/wp-json\/wp\/v2\/categories?post=84589"},{"taxonomy":"post_tag","embeddable":true,"href":"https:\/\/www.indir.com\/haber\/wp-json\/wp\/v2\/tags?post=84589"}],"curies":[{"name":"wp","href":"https:\/\/api.w.org\/{rel}","templated":true}]}}