{"id":84578,"date":"2026-03-09T13:25:47","date_gmt":"2026-03-09T10:25:47","guid":{"rendered":"https:\/\/www.indir.com\/haber\/?p=84578"},"modified":"2026-03-09T13:25:49","modified_gmt":"2026-03-09T10:25:49","slug":"siri-google-gemini-ile-yeniden-doguyor","status":"publish","type":"post","link":"https:\/\/www.indir.com\/haber\/siri-google-gemini-ile-yeniden-doguyor\/","title":{"rendered":"Siri, Google Gemini ile Yeniden Do\u011fuyor"},"content":{"rendered":"\n<p>Apple&#8217;\u0131n uzun s\u00fcredir beklenen yapay zeka destekli asistan\u0131 Siri&#8217;nin k\u00f6kl\u00fc bir d\u00f6n\u00fc\u015f\u00fcmden ge\u00e7ece\u011fi art\u0131k resmi. Teknoloji d\u00fcnyas\u0131n\u0131n iki devi Apple ve Google, yeni nesil Apple Temel Modelleri&#8217;nin (Apple Foundation Models) Google&#8217;\u0131n Gemini modelleri ve bulut teknolojisi \u00fczerine in\u015fa edilece\u011fi \u00e7ok y\u0131ll\u0131 bir i\u015f birli\u011fi anla\u015fmas\u0131 imzalad\u0131. Bu anla\u015fmayla birlikte Siri, y\u0131llard\u0131r ele\u015ftiri konusu olan s\u0131n\u0131rl\u0131 yap\u0131s\u0131ndan s\u0131yr\u0131larak ger\u00e7ek bir yapay zeka asistan\u0131na d\u00f6n\u00fc\u015fmeye haz\u0131rlan\u0131yor.<\/p>\n\n\n\n<h3 class=\"wp-block-heading\">Apple ile Google Neden G\u00fc\u00e7lerini Birle\u015ftirdi?<\/h3>\n\n\n\n<p>Geli\u015fmi\u015f Siri&#8217;nin ilk ipu\u00e7lar\u0131, Haziran 2024&#8217;te d\u00fczenlenen WWDC etkinli\u011finde ortaya \u00e7\u0131km\u0131\u015ft\u0131. Etkinlikte, Apple Intelligence \u00e7at\u0131s\u0131 alt\u0131nda sunulan yapay zeka \u00f6zellikleri b\u00fcy\u00fck ilgi g\u00f6rm\u00fc\u015ft\u00fc. Ancak iPhone 16&#8217;n\u0131n \u00e7\u0131k\u0131\u015f\u0131yla birlikte beklenen bu yeni Siri kullan\u0131c\u0131larla bulu\u015fmad\u0131. \u015eirket, Mart 2025&#8217;te \u00e7\u0131k\u0131\u015f tarihinin ertelendi\u011fini a\u00e7\u0131klad\u0131; neden olarak da \u00f6zelliklerin beklenenden \u00e7ok daha karma\u015f\u0131k bir hal ald\u0131\u011f\u0131n\u0131 g\u00f6sterdi.<\/p>\n\n\n\n<p>Apple&#8217;\u0131n yapay zeka m\u00fchendislerinin rakip \u015firketler taraf\u0131ndan 200 milyon dolar\u0131 a\u015fan tekliflerle b\u00fcnyelerine \u00e7ekilmesi, \u015firketi d\u0131\u015far\u0131dan bir ortak aramaya itti. Bu ortamda Apple, pek \u00e7ok teknolojiyi de\u011ferlendirdikten sonra Google&#8217;\u0131 se\u00e7ti. Anla\u015fma d\u0131\u015flay\u0131c\u0131 nitelik ta\u015f\u0131m\u0131yor; Apple, OpenAI ve Anthropic ile de daha \u00f6nce g\u00f6r\u00fc\u015fm\u00fc\u015ft\u00fc.<\/p>\n\n\n\n<h3 class=\"wp-block-heading\">Ortakl\u0131\u011f\u0131n Finansal Boyutu<\/h3>\n\n\n\n<p>Apple&#8217;\u0131n Google&#8217;\u0131n geli\u015fmi\u015f 1,2 trilyon parametreli yapay zeka modeline eri\u015fim i\u00e7in y\u0131ll\u0131k yakla\u015f\u0131k 1 milyar dolar \u00f6demeyi planlad\u0131\u011f\u0131 bildiriliyor. Bu rakam, Apple Intelligence&#8217;\u0131n \u015fu anda kulland\u0131\u011f\u0131 150 milyar parametreli modele k\u0131yasla sekiz kat daha b\u00fcy\u00fck bir kapasite anlam\u0131na geliyor. Ancak iki \u015firket de resmi a\u00e7\u0131klamalar\u0131nda anla\u015fman\u0131n mali detaylar\u0131n\u0131 payla\u015fmad\u0131.<\/p>\n\n\n\n<figure class=\"wp-block-image size-full\"><img loading=\"lazy\" decoding=\"async\" width=\"1280\" height=\"768\" src=\"http:\/\/www.indir.com\/haber\/wp-content\/uploads\/2026\/03\/Gemini_Generated_Image_i2yczvi2yczvi2yc-e1773051773239.png\" alt=\"Siri, Google Gemini ile Yeniden Do\u011fuyor\" class=\"wp-image-84580\" title=\"\" srcset=\"https:\/\/www.indir.com\/haber\/wp-content\/uploads\/2026\/03\/Gemini_Generated_Image_i2yczvi2yczvi2yc-e1773051773239.png 1280w, https:\/\/www.indir.com\/haber\/wp-content\/uploads\/2026\/03\/Gemini_Generated_Image_i2yczvi2yczvi2yc-e1773051773239-100x60.png 100w, https:\/\/www.indir.com\/haber\/wp-content\/uploads\/2026\/03\/Gemini_Generated_Image_i2yczvi2yczvi2yc-e1773051773239-300x180.png 300w, https:\/\/www.indir.com\/haber\/wp-content\/uploads\/2026\/03\/Gemini_Generated_Image_i2yczvi2yczvi2yc-e1773051773239-768x461.png 768w\" sizes=\"auto, (max-width: 1280px) 100vw, 1280px\" \/><figcaption class=\"wp-element-caption\">Siri, Google Gemini ile Yeniden Do\u011fuyor<\/figcaption><\/figure>\n\n\n\n<h3 class=\"wp-block-heading\">Siri 2.0 Ne Zaman Geliyor?<\/h3>\n\n\n\n<p>Apple CEO&#8217;su Tim Cook, yapay zeka destekli yeni Siri&#8217;nin bu y\u0131l i\u00e7inde iPhone sahipleriyle bulu\u015faca\u011f\u0131n\u0131 belirtti. Bilindik Apple kayna\u011f\u0131 Mark Gurman ise daha \u00f6nce iOS 26.4&#8217;\u00fc i\u015faret etmi\u015fti; bu da yeni Siri&#8217;nin Mart veya Nisan 2026 d\u00f6neminde yay\u0131mlanabilece\u011fi anlam\u0131na geliyor. T\u00fcrkiye&#8217;deki \u00e7\u0131k\u0131\u015f tarihi hen\u00fcz a\u00e7\u0131klanmad\u0131.<\/p>\n\n\n\n<h3 class=\"wp-block-heading\">Yeni Siri Hangi \u00d6zellikleri Sunacak?<\/h3>\n\n\n\n<p><strong>Haf\u0131za ve Ki\u015fisel Ba\u011flam<\/strong><\/p>\n\n\n\n<p>Yeni Siri, kullan\u0131c\u0131yla yap\u0131lan ge\u00e7mi\u015f sohbetleri hat\u0131rlayabilecek. Bu sayede her seferinde kendinizi yeniden tan\u0131tmak zorunda kalmadan daha do\u011fal ve ak\u0131c\u0131 bir diyalog deneyimi ya\u015fanabilecek.<\/p>\n\n\n\n<p><strong>Proaktif \u00d6neriler<\/strong><\/p>\n\n\n\n<p>Takvimde kay\u0131tl\u0131 bir u\u00e7u\u015f varsa Siri, trafi\u011fi kontrol ederek evden \u00e7\u0131kmak i\u00e7in en uygun zaman\u0131 \u00f6nerebilecek. Bu t\u00fcr proaktif \u00f6zellikler, Siri&#8217;yi yaln\u0131zca komut alan bir ara\u00e7tan \u00e7\u0131kar\u0131p ger\u00e7ek bir ki\u015fisel asistana d\u00f6n\u00fc\u015ft\u00fcrecek.<\/p>\n\n\n\n<p><strong>Derin Uygulama Entegrasyonu<\/strong><\/p>\n\n\n\n<p>Yeni s\u00fcr\u00fcm, App Intents deste\u011fiyle Siri&#8217;nin yeteneklerini ciddi \u00f6l\u00e7\u00fcde geni\u015fletecek. Bu teknoloji sayesinde Siri, Instagram&#8217;da bir g\u00f6nderiye yorum b\u0131rakabilecek ya da al\u0131\u015fveri\u015f uygulamas\u0131nda sepete \u00fcr\u00fcn ekleyebilecek; belirli bir foto\u011fraf\u0131 d\u00fczenleyip ard\u0131ndan payla\u015fmak gibi birden fazla ad\u0131m\u0131 bar\u0131nd\u0131ran g\u00f6revler de ger\u00e7ekle\u015ftirilebilecek.<\/p>\n\n\n\n<p><strong>Ekran Fark\u0131ndal\u0131\u011f\u0131<\/strong><\/p>\n\n\n\n<p>Siri, ekranda ne oldu\u011funu anlayarak daha verimli yard\u0131m sunacak. \u00d6rne\u011fin, bir mesajda adres geldi\u011finde, &#8220;Bu adresi ki\u015filere ekle&#8221; komutuyla Siri neyi kastetti\u011finizi anlayacak ve i\u015flemi tamamlayacak.<\/p>\n\n\n\n<p><strong>Ki\u015fiselle\u015ftirilmi\u015f Veri Eri\u015fimi<\/strong><\/p>\n\n\n\n<p>Mail veya Mesajlar uygulamalar\u0131ndan al\u0131nan verilere dayanarak Siri, yemek veya u\u00e7u\u015f rezervasyonu gibi i\u015flemlere dahil olabilecek. \u00d6rne\u011fin, e-postan\u0131zdaki u\u00e7u\u015f numaras\u0131n\u0131 Siri&#8217;nin sizin i\u00e7in an\u0131nda bulmas\u0131 art\u0131k m\u00fcmk\u00fcn hale gelecek.<\/p>\n\n\n\n<p><strong>Ak\u0131ll\u0131 Ev Entegrasyonu<\/strong><\/p>\n\n\n\n<p>Siri, HomeKit uyumlu cihazlar\u0131 \u00e7ok daha etkin bi\u00e7imde kontrol edebilecek. &#8220;\u00c7ay demle&#8221; gibi basit sesli komutlarla g\u00fcnl\u00fck i\u015fler kolayla\u015ft\u0131r\u0131labilecek.<\/p>\n\n\n\n<h3 class=\"wp-block-heading\">Gizlilik Endi\u015felerine Apple&#8217;\u0131n Yan\u0131t\u0131<\/h3>\n\n\n\n<p>Google ile kurulan bu i\u015f birli\u011fi, veri gizlili\u011fi konusunda ciddi soru i\u015faretleri do\u011furuyor. Apple ve Google&#8217;\u0131n ortak a\u00e7\u0131klamas\u0131na g\u00f6re Apple Intelligence, Apple cihazlar\u0131 ve Private Cloud Compute altyap\u0131s\u0131 \u00fczerinden \u00e7al\u0131\u015fmaya devam edecek; Apple&#8217;\u0131n sekt\u00f6r lideri gizlilik standartlar\u0131 korunacak.<\/p>\n\n\n\n<p>Anla\u015fman\u0131n dikkat \u00e7ekici bir boyutu ise Gemini&#8217;nin arka planda \u00e7al\u0131\u015facak olmas\u0131: Kullan\u0131c\u0131 aray\u00fcz\u00fcnde Google markas\u0131 g\u00f6r\u00fcnmeyecek, her \u015fey Siri kimli\u011fiyle sunulacak. Apple ayr\u0131ca Gemini&#8217;yi diledi\u011fi zaman de\u011fi\u015ftirebilece\u011fini de belirtiyor.<\/p>\n\n\n\n<h3 class=\"wp-block-heading\">Siri&#8217;nin Gelece\u011fi: Sadece Bir Ba\u015flang\u0131\u00e7<\/h3>\n\n\n\n<p>Apple CEO&#8217;su Tim Cook, yeni Siri&#8217;yi &#8220;i\u015f birli\u011fi&#8221; olarak tan\u0131mlad\u0131 ve \u015firketin kendi teknolojilerini geli\u015ftirmeyi s\u00fcrd\u00fcrece\u011fini, ancak ki\u015fiselle\u015ftirilmi\u015f Siri deneyiminin Google ile ortakla\u015fa \u015fekillenece\u011fini vurgulad\u0131. Apple ayn\u0131 zamanda 2026-2027 y\u0131llar\u0131 i\u00e7in &#8220;Ferret-3&#8221; kod adl\u0131 kendi yeni nesil modellerini de geli\u015ftiriyor; Google ortakl\u0131\u011f\u0131 bu s\u00fcre\u00e7te bir k\u00f6pr\u00fc stratejisi olarak de\u011ferlendiriliyor.<\/p>\n\n\n\n<p>Apple&#8217;\u0131n Siri i\u00e7in as\u0131l b\u00fcy\u00fck hamlesi 2026&#8217;da gelecek olsa da yap\u0131lan ara g\u00fcncellemeler, Siri&#8217;yi daha modern ve i\u015flevsel hale getirme yolunda \u00f6nemli ad\u0131mlar niteli\u011fi ta\u015f\u0131yor.<\/p>\n","protected":false},"excerpt":{"rendered":"<p>Apple&#8217;\u0131n uzun s\u00fcredir beklenen yapay zeka destekli asistan\u0131 Siri&#8217;nin k\u00f6kl\u00fc bir d\u00f6n\u00fc\u015f\u00fcmden ge\u00e7ece\u011fi art\u0131k resmi. Teknoloji d\u00fcnyas\u0131n\u0131n iki devi Apple ve Google, yeni nesil Apple Temel Modelleri&#8217;nin (Apple Foundation Models) Google&#8217;\u0131n Gemini modelleri ve bulut teknolojisi \u00fczerine in\u015fa edilece\u011fi \u00e7ok y\u0131ll\u0131 bir i\u015f birli\u011fi anla\u015fmas\u0131 imzalad\u0131. Bu anla\u015fmayla birlikte Siri, y\u0131llard\u0131r ele\u015ftiri konusu olan s\u0131n\u0131rl\u0131 [&hellip;]<\/p>\n","protected":false},"author":8,"featured_media":84579,"comment_status":"open","ping_status":"closed","sticky":false,"template":"","format":"standard","meta":{"footnotes":""},"categories":[1,12053],"tags":[],"class_list":["post-84578","post","type-post","status-publish","format-standard","has-post-thumbnail","hentry","category-teknoloji","category-yapay-zeka"],"_links":{"self":[{"href":"https:\/\/www.indir.com\/haber\/wp-json\/wp\/v2\/posts\/84578","targetHints":{"allow":["GET"]}}],"collection":[{"href":"https:\/\/www.indir.com\/haber\/wp-json\/wp\/v2\/posts"}],"about":[{"href":"https:\/\/www.indir.com\/haber\/wp-json\/wp\/v2\/types\/post"}],"author":[{"embeddable":true,"href":"https:\/\/www.indir.com\/haber\/wp-json\/wp\/v2\/users\/8"}],"replies":[{"embeddable":true,"href":"https:\/\/www.indir.com\/haber\/wp-json\/wp\/v2\/comments?post=84578"}],"version-history":[{"count":1,"href":"https:\/\/www.indir.com\/haber\/wp-json\/wp\/v2\/posts\/84578\/revisions"}],"predecessor-version":[{"id":84581,"href":"https:\/\/www.indir.com\/haber\/wp-json\/wp\/v2\/posts\/84578\/revisions\/84581"}],"wp:featuredmedia":[{"embeddable":true,"href":"https:\/\/www.indir.com\/haber\/wp-json\/wp\/v2\/media\/84579"}],"wp:attachment":[{"href":"https:\/\/www.indir.com\/haber\/wp-json\/wp\/v2\/media?parent=84578"}],"wp:term":[{"taxonomy":"category","embeddable":true,"href":"https:\/\/www.indir.com\/haber\/wp-json\/wp\/v2\/categories?post=84578"},{"taxonomy":"post_tag","embeddable":true,"href":"https:\/\/www.indir.com\/haber\/wp-json\/wp\/v2\/tags?post=84578"}],"curies":[{"name":"wp","href":"https:\/\/api.w.org\/{rel}","templated":true}]}}