{"id":84510,"date":"2026-03-02T17:27:58","date_gmt":"2026-03-02T14:27:58","guid":{"rendered":"https:\/\/www.indir.com\/haber\/?p=84510"},"modified":"2026-03-02T17:27:59","modified_gmt":"2026-03-02T14:27:59","slug":"hacettepe-kariyer-fuari-26-27-martta-gelecege-kapi-aralayin","status":"publish","type":"post","link":"https:\/\/www.indir.com\/haber\/hacettepe-kariyer-fuari-26-27-martta-gelecege-kapi-aralayin\/","title":{"rendered":"Hacettepe Kariyer Fuar\u0131: 26-27 Mart\u2019ta Gelece\u011fe Kap\u0131 Aralay\u0131n!"},"content":{"rendered":"\n<p>T\u00fcrkiye\u2019nin en b\u00fcy\u00fck \u00fcniversite kariyer fuar\u0131 olma gururunu ta\u015f\u0131yan Hacettepe Kariyer Fuar\u0131, bu y\u0131l da dev isimleri \u00f6\u011frencilerle bulu\u015fturmaya haz\u0131rlan\u0131yor. Etkinlik, 26-27 Mart 2026 tarihlerinde Hacettepe \u00dcniversitesi Beytepe Yerle\u015fkesi\u2019ndeki Tun\u00e7alp \u00d6zgen Kongre ve K\u00fclt\u00fcr Merkezi\u2019nde ger\u00e7ekle\u015fecek.<\/p>\n\n\n\n<h3 class=\"wp-block-heading\">Sekt\u00f6r\u00fcn Devleri ve Gen\u00e7 Yetenekler Bir Arada<\/h3>\n\n\n\n<p>Hacettepe \u00dcniversitesi Kariyer Merkezi ve 5 aktif \u00f6\u011frenci toplulu\u011funun g\u00fc\u00e7 birli\u011fiyle d\u00fczenlenen fuar, profesyonel d\u00fcnyay\u0131 kamp\u00fcse ta\u015f\u0131yor. 200\u2019den fazla firman\u0131n a\u011f\u0131rlanaca\u011f\u0131 bu dev organizasyonda; i\u015f ve staj imkanlar\u0131n\u0131 de\u011ferlendirebilir, hedefledi\u011finiz \u015firketlerle do\u011frudan ileti\u015fim kurma \u015fans\u0131 yakalayabilirsiniz.<\/p>\n\n\n\n<h3 class=\"wp-block-heading\">2026 Konsepti: \u201cK\u00fcresel Ufuklar\u201d<\/h3>\n\n\n\n<p>Her y\u0131l \u00e7\u0131tay\u0131 daha yukar\u0131 ta\u015f\u0131yan fuar\u0131n bu y\u0131lki temas\u0131 <strong>\u201cK\u00fcresel Ufuklar\u201d<\/strong> olarak belirlendi. Kat\u0131l\u0131mc\u0131lar\u0131 sadece stantlar de\u011fil, vizyon geli\u015ftiren dopdolu bir program bekliyor:<\/p>\n\n\n\n<ul class=\"wp-block-list\">\n<li><strong>\u0130nteraktif Oturumlar:<\/strong> Workshoplar, m\u00fclakat sim\u00fclasyonlar\u0131 ve vaka analizleri ile yetkinliklerinizi test edin.<\/li>\n\n\n\n<li><strong>\u0130lham Veren Paneller:<\/strong> Temaya uygun konuk konu\u015fmac\u0131lardan kariyer yolculu\u011funuza \u0131\u015f\u0131k tutacak tavsiyeler al\u0131n.<\/li>\n\n\n\n<li><strong>\u00dccretsiz Kat\u0131l\u0131m:<\/strong> T\u00fcm bu etkinlikler tamamen \u00fccretsizdir ve Hacettepe d\u0131\u015f\u0131ndan gelecek misafirlere de kap\u0131m\u0131z a\u00e7\u0131kt\u0131r.<\/li>\n<\/ul>\n\n\n\n<h3 class=\"wp-block-heading\">Detaylar ve Kay\u0131t \u0130\u00e7in Takipte Kal\u0131n<\/h3>\n\n\n\n<p>\u0130lham verici oturumlar\u0131 ve interaktif salon etkinliklerini ka\u00e7\u0131rmamak i\u00e7in yerinizi \u015fimdiden ay\u0131rt\u0131n. Kay\u0131t i\u015flemleri ve etkinlik detaylar\u0131 i\u00e7in:<\/p>\n\n\n\n<ul class=\"wp-block-list\">\n<li><strong>Mobil Uygulama:<\/strong> Play Store veya App Store\u2019dan <strong>&#8220;HU Kariyer Fuar\u0131&#8221;<\/strong> uygulamas\u0131n\u0131 indirebilirsiniz.<\/li>\n\n\n\n<li><strong>Sosyal Medya:<\/strong> G\u00fcncel duyurular i\u00e7in <strong>@huksf<\/strong> hesaplar\u0131n\u0131 takip edebilirsiniz.<\/li>\n<\/ul>\n","protected":false},"excerpt":{"rendered":"<p>T\u00fcrkiye\u2019nin en b\u00fcy\u00fck \u00fcniversite kariyer fuar\u0131 olma gururunu ta\u015f\u0131yan Hacettepe Kariyer Fuar\u0131, bu y\u0131l da dev isimleri \u00f6\u011frencilerle bulu\u015fturmaya haz\u0131rlan\u0131yor. Etkinlik, 26-27 Mart 2026 tarihlerinde Hacettepe \u00dcniversitesi Beytepe Yerle\u015fkesi\u2019ndeki Tun\u00e7alp \u00d6zgen Kongre ve K\u00fclt\u00fcr Merkezi\u2019nde ger\u00e7ekle\u015fecek. Sekt\u00f6r\u00fcn Devleri ve Gen\u00e7 Yetenekler Bir Arada Hacettepe \u00dcniversitesi Kariyer Merkezi ve 5 aktif \u00f6\u011frenci toplulu\u011funun g\u00fc\u00e7 birli\u011fiyle d\u00fczenlenen [&hellip;]<\/p>\n","protected":false},"author":8,"featured_media":84511,"comment_status":"open","ping_status":"closed","sticky":false,"template":"","format":"standard","meta":{"footnotes":""},"categories":[53,54],"tags":[],"class_list":["post-84510","post","type-post","status-publish","format-standard","has-post-thumbnail","hentry","category-girisimcilik","category-internet"],"_links":{"self":[{"href":"https:\/\/www.indir.com\/haber\/wp-json\/wp\/v2\/posts\/84510","targetHints":{"allow":["GET"]}}],"collection":[{"href":"https:\/\/www.indir.com\/haber\/wp-json\/wp\/v2\/posts"}],"about":[{"href":"https:\/\/www.indir.com\/haber\/wp-json\/wp\/v2\/types\/post"}],"author":[{"embeddable":true,"href":"https:\/\/www.indir.com\/haber\/wp-json\/wp\/v2\/users\/8"}],"replies":[{"embeddable":true,"href":"https:\/\/www.indir.com\/haber\/wp-json\/wp\/v2\/comments?post=84510"}],"version-history":[{"count":1,"href":"https:\/\/www.indir.com\/haber\/wp-json\/wp\/v2\/posts\/84510\/revisions"}],"predecessor-version":[{"id":84512,"href":"https:\/\/www.indir.com\/haber\/wp-json\/wp\/v2\/posts\/84510\/revisions\/84512"}],"wp:featuredmedia":[{"embeddable":true,"href":"https:\/\/www.indir.com\/haber\/wp-json\/wp\/v2\/media\/84511"}],"wp:attachment":[{"href":"https:\/\/www.indir.com\/haber\/wp-json\/wp\/v2\/media?parent=84510"}],"wp:term":[{"taxonomy":"category","embeddable":true,"href":"https:\/\/www.indir.com\/haber\/wp-json\/wp\/v2\/categories?post=84510"},{"taxonomy":"post_tag","embeddable":true,"href":"https:\/\/www.indir.com\/haber\/wp-json\/wp\/v2\/tags?post=84510"}],"curies":[{"name":"wp","href":"https:\/\/api.w.org\/{rel}","templated":true}]}}