{"id":84487,"date":"2026-02-27T13:27:17","date_gmt":"2026-02-27T10:27:17","guid":{"rendered":"https:\/\/www.indir.com\/haber\/?p=84487"},"modified":"2026-02-27T13:27:18","modified_gmt":"2026-02-27T10:27:18","slug":"applein-en-uygun-fiyatli-macbooku-4-martta-geliyor","status":"publish","type":"post","link":"https:\/\/www.indir.com\/haber\/applein-en-uygun-fiyatli-macbooku-4-martta-geliyor\/","title":{"rendered":"Apple&#8217;\u0131n En Uygun Fiyatl\u0131 MacBook&#8217;u 4 Mart&#8217;ta Geliyor"},"content":{"rendered":"\n<p>Apple, y\u0131llard\u0131r beklenen giri\u015f seviyesi diz\u00fcst\u00fc bilgisayar\u0131n\u0131 4 Mart&#8217;ta New York, Londra ve \u015eanghay&#8217;da d\u00fczenleyece\u011fi \u00f6zel &#8220;Apple Experience&#8221; etkinli\u011finde tan\u0131tmaya haz\u0131rlan\u0131yor. S\u0131z\u0131nt\u0131lar ve g\u00fcvenilir kaynaklardan gelen bilgilerle yeni MacBook&#8217;un teknik detaylar\u0131 neredeyse netle\u015fmi\u015f durumda.<\/p>\n\n\n\n<figure class=\"wp-block-image size-full\"><img loading=\"lazy\" decoding=\"async\" width=\"1298\" height=\"768\" src=\"http:\/\/www.indir.com\/haber\/wp-content\/uploads\/2026\/02\/Gemini_Generated_Image_11wiy211wiy211wi-e1772187582411.png\" alt=\"Apple&#039;\u0131n En Uygun Fiyatl\u0131 MacBook&#039;u 4 Mart&#039;ta Geliyor\" class=\"wp-image-84490\" title=\"\" srcset=\"https:\/\/www.indir.com\/haber\/wp-content\/uploads\/2026\/02\/Gemini_Generated_Image_11wiy211wiy211wi-e1772187582411.png 1298w, https:\/\/www.indir.com\/haber\/wp-content\/uploads\/2026\/02\/Gemini_Generated_Image_11wiy211wiy211wi-e1772187582411-100x60.png 100w, https:\/\/www.indir.com\/haber\/wp-content\/uploads\/2026\/02\/Gemini_Generated_Image_11wiy211wiy211wi-e1772187582411-300x178.png 300w, https:\/\/www.indir.com\/haber\/wp-content\/uploads\/2026\/02\/Gemini_Generated_Image_11wiy211wiy211wi-e1772187582411-768x454.png 768w\" sizes=\"auto, (max-width: 1298px) 100vw, 1298px\" \/><figcaption class=\"wp-element-caption\">Apple&#8217;\u0131n En Uygun Fiyatl\u0131 MacBook&#8217;u 4 Mart&#8217;ta Geliyor<\/figcaption><\/figure>\n\n\n\n<h2 class=\"wp-block-heading\">Yeni MacBook&#8217;un \u00d6zellikleri Neler?<\/h2>\n\n\n\n<p>Yeni modelin, Mac serisi i\u00e7in kullan\u0131lan M serisi i\u015flemciler yerine iPhone 16 Pro&#8217;da da yer alan <strong>A18 Pro i\u015flemciyle<\/strong> gelece\u011fi bildiriliyor. Bu tercih, cihaz\u0131n maliyetini d\u00fc\u015f\u00fcrmeye y\u00f6nelik stratejik bir ad\u0131m olarak de\u011ferlendiriliyor. Performans a\u00e7\u0131s\u0131ndan ise A18 Pro&#8217;nun Apple&#8217;\u0131n ilk nesil M1 \u00e7ipine yak\u0131n sonu\u00e7lar verdi\u011fi belirtiliyor; yani g\u00fcnl\u00fck kullan\u0131m i\u00e7in son derece yeterli bir g\u00fc\u00e7 sunacak.<\/p>\n\n\n\n<p>Donan\u0131m taraf\u0131ndaki di\u011fer detaylar \u015f\u00f6yle s\u0131ralan\u0131yor:<\/p>\n\n\n\n<ul class=\"wp-block-list\">\n<li><strong>Ekran:<\/strong> 12,9 in\u00e7<\/li>\n\n\n\n<li><strong>RAM:<\/strong> 8 GB<\/li>\n\n\n\n<li><strong>Ba\u011flant\u0131:<\/strong> Thunderbolt yerine standart USB-C portlar\u0131<\/li>\n\n\n\n<li><strong>Tasar\u0131m:<\/strong> MacBook Air hatlar\u0131n\u0131 ta\u015f\u0131yan form fakt\u00f6r\u00fc<\/li>\n\n\n\n<li><strong>Renkler:<\/strong> Sar\u0131, ye\u015fil, mavi ve pembe dahil canl\u0131 renk se\u00e7enekleri<\/li>\n<\/ul>\n\n\n\n<p>Bloomberg&#8217;den Mark Gurman, Apple&#8217;\u0131n bu model i\u00e7in 2000&#8217;lerin ba\u015f\u0131ndaki iBook d\u00f6nemini an\u0131msatan canl\u0131 renk se\u00e7eneklerini test etti\u011fini aktard\u0131. Etkinlik davetiyesindeki Apple logosu da sar\u0131, ye\u015fil ve mavi renklerden olu\u015fuyor; bu detay renk iddialar\u0131n\u0131 g\u00fc\u00e7lendiriyor.<\/p>\n\n\n\n<h2 class=\"wp-block-heading\">Macbookun Fiyat\u0131 Ne Olacak?<\/h2>\n\n\n\n<p>Ba\u015flang\u0131\u00e7ta 599 dolar olmas\u0131 beklenen modelin, artan DRAM ve NAND depolama \u00e7ipi maliyetleri nedeniyle 699 ile 799 dolar band\u0131nda piyasaya \u00e7\u0131kabilece\u011fi \u00f6ng\u00f6r\u00fcl\u00fcyor. E\u011fitim indirimiyle \u00f6\u011frencilere ek avantaj sa\u011flanmas\u0131 da beklentiler aras\u0131nda yer al\u0131yor. Her hal\u00fckarda bu fiyat, Apple&#8217;\u0131n \u015fu anki en uygun modeli olan 999 dolarl\u0131k MacBook Air&#8217;in belirgin \u015fekilde alt\u0131nda kalacak.<\/p>\n\n\n\n<h2 class=\"wp-block-heading\">Apple&#8217;\u0131n En Uygun Fiyatl\u0131 MacBook&#8217;u Geliyor<\/h2>\n\n\n\n<p>Apple, 2020 y\u0131l\u0131nda Intel i\u015flemcilerden kendi geli\u015ftirdi\u011fi Apple Silicon \u00e7iplere ge\u00e7i\u015f yapt\u0131. O g\u00fcnden bu yana piyasaya \u00e7\u0131kan t\u00fcm MacBook modelleri M serisi i\u015flemcilerle geldi. Yeni model ise farkl\u0131 bir yol izliyor: Pahal\u0131 M serisi yerine iPhone&#8217;larda kullan\u0131lan A18 Pro i\u015flemciyle \u00e7al\u0131\u015facak. Bu sayede hem maliyet d\u00fc\u015f\u00fcyor hem de fiyat etiketi daha eri\u015filebilir bir seviyeye geliyor.<\/p>\n\n\n\n<p>Tan\u0131t\u0131m etkinli\u011fine gelince, Apple bu kez sahneye \u00e7\u0131k\u0131p canl\u0131 sunum yapmayacak. 4 Mart&#8217;ta New York, Londra ve \u015eanghay&#8217;da se\u00e7ili gazeteci ve edit\u00f6rlere cihaz\u0131 bizzat deneyimletecek, ayn\u0131 anda bir bas\u0131n b\u00fclteni yay\u0131nlayacak. B\u00fcy\u00fck bir lansman t\u00f6reni de\u011fil, daha sessiz ama etkili bir tan\u0131t\u0131m planlan\u0131yor.<\/p>\n","protected":false},"excerpt":{"rendered":"<p>Apple, y\u0131llard\u0131r beklenen giri\u015f seviyesi diz\u00fcst\u00fc bilgisayar\u0131n\u0131 4 Mart&#8217;ta New York, Londra ve \u015eanghay&#8217;da d\u00fczenleyece\u011fi \u00f6zel &#8220;Apple Experience&#8221; etkinli\u011finde tan\u0131tmaya haz\u0131rlan\u0131yor. S\u0131z\u0131nt\u0131lar ve g\u00fcvenilir kaynaklardan gelen bilgilerle yeni MacBook&#8217;un teknik detaylar\u0131 neredeyse netle\u015fmi\u015f durumda. Yeni MacBook&#8217;un \u00d6zellikleri Neler? Yeni modelin, Mac serisi i\u00e7in kullan\u0131lan M serisi i\u015flemciler yerine iPhone 16 Pro&#8217;da da yer alan A18 [&hellip;]<\/p>\n","protected":false},"author":8,"featured_media":84489,"comment_status":"open","ping_status":"closed","sticky":false,"template":"","format":"standard","meta":{"footnotes":""},"categories":[1],"tags":[],"class_list":["post-84487","post","type-post","status-publish","format-standard","has-post-thumbnail","hentry","category-teknoloji"],"_links":{"self":[{"href":"https:\/\/www.indir.com\/haber\/wp-json\/wp\/v2\/posts\/84487","targetHints":{"allow":["GET"]}}],"collection":[{"href":"https:\/\/www.indir.com\/haber\/wp-json\/wp\/v2\/posts"}],"about":[{"href":"https:\/\/www.indir.com\/haber\/wp-json\/wp\/v2\/types\/post"}],"author":[{"embeddable":true,"href":"https:\/\/www.indir.com\/haber\/wp-json\/wp\/v2\/users\/8"}],"replies":[{"embeddable":true,"href":"https:\/\/www.indir.com\/haber\/wp-json\/wp\/v2\/comments?post=84487"}],"version-history":[{"count":1,"href":"https:\/\/www.indir.com\/haber\/wp-json\/wp\/v2\/posts\/84487\/revisions"}],"predecessor-version":[{"id":84491,"href":"https:\/\/www.indir.com\/haber\/wp-json\/wp\/v2\/posts\/84487\/revisions\/84491"}],"wp:featuredmedia":[{"embeddable":true,"href":"https:\/\/www.indir.com\/haber\/wp-json\/wp\/v2\/media\/84489"}],"wp:attachment":[{"href":"https:\/\/www.indir.com\/haber\/wp-json\/wp\/v2\/media?parent=84487"}],"wp:term":[{"taxonomy":"category","embeddable":true,"href":"https:\/\/www.indir.com\/haber\/wp-json\/wp\/v2\/categories?post=84487"},{"taxonomy":"post_tag","embeddable":true,"href":"https:\/\/www.indir.com\/haber\/wp-json\/wp\/v2\/tags?post=84487"}],"curies":[{"name":"wp","href":"https:\/\/api.w.org\/{rel}","templated":true}]}}