{"id":84035,"date":"2026-01-27T13:40:00","date_gmt":"2026-01-27T10:40:00","guid":{"rendered":"https:\/\/www.indir.com\/haber\/?p=84035"},"modified":"2026-01-27T10:57:06","modified_gmt":"2026-01-27T07:57:06","slug":"tiktokta-siyasi-sansur-iddiasi-kaliforniya-valisinden-sok-suclama","status":"publish","type":"post","link":"https:\/\/www.indir.com\/haber\/tiktokta-siyasi-sansur-iddiasi-kaliforniya-valisinden-sok-suclama\/","title":{"rendered":"TikTok\u2019ta Siyasi Sans\u00fcr \u0130ddias\u0131: Kaliforniya Valisi\u2019nden \u015eok Su\u00e7lama!"},"content":{"rendered":"\n<p>ABD&#8217;nin en kalabal\u0131k eyaleti olan Kaliforniya&#8217;n\u0131n Valisi, pop\u00fcler sosyal medya platformu <strong>TikTok<\/strong>&#8216;un, Donald Trump&#8217;\u0131 ele\u015ftiren i\u00e7erikleri kas\u0131tl\u0131 olarak k\u0131s\u0131tlad\u0131\u011f\u0131n\u0131 ileri s\u00fcrd\u00fc. 2026 y\u0131l\u0131n\u0131n en dikkat \u00e7eken dijital g\u00fcvenlik ve ifade \u00f6zg\u00fcrl\u00fc\u011f\u00fc tart\u0131\u015fmalar\u0131ndan biri olan bu durum, &#8220;g\u00f6lge yasaklama&#8221; (shadow banning) iddialar\u0131n\u0131 yeniden g\u00fcndeme ta\u015f\u0131d\u0131.<\/p>\n\n\n\n<h2 class=\"wp-block-heading\">Algoritma M\u00fcdahalesi mi? \u0130\u00e7erik K\u0131s\u0131tlama \u0130ddialar\u0131<\/h2>\n\n\n\n<p>Vali taraf\u0131ndan yap\u0131lan resmi a\u00e7\u0131klamada, TikTok\u2019un algoritmas\u0131n\u0131n belirli siyasi g\u00f6r\u00fc\u015fleri \u00f6ne \u00e7\u0131kar\u0131rken, kar\u015f\u0131t g\u00f6r\u00fc\u015fleri bast\u0131rd\u0131\u011f\u0131 savunuluyor.<\/p>\n\n\n\n<ul class=\"wp-block-list\">\n<li><strong>Ele\u015ftirel \u0130\u00e7eriklere Engel:<\/strong> \u0130ddiaya g\u00f6re, Trump y\u00f6netimini veya politikalar\u0131n\u0131 ele\u015ftiren videolar\u0131n izlenme say\u0131lar\u0131 yapay bir \u015fekilde d\u00fc\u015f\u00fcr\u00fcl\u00fcyor.<\/li>\n\n\n\n<li><strong>TikTok G\u00fcvenlik Tart\u0131\u015fmas\u0131:<\/strong> Bu su\u00e7lama, <strong>TikTok i\u00e7erik k\u0131s\u0131tlama<\/strong> politikalar\u0131n\u0131n \u015feffafl\u0131\u011f\u0131 konusunda kamuoyunda b\u00fcy\u00fck bir soru i\u015fareti yaratt\u0131.<\/li>\n<\/ul>\n\n\n\n<h2 class=\"wp-block-heading\">TikTok\u2019tan Yan\u0131t: &#8220;Tarafs\u0131zl\u0131k \u0130lkemize Ba\u011fl\u0131y\u0131z&#8221;<\/h2>\n\n\n\n<p>Sosyal medya devi, Kaliforniya Valisi\u2019nin iddialar\u0131n\u0131 kesin bir dille reddederek platformun herhangi bir siyasi fig\u00fcr\u00fc kay\u0131rmad\u0131\u011f\u0131n\u0131 belirtti.<\/p>\n\n\n\n<ul class=\"wp-block-list\">\n<li><strong>Algoritma \u015eeffafl\u0131\u011f\u0131:<\/strong> \u015eirket yetkilileri, i\u00e7eriklerin pop\u00fclerli\u011finin tamamen kullan\u0131c\u0131 etkile\u015fimine dayal\u0131 oldu\u011funu ve <strong>siyasi i\u00e7erik sans\u00fcr\u00fc<\/strong> yap\u0131lmad\u0131\u011f\u0131n\u0131 savundu.<\/li>\n\n\n\n<li><strong>Veri G\u00fcvenli\u011fi ve Siyaset:<\/strong> TikTok, ABD\u2019deki operasyonlar\u0131n\u0131n siyasi bask\u0131lardan ba\u011f\u0131ms\u0131z oldu\u011funu vurgulasa da federal d\u00fczeyde incelemelerin artmas\u0131 bekleniyor.<\/li>\n<\/ul>\n\n\n\n<h2 class=\"wp-block-heading\">ABD Siyasetinde Sosyal Medya ve Se\u00e7im G\u00fcvenli\u011fi<\/h2>\n\n\n\n<p>Bu geli\u015fme, yakla\u015fan d\u00f6nemdeki siyasi s\u00fcre\u00e7ler \u00f6ncesinde teknoloji \u015firketlerinin \u00fczerindeki bask\u0131y\u0131 art\u0131r\u0131yor.<\/p>\n\n\n\n<ul class=\"wp-block-list\">\n<li><strong>Yasal \u0130nceleme Talebi:<\/strong> Kaliforniya y\u00f6netimi, TikTok\u2019un veri ve i\u00e7erik y\u00f6netim s\u00fcre\u00e7lerinin ba\u011f\u0131ms\u0131z denet\u00e7iler taraf\u0131ndan incelenmesi i\u00e7in harekete ge\u00e7ebilir.<\/li>\n\n\n\n<li><strong>Kamuoyu Tepkisi:<\/strong> Kullan\u0131c\u0131lar, sosyal medya platformlar\u0131n\u0131n demokratik tart\u0131\u015fma ortam\u0131n\u0131 etkileyip etkilemedi\u011fi konusunda ikiye b\u00f6l\u00fcnm\u00fc\u015f durumda.<\/li>\n<\/ul>\n","protected":false},"excerpt":{"rendered":"<p>ABD&#8217;nin en kalabal\u0131k eyaleti olan Kaliforniya&#8217;n\u0131n Valisi, pop\u00fcler sosyal medya platformu TikTok&#8216;un, Donald Trump&#8217;\u0131 ele\u015ftiren i\u00e7erikleri kas\u0131tl\u0131 olarak k\u0131s\u0131tlad\u0131\u011f\u0131n\u0131 ileri s\u00fcrd\u00fc. 2026 y\u0131l\u0131n\u0131n en dikkat \u00e7eken dijital g\u00fcvenlik ve ifade \u00f6zg\u00fcrl\u00fc\u011f\u00fc tart\u0131\u015fmalar\u0131ndan biri olan bu durum, &#8220;g\u00f6lge yasaklama&#8221; (shadow banning) iddialar\u0131n\u0131 yeniden g\u00fcndeme ta\u015f\u0131d\u0131. Algoritma M\u00fcdahalesi mi? \u0130\u00e7erik K\u0131s\u0131tlama \u0130ddialar\u0131 Vali taraf\u0131ndan yap\u0131lan resmi a\u00e7\u0131klamada, [&hellip;]<\/p>\n","protected":false},"author":61,"featured_media":84036,"comment_status":"open","ping_status":"closed","sticky":false,"template":"","format":"standard","meta":{"footnotes":""},"categories":[11910,54],"tags":[147],"class_list":["post-84035","post","type-post","status-publish","format-standard","has-post-thumbnail","hentry","category-genel","category-internet","tag-tiktok"],"_links":{"self":[{"href":"https:\/\/www.indir.com\/haber\/wp-json\/wp\/v2\/posts\/84035","targetHints":{"allow":["GET"]}}],"collection":[{"href":"https:\/\/www.indir.com\/haber\/wp-json\/wp\/v2\/posts"}],"about":[{"href":"https:\/\/www.indir.com\/haber\/wp-json\/wp\/v2\/types\/post"}],"author":[{"embeddable":true,"href":"https:\/\/www.indir.com\/haber\/wp-json\/wp\/v2\/users\/61"}],"replies":[{"embeddable":true,"href":"https:\/\/www.indir.com\/haber\/wp-json\/wp\/v2\/comments?post=84035"}],"version-history":[{"count":1,"href":"https:\/\/www.indir.com\/haber\/wp-json\/wp\/v2\/posts\/84035\/revisions"}],"predecessor-version":[{"id":84037,"href":"https:\/\/www.indir.com\/haber\/wp-json\/wp\/v2\/posts\/84035\/revisions\/84037"}],"wp:featuredmedia":[{"embeddable":true,"href":"https:\/\/www.indir.com\/haber\/wp-json\/wp\/v2\/media\/84036"}],"wp:attachment":[{"href":"https:\/\/www.indir.com\/haber\/wp-json\/wp\/v2\/media?parent=84035"}],"wp:term":[{"taxonomy":"category","embeddable":true,"href":"https:\/\/www.indir.com\/haber\/wp-json\/wp\/v2\/categories?post=84035"},{"taxonomy":"post_tag","embeddable":true,"href":"https:\/\/www.indir.com\/haber\/wp-json\/wp\/v2\/tags?post=84035"}],"curies":[{"name":"wp","href":"https:\/\/api.w.org\/{rel}","templated":true}]}}