{"id":84011,"date":"2026-01-23T18:00:00","date_gmt":"2026-01-23T15:00:00","guid":{"rendered":"https:\/\/www.indir.com\/haber\/?p=84011"},"modified":"2026-01-23T11:56:27","modified_gmt":"2026-01-23T08:56:27","slug":"amazondan-dev-isten-cikarma-karari-binlerce-beyaz-yakali-etkilenecek","status":"publish","type":"post","link":"https:\/\/www.indir.com\/haber\/amazondan-dev-isten-cikarma-karari-binlerce-beyaz-yakali-etkilenecek\/","title":{"rendered":"Amazon\u2019dan Dev \u0130\u015ften \u00c7\u0131karma Karar\u0131: Binlerce Beyaz Yakal\u0131 Etkilenecek!"},"content":{"rendered":"\n<p>K\u00fcresel teknoloji sekt\u00f6r\u00fc, 2026 y\u0131l\u0131na sert bir ba\u015flang\u0131\u00e7 yapt\u0131. <strong>Amazon i\u015ften \u00e7\u0131karma<\/strong> haberleriyle bir kez daha g\u00fcndeme otururken, \u015firketin kurumsal departmanlar\u0131nda b\u00fcy\u00fck bir yap\u0131lanmaya gitti\u011fi bildirildi. Reuters&#8217;\u0131n kaynaklar\u0131na dayand\u0131rd\u0131\u011f\u0131 bilgilere g\u00f6re, e-ticaret devinin binlerce kurumsal \u00e7al\u0131\u015fan\u0131 kapsayan yeni bir i\u015ften \u00e7\u0131karma turuna \u00f6n\u00fcm\u00fczdeki hafta ba\u015flamas\u0131 bekleniyor.<\/p>\n\n\n\n<h2 class=\"wp-block-heading\">Amazon Yeni \u0130\u015ften \u00c7\u0131karma Dalgas\u0131: Hangi Departmanlar Hedefte?<\/h2>\n\n\n\n<p>Amazon CEO&#8217;su Andy Jassy&#8217;nin daha \u00f6nce sinyallerini verdi\u011fi &#8220;verimlilik y\u0131l\u0131&#8221; stratejisi, \u00f6zellikle orta d\u00fczey y\u00f6netici kadrolar\u0131n\u0131 ve baz\u0131 teknoloji birimlerini hedef al\u0131yor.<\/p>\n\n\n\n<ul class=\"wp-block-list\">\n<li><strong>Kurumsal Yap\u0131lanma:<\/strong> \u015eirket kaynaklar\u0131, <strong>Amazon kurumsal i\u015ften \u00e7\u0131karma<\/strong> plan\u0131n\u0131n \u00f6zellikle Alexa, reklamc\u0131l\u0131k ve bulut bili\u015fim (AWS) departmanlar\u0131nda yo\u011funla\u015faca\u011f\u0131n\u0131 belirtiyor.<\/li>\n\n\n\n<li><strong>Y\u00f6netici Say\u0131s\u0131 Azalt\u0131l\u0131yor:<\/strong> Amazon&#8217;un &#8220;y\u00f6netici ba\u015f\u0131na d\u00fc\u015fen \u00e7al\u0131\u015fan say\u0131s\u0131n\u0131&#8221; art\u0131rma hedefi, bir\u00e7ok menajerlik pozisyonunun ortadan kalkmas\u0131na neden olacak.<\/li>\n<\/ul>\n\n\n\n<h2 class=\"wp-block-heading\">Teknoloji Sekt\u00f6r\u00fcnde \u0130\u015ften \u00c7\u0131karma Trendi Devam Ediyor<\/h2>\n\n\n\n<p>2026 y\u0131l\u0131, b\u00fcy\u00fck teknoloji \u015firketleri (Big Tech) i\u00e7in maliyet disiplini y\u0131l\u0131 olmaya devam ediyor.<\/p>\n\n\n\n<ul class=\"wp-block-list\">\n<li><strong>Maliyet Kesintileri:<\/strong> Amazon, yapay zeka yat\u0131r\u0131mlar\u0131na b\u00fct\u00e7e ay\u0131rmak i\u00e7in di\u011fer alanlarda ciddi bir <strong>maliyet azaltma<\/strong> yoluna gidiyor.<\/li>\n\n\n\n<li><strong>Gelecek Beklentileri:<\/strong> Analistler, bu t\u00fcr hamlelerin hisse senedi piyasalar\u0131nda olumlu kar\u015f\u0131lanabilece\u011fini ancak \u00e7al\u0131\u015fan moralini ciddi \u015fekilde etkiledi\u011fini vurguluyor.<\/li>\n<\/ul>\n\n\n\n<h2 class=\"wp-block-heading\"> Amazon \u0130\u015ften \u00c7\u0131karma 2026: Ka\u00e7 Ki\u015fi \u0130\u015fini Kaybedecek?<\/h2>\n\n\n\n<p>Net rakam hen\u00fcz resmi olarak a\u00e7\u0131klanmasa da, s\u0131z\u0131nt\u0131lar <strong>binlerce ki\u015finin<\/strong> \u00f6n\u00fcm\u00fczdeki hafta itibar\u0131yla bildirim alaca\u011f\u0131n\u0131 g\u00f6steriyor. Bu hamle, Amazon&#8217;un son birka\u00e7 y\u0131l i\u00e7indeki en b\u00fcy\u00fck i\u015ften \u00e7\u0131karma operasyonlar\u0131ndan biri olarak tarihe ge\u00e7ebilir.<\/p>\n","protected":false},"excerpt":{"rendered":"<p>K\u00fcresel teknoloji sekt\u00f6r\u00fc, 2026 y\u0131l\u0131na sert bir ba\u015flang\u0131\u00e7 yapt\u0131. Amazon i\u015ften \u00e7\u0131karma haberleriyle bir kez daha g\u00fcndeme otururken, \u015firketin kurumsal departmanlar\u0131nda b\u00fcy\u00fck bir yap\u0131lanmaya gitti\u011fi bildirildi. Reuters&#8217;\u0131n kaynaklar\u0131na dayand\u0131rd\u0131\u011f\u0131 bilgilere g\u00f6re, e-ticaret devinin binlerce kurumsal \u00e7al\u0131\u015fan\u0131 kapsayan yeni bir i\u015ften \u00e7\u0131karma turuna \u00f6n\u00fcm\u00fczdeki hafta ba\u015flamas\u0131 bekleniyor. Amazon Yeni \u0130\u015ften \u00c7\u0131karma Dalgas\u0131: Hangi Departmanlar Hedefte? Amazon [&hellip;]<\/p>\n","protected":false},"author":61,"featured_media":84012,"comment_status":"open","ping_status":"closed","sticky":false,"template":"","format":"standard","meta":{"footnotes":""},"categories":[11910,1],"tags":[123],"class_list":["post-84011","post","type-post","status-publish","format-standard","has-post-thumbnail","hentry","category-genel","category-teknoloji","tag-amazon"],"_links":{"self":[{"href":"https:\/\/www.indir.com\/haber\/wp-json\/wp\/v2\/posts\/84011","targetHints":{"allow":["GET"]}}],"collection":[{"href":"https:\/\/www.indir.com\/haber\/wp-json\/wp\/v2\/posts"}],"about":[{"href":"https:\/\/www.indir.com\/haber\/wp-json\/wp\/v2\/types\/post"}],"author":[{"embeddable":true,"href":"https:\/\/www.indir.com\/haber\/wp-json\/wp\/v2\/users\/61"}],"replies":[{"embeddable":true,"href":"https:\/\/www.indir.com\/haber\/wp-json\/wp\/v2\/comments?post=84011"}],"version-history":[{"count":1,"href":"https:\/\/www.indir.com\/haber\/wp-json\/wp\/v2\/posts\/84011\/revisions"}],"predecessor-version":[{"id":84013,"href":"https:\/\/www.indir.com\/haber\/wp-json\/wp\/v2\/posts\/84011\/revisions\/84013"}],"wp:featuredmedia":[{"embeddable":true,"href":"https:\/\/www.indir.com\/haber\/wp-json\/wp\/v2\/media\/84012"}],"wp:attachment":[{"href":"https:\/\/www.indir.com\/haber\/wp-json\/wp\/v2\/media?parent=84011"}],"wp:term":[{"taxonomy":"category","embeddable":true,"href":"https:\/\/www.indir.com\/haber\/wp-json\/wp\/v2\/categories?post=84011"},{"taxonomy":"post_tag","embeddable":true,"href":"https:\/\/www.indir.com\/haber\/wp-json\/wp\/v2\/tags?post=84011"}],"curies":[{"name":"wp","href":"https:\/\/api.w.org\/{rel}","templated":true}]}}