{"id":84008,"date":"2026-01-23T15:00:00","date_gmt":"2026-01-23T12:00:00","guid":{"rendered":"https:\/\/www.indir.com\/haber\/?p=84008"},"modified":"2026-01-23T11:54:05","modified_gmt":"2026-01-23T08:54:05","slug":"intelden-karamsar-tablo-2026-ilk-ceyrek-tahminleri-beklentilerin-altinda-kaldi","status":"publish","type":"post","link":"https:\/\/www.indir.com\/haber\/intelden-karamsar-tablo-2026-ilk-ceyrek-tahminleri-beklentilerin-altinda-kaldi\/","title":{"rendered":"Intel\u2019den Karamsar Tablo: 2026 \u0130lk \u00c7eyrek Tahminleri Beklentilerin Alt\u0131nda Kald\u0131!"},"content":{"rendered":"\n<p>Reuters\u2019\u0131n 22 Ocak 2026 tarihli raporuna g\u00f6re, yar\u0131 iletken d\u00fcnyas\u0131n\u0131n dev ismi Intel, yat\u0131r\u0131mc\u0131lar\u0131n\u0131 hayal k\u0131r\u0131kl\u0131\u011f\u0131na u\u011fratan bir mali tablo a\u00e7\u0131klad\u0131. Yapay zeka yar\u0131\u015f\u0131nda rakiplerinin gerisinde kald\u0131\u011f\u0131na dair endi\u015feler artarken, \u015firketin gelecek \u00f6ng\u00f6r\u00fcleri piyasalarda so\u011fuk du\u015f etkisi yaratt\u0131.<\/p>\n\n\n\n<p>\u00c7ip devi <strong>Intel<\/strong>, 2026 y\u0131l\u0131n\u0131n ilk \u00e7eyre\u011fine ili\u015fkin sat\u0131\u015f ve k\u00e2r tahminlerini payla\u015ft\u0131. Ancak a\u00e7\u0131klanan rakamlar, piyasa analistlerinin ve yat\u0131r\u0131mc\u0131lar\u0131n beklentilerinin olduk\u00e7a alt\u0131nda kald\u0131. \u015eirketin veri merkezi ve ki\u015fisel bilgisayar pazar\u0131ndaki daralma ile m\u00fccadele etmesi, hisselerinde sert d\u00fc\u015f\u00fc\u015fleri beraberinde getirdi. <strong>Intel hisse performans\u0131<\/strong>, bu zay\u0131f \u00f6ng\u00f6r\u00fclerin ard\u0131ndan piyasa kapan\u0131\u015f\u0131 sonras\u0131 i\u015flemlerde de\u011fer kaybetti.<\/p>\n\n\n\n<h2 class=\"wp-block-heading\">1. Yapay Zeka \u00c7ipleri ve Pazar Pay\u0131 M\u00fccadelesi<\/h2>\n\n\n\n<p>Intel, Nvidia ve AMD gibi rakiplerinin domine etti\u011fi yapay zeka (AI) i\u015flemcileri pazar\u0131nda istedi\u011fi ivmeyi hen\u00fcz yakalayamad\u0131.<\/p>\n\n\n\n<ul class=\"wp-block-list\">\n<li><strong>Veri Merkezi Daralmas\u0131:<\/strong> \u015eirketin veri merkezi biriminden gelen gelirlerin azalmas\u0131, <strong>Intel 2026 mali tahminleri<\/strong> \u00fczerindeki en b\u00fcy\u00fck bask\u0131 unsuru oldu.<\/li>\n\n\n\n<li><strong>Maliyet Kesintileri:<\/strong> CEO Pat Gelsinger y\u00f6netimindeki \u015firket, operasyonel giderleri d\u00fc\u015f\u00fcrmek i\u00e7in b\u00fcy\u00fck \u00e7apl\u0131 bir d\u00f6n\u00fc\u015f\u00fcm i\u00e7erisinde olsa da sonu\u00e7lar hen\u00fcz finansal tablolara yans\u0131m\u0131\u015f de\u011fil.<\/li>\n<\/ul>\n\n\n\n<h2 class=\"wp-block-heading\">2. Analistlerin Beklentileri ve Ger\u00e7ekle\u015fen Rakamlar<\/h2>\n\n\n\n<p>Piyasa uzmanlar\u0131, Intel\u2019in ilk \u00e7eyrekte \u00e7ok daha g\u00fc\u00e7l\u00fc bir toparlanma sergilemesini bekliyordu. Ancak <strong>Intel sat\u0131\u015f geliri<\/strong> \u00f6ng\u00f6r\u00fcs\u00fc, analistlerin ortalama tahminlerinin yakla\u015f\u0131k 1 milyar dolar gerisinde kald\u0131.<\/p>\n\n\n\n<ul class=\"wp-block-list\">\n<li><strong>PC Pazar\u0131ndaki Durgunluk:<\/strong> Ki\u015fisel bilgisayar sat\u0131\u015flar\u0131ndaki yava\u015flama, Intel\u2019in ana gelir kayna\u011f\u0131 olan i\u015flemci sat\u0131\u015flar\u0131n\u0131 do\u011frudan etkiliyor.<\/li>\n\n\n\n<li><strong>D\u00f6k\u00fcmhane (Foundry) Stratejisi:<\/strong> \u015eirketin kendi \u00e7iplerini \u00fcretmenin \u00f6tesine ge\u00e7erek ba\u015fkalar\u0131 i\u00e7in \u00fcretim yapma plan\u0131 hen\u00fcz beklenen k\u00e2rl\u0131l\u0131\u011f\u0131 sa\u011flamad\u0131.<\/li>\n<\/ul>\n\n\n\n<h2 class=\"wp-block-heading\">3. Intel \u0130\u00e7in 2026 Y\u0131l\u0131 Zorlu Ge\u00e7ecek<\/h2>\n\n\n\n<p>Finansal sonu\u00e7lar\u0131n ard\u0131ndan uzmanlar, Intel&#8217;in teknolojik liderli\u011fini yeniden kazanmas\u0131 i\u00e7in daha agresif ad\u0131mlar atmas\u0131 gerekti\u011fini savunuyor.<\/p>\n\n\n\n<ul class=\"wp-block-list\">\n<li><strong>Yat\u0131r\u0131mc\u0131 G\u00fcveni:<\/strong> Zay\u0131f <strong>k\u00e2r marj\u0131<\/strong> ve belirsiz b\u00fcy\u00fcme hedefleri, kurumsal yat\u0131r\u0131mc\u0131lar\u0131n temkinli yakla\u015fmas\u0131na neden oluyor.<\/li>\n\n\n\n<li><strong>Rekabet Bask\u0131s\u0131:<\/strong> \u00d6zellikle mobil ve bulut tabanl\u0131 sistemlerde ARM tabanl\u0131 i\u015flemcilerin y\u00fckseli\u015fi, Intel\u2019in geleneksel pazar\u0131n\u0131 tehdit etmeye devam ediyor.<\/li>\n<\/ul>\n","protected":false},"excerpt":{"rendered":"<p>Reuters\u2019\u0131n 22 Ocak 2026 tarihli raporuna g\u00f6re, yar\u0131 iletken d\u00fcnyas\u0131n\u0131n dev ismi Intel, yat\u0131r\u0131mc\u0131lar\u0131n\u0131 hayal k\u0131r\u0131kl\u0131\u011f\u0131na u\u011fratan bir mali tablo a\u00e7\u0131klad\u0131. Yapay zeka yar\u0131\u015f\u0131nda rakiplerinin gerisinde kald\u0131\u011f\u0131na dair endi\u015feler artarken, \u015firketin gelecek \u00f6ng\u00f6r\u00fcleri piyasalarda so\u011fuk du\u015f etkisi yaratt\u0131. \u00c7ip devi Intel, 2026 y\u0131l\u0131n\u0131n ilk \u00e7eyre\u011fine ili\u015fkin sat\u0131\u015f ve k\u00e2r tahminlerini payla\u015ft\u0131. Ancak a\u00e7\u0131klanan rakamlar, piyasa [&hellip;]<\/p>\n","protected":false},"author":61,"featured_media":84009,"comment_status":"open","ping_status":"closed","sticky":false,"template":"","format":"standard","meta":{"footnotes":""},"categories":[1,48],"tags":[337],"class_list":["post-84008","post","type-post","status-publish","format-standard","has-post-thumbnail","hentry","category-teknoloji","category-yazilim","tag-intel-2"],"_links":{"self":[{"href":"https:\/\/www.indir.com\/haber\/wp-json\/wp\/v2\/posts\/84008","targetHints":{"allow":["GET"]}}],"collection":[{"href":"https:\/\/www.indir.com\/haber\/wp-json\/wp\/v2\/posts"}],"about":[{"href":"https:\/\/www.indir.com\/haber\/wp-json\/wp\/v2\/types\/post"}],"author":[{"embeddable":true,"href":"https:\/\/www.indir.com\/haber\/wp-json\/wp\/v2\/users\/61"}],"replies":[{"embeddable":true,"href":"https:\/\/www.indir.com\/haber\/wp-json\/wp\/v2\/comments?post=84008"}],"version-history":[{"count":1,"href":"https:\/\/www.indir.com\/haber\/wp-json\/wp\/v2\/posts\/84008\/revisions"}],"predecessor-version":[{"id":84010,"href":"https:\/\/www.indir.com\/haber\/wp-json\/wp\/v2\/posts\/84008\/revisions\/84010"}],"wp:featuredmedia":[{"embeddable":true,"href":"https:\/\/www.indir.com\/haber\/wp-json\/wp\/v2\/media\/84009"}],"wp:attachment":[{"href":"https:\/\/www.indir.com\/haber\/wp-json\/wp\/v2\/media?parent=84008"}],"wp:term":[{"taxonomy":"category","embeddable":true,"href":"https:\/\/www.indir.com\/haber\/wp-json\/wp\/v2\/categories?post=84008"},{"taxonomy":"post_tag","embeddable":true,"href":"https:\/\/www.indir.com\/haber\/wp-json\/wp\/v2\/tags?post=84008"}],"curies":[{"name":"wp","href":"https:\/\/api.w.org\/{rel}","templated":true}]}}