{"id":84005,"date":"2026-01-23T15:00:00","date_gmt":"2026-01-23T12:00:00","guid":{"rendered":"https:\/\/www.indir.com\/haber\/?p=84005"},"modified":"2026-01-23T12:15:51","modified_gmt":"2026-01-23T09:15:51","slug":"microsoft-365-coktu-dunya-genelinde-binlerce-kullanici-erisemiyor","status":"publish","type":"post","link":"https:\/\/www.indir.com\/haber\/microsoft-365-coktu-dunya-genelinde-binlerce-kullanici-erisemiyor\/","title":{"rendered":"Microsoft 365 \u00c7\u00f6kt\u00fc: D\u00fcnya Genelinde Binlerce Kullan\u0131c\u0131 Eri\u015femiyor!"},"content":{"rendered":"\n<p>K\u00fcresel yaz\u0131l\u0131m devi <strong>Microsoft 365<\/strong>, 2026 y\u0131l\u0131n\u0131n ilk b\u00fcy\u00fck \u00e7apl\u0131 eri\u015fim sorunuyla sars\u0131ld\u0131. Pop\u00fcler ar\u0131za takip platformu Downdetector verilerine g\u00f6re, \u00f6zellikle Outlook, Teams ve OneDrive servislerinde ciddi bir kesinti ya\u015fan\u0131yor. Binlerce kullan\u0131c\u0131n\u0131n &#8220;hizmet kullan\u0131lam\u0131yor&#8221; uyar\u0131s\u0131yla kar\u015f\u0131la\u015fmas\u0131, kurumsal \u015firketlerde ve e\u011fitim kurumlar\u0131nda dijital operasyonlar\u0131n aksamas\u0131na yol a\u00e7t\u0131.<\/p>\n\n\n\n<h2 class=\"wp-block-heading\">Microsoft 365 Eri\u015fim Sorunu Neden Kaynaklan\u0131yor?<\/h2>\n\n\n\n<p>Kullan\u0131c\u0131lar sosyal medya \u00fczerinden tepkilerini dile getirirken, <strong>Microsoft 365 eri\u015fim sorunu<\/strong> i\u00e7in hen\u00fcz resmi ve detayl\u0131 bir a\u00e7\u0131klama yap\u0131lmad\u0131.<\/p>\n\n\n\n<ul class=\"wp-block-list\">\n<li><strong>Etkilenen Servisler:<\/strong> Ba\u015fta Outlook e-posta hizmeti olmak \u00fczere, i\u015f birli\u011fi platformu Microsoft Teams ve bulut depolama alan\u0131 OneDrive kesintiden en \u00e7ok etkilenenler aras\u0131nda.<\/li>\n\n\n\n<li><strong>K\u00fcresel Etki:<\/strong> Sorunun sadece belirli bir b\u00f6lgeyle s\u0131n\u0131rl\u0131 olmad\u0131\u011f\u0131, Avrupa ve Kuzey Amerika ba\u015fta olmak \u00fczere bir\u00e7ok noktadan ar\u0131za bildirimleri geldi\u011fi g\u00f6r\u00fcl\u00fcyor.<\/li>\n<\/ul>\n\n\n\n<h2 class=\"wp-block-heading\">Downdetector Verileri: Ar\u0131za Bildirimleri Rekor K\u0131rd\u0131<\/h2>\n\n\n\n<p><strong>Downdetector Microsoft 365<\/strong> sayfas\u0131nda yer alan grafikler, kesintinin k\u0131sa s\u00fcrede binlerce kullan\u0131c\u0131ya yay\u0131ld\u0131\u011f\u0131n\u0131 g\u00f6steriyor.<\/p>\n\n\n\n<ul class=\"wp-block-list\">\n<li><strong>Kullan\u0131c\u0131 \u015eikayetleri:<\/strong> Kullan\u0131c\u0131lar\u0131n b\u00fcy\u00fck \u00e7o\u011funlu\u011fu sunucu ba\u011flant\u0131s\u0131 hatas\u0131 ald\u0131klar\u0131n\u0131 ve mobil uygulamalar\u0131n senkronize olmad\u0131\u011f\u0131n\u0131 bildiriyor.<\/li>\n\n\n\n<li><strong>Yaz\u0131l\u0131msal G\u00fcncelleme mi?<\/strong> Analistler, bu t\u00fcr geni\u015f \u00e7apl\u0131 kesintilerin genellikle merkezi bir yap\u0131land\u0131rma de\u011fi\u015fikli\u011fi veya hatal\u0131 bir yaz\u0131l\u0131m g\u00fcncellemesinden kaynaklanabilece\u011fini belirtiyor.<\/li>\n<\/ul>\n\n\n\n<h2 class=\"wp-block-heading\">Microsoft\u2019tan \u0130lk A\u00e7\u0131klama: Sorun \u0130nceleniyor<\/h2>\n\n\n\n<p>Kesinti sonras\u0131 Microsoft cephesinden beklenen a\u00e7\u0131klama gecikmedi. \u015eirket, kullan\u0131c\u0131lar\u0131n servislerine eri\u015fmesini engelleyen durumun fark\u0131nda olduklar\u0131n\u0131 ve <strong>Microsoft 365 kesintisi<\/strong> \u00fczerinde \u00f6ncelikli olarak \u00e7al\u0131\u015ft\u0131klar\u0131n\u0131 duyurdu.<\/p>\n\n\n\n<ul class=\"wp-block-list\">\n<li><strong>\u00c7\u00f6z\u00fcm S\u00fcreci:<\/strong> \u015eirket m\u00fchendislerinin trafi\u011fi alternatif yollara y\u00f6nlendirmeye ba\u015flad\u0131\u011f\u0131 ifade ediliyor.<\/li>\n\n\n\n<li><strong>Veri G\u00fcvenli\u011fi:<\/strong> \u015eu an i\u00e7in kesintinin bir siber sald\u0131r\u0131dan kaynakland\u0131\u011f\u0131na dair bir bulgu bulunmuyor.<\/li>\n<\/ul>\n","protected":false},"excerpt":{"rendered":"<p>K\u00fcresel yaz\u0131l\u0131m devi Microsoft 365, 2026 y\u0131l\u0131n\u0131n ilk b\u00fcy\u00fck \u00e7apl\u0131 eri\u015fim sorunuyla sars\u0131ld\u0131. Pop\u00fcler ar\u0131za takip platformu Downdetector verilerine g\u00f6re, \u00f6zellikle Outlook, Teams ve OneDrive servislerinde ciddi bir kesinti ya\u015fan\u0131yor. Binlerce kullan\u0131c\u0131n\u0131n &#8220;hizmet kullan\u0131lam\u0131yor&#8221; uyar\u0131s\u0131yla kar\u015f\u0131la\u015fmas\u0131, kurumsal \u015firketlerde ve e\u011fitim kurumlar\u0131nda dijital operasyonlar\u0131n aksamas\u0131na yol a\u00e7t\u0131. Microsoft 365 Eri\u015fim Sorunu Neden Kaynaklan\u0131yor? Kullan\u0131c\u0131lar sosyal medya [&hellip;]<\/p>\n","protected":false},"author":61,"featured_media":84006,"comment_status":"open","ping_status":"closed","sticky":false,"template":"","format":"standard","meta":{"footnotes":""},"categories":[1,48],"tags":[12108,12109],"class_list":["post-84005","post","type-post","status-publish","format-standard","has-post-thumbnail","hentry","category-teknoloji","category-yazilim","tag-microsoft-2","tag-microsoft365"],"_links":{"self":[{"href":"https:\/\/www.indir.com\/haber\/wp-json\/wp\/v2\/posts\/84005","targetHints":{"allow":["GET"]}}],"collection":[{"href":"https:\/\/www.indir.com\/haber\/wp-json\/wp\/v2\/posts"}],"about":[{"href":"https:\/\/www.indir.com\/haber\/wp-json\/wp\/v2\/types\/post"}],"author":[{"embeddable":true,"href":"https:\/\/www.indir.com\/haber\/wp-json\/wp\/v2\/users\/61"}],"replies":[{"embeddable":true,"href":"https:\/\/www.indir.com\/haber\/wp-json\/wp\/v2\/comments?post=84005"}],"version-history":[{"count":2,"href":"https:\/\/www.indir.com\/haber\/wp-json\/wp\/v2\/posts\/84005\/revisions"}],"predecessor-version":[{"id":84014,"href":"https:\/\/www.indir.com\/haber\/wp-json\/wp\/v2\/posts\/84005\/revisions\/84014"}],"wp:featuredmedia":[{"embeddable":true,"href":"https:\/\/www.indir.com\/haber\/wp-json\/wp\/v2\/media\/84006"}],"wp:attachment":[{"href":"https:\/\/www.indir.com\/haber\/wp-json\/wp\/v2\/media?parent=84005"}],"wp:term":[{"taxonomy":"category","embeddable":true,"href":"https:\/\/www.indir.com\/haber\/wp-json\/wp\/v2\/categories?post=84005"},{"taxonomy":"post_tag","embeddable":true,"href":"https:\/\/www.indir.com\/haber\/wp-json\/wp\/v2\/tags?post=84005"}],"curies":[{"name":"wp","href":"https:\/\/api.w.org\/{rel}","templated":true}]}}