{"id":83992,"date":"2026-01-22T14:49:00","date_gmt":"2026-01-22T11:49:00","guid":{"rendered":"https:\/\/www.indir.com\/haber\/?p=83992"},"modified":"2026-01-22T12:53:13","modified_gmt":"2026-01-22T09:53:13","slug":"hyundaide-insansi-robot-krizi-isciler-gelecekleri-icin-endiseli","status":"publish","type":"post","link":"https:\/\/www.indir.com\/haber\/hyundaide-insansi-robot-krizi-isciler-gelecekleri-icin-endiseli\/","title":{"rendered":"Hyundai\u2019de \u0130nsans\u0131 Robot Krizi: \u0130\u015f\u00e7iler Gelecekleri \u0130\u00e7in Endi\u015feli!"},"content":{"rendered":"\n<p>Otomotiv devi <strong>Hyundai Motor<\/strong>, \u00fcretim verimlili\u011fini art\u0131rmak amac\u0131yla fabrikalar\u0131nda <strong>insans\u0131 robot (humanoid robot)<\/strong> kullan\u0131m\u0131n\u0131 yayg\u0131nla\u015ft\u0131rmay\u0131 planl\u0131yor. Ancak \u015firketin bu hamlesi, G\u00fcney Kore&#8217;deki g\u00fc\u00e7l\u00fc i\u015f\u00e7i sendikalar\u0131n\u0131n sert tepkisiyle kar\u015f\u0131la\u015ft\u0131. Sendika temsilcileri, robotik sistemlerin insan eme\u011finin yerini almas\u0131n\u0131n binlerce ki\u015finin i\u015fsiz kalmas\u0131na yol a\u00e7abilece\u011fi konusunda kritik bir uyar\u0131 yay\u0131nlad\u0131.<\/p>\n\n\n\n<h2 class=\"wp-block-heading\">1. Robotik Devrim mi, \u0130stihdam Tehdidi mi?<\/h2>\n\n\n\n<p>Hyundai\u2019nin Boston Dynamics birle\u015fmesinden sonra h\u0131z kazanan robotik yat\u0131r\u0131mlar\u0131, montaj hatlar\u0131nda fiziksel g\u00fc\u00e7 gerektiren i\u015flerin robotlara devredilmesini \u00f6ng\u00f6r\u00fcyor.<\/p>\n\n\n\n<ul class=\"wp-block-list\">\n<li><strong>Sendikan\u0131n Endi\u015fesi:<\/strong> G\u00fcney Koreli sendika, <strong>insans\u0131 robot plan\u0131<\/strong> kapsam\u0131nda insan i\u015f g\u00fcc\u00fcn\u00fcn kademeli olarak tasfiye edilmesinden endi\u015fe ediyor.<\/li>\n\n\n\n<li><strong>\u0130\u015f G\u00fcvencesi Talebi:<\/strong> \u0130\u015f\u00e7iler, teknolojik d\u00f6n\u00fc\u015f\u00fcm\u00fcn &#8220;adil&#8221; olmas\u0131 gerekti\u011fini ve otomasyonun i\u015ften \u00e7\u0131karmalar i\u00e7in bir bahane olarak kullan\u0131lmamas\u0131 gerekti\u011fini savunuyor.<\/li>\n<\/ul>\n\n\n\n<h2 class=\"wp-block-heading\">2. Hyundai \u0130nsans\u0131 Robotlar\u0131n \u00dcretimdeki Rol\u00fc<\/h2>\n\n\n\n<p>\u015eirket, robotlar\u0131n sadece tehlikeli ve tekrarlayan i\u015flerde kullan\u0131laca\u011f\u0131n\u0131 iddia etse de, sendika bu durumun bir ba\u015flang\u0131\u00e7 oldu\u011funu d\u00fc\u015f\u00fcn\u00fcyor.<\/p>\n\n\n\n<ul class=\"wp-block-list\">\n<li><strong>\u00dcretim Verimlili\u011fi:<\/strong> Hyundai y\u00f6netimi, robotlar\u0131n maliyetleri d\u00fc\u015f\u00fcrece\u011fini ve \u00fcretim kapasitesini art\u0131raca\u011f\u0131n\u0131 vurguluyor.<\/li>\n\n\n\n<li><strong>Yapay Zeka Entegrasyonu:<\/strong> Geli\u015fmi\u015f yapay zeka ile donat\u0131lan bu robotlar, karma\u015f\u0131k montaj i\u015flemlerini insan hassasiyetinde yapabiliyor, bu da <strong>istihdam krizi<\/strong> tart\u0131\u015fmalar\u0131n\u0131 k\u00f6r\u00fckl\u00fcyor.<\/li>\n<\/ul>\n\n\n\n<h2 class=\"wp-block-heading\">3. Otomotiv Sekt\u00f6r\u00fcnde Sendikal M\u00fccadele ve Teknoloji<\/h2>\n\n\n\n<p>Bu geli\u015fme, sadece Hyundai ile s\u0131n\u0131rl\u0131 kalmayabilir. K\u00fcresel otomobil \u00fcreticilerinin benzer ad\u0131mlar atmas\u0131, d\u00fcnya genelinde bir &#8220;robot vs. insan&#8221; tart\u0131\u015fmas\u0131n\u0131 ba\u015flatabilir.<\/p>\n\n\n\n<ul class=\"wp-block-list\">\n<li><strong>Grev Kap\u0131da:<\/strong> Sendika, talepleri kar\u015f\u0131lanmazsa \u00fcretimde ciddi aksamalara neden olabilecek grevlerin g\u00fcndeme gelebilece\u011fini duyurdu.<\/li>\n\n\n\n<li><strong>Gelece\u011fin Fabrikalar\u0131:<\/strong> 2026 y\u0131l\u0131 itibar\u0131yla otomotiv sekt\u00f6r\u00fc, teknolojik ilerleme ile sosyal g\u00fcvenlik dengesini kurma s\u0131nav\u0131yla kar\u015f\u0131 kar\u015f\u0131ya.<\/li>\n<\/ul>\n","protected":false},"excerpt":{"rendered":"<p>Otomotiv devi Hyundai Motor, \u00fcretim verimlili\u011fini art\u0131rmak amac\u0131yla fabrikalar\u0131nda insans\u0131 robot (humanoid robot) kullan\u0131m\u0131n\u0131 yayg\u0131nla\u015ft\u0131rmay\u0131 planl\u0131yor. Ancak \u015firketin bu hamlesi, G\u00fcney Kore&#8217;deki g\u00fc\u00e7l\u00fc i\u015f\u00e7i sendikalar\u0131n\u0131n sert tepkisiyle kar\u015f\u0131la\u015ft\u0131. Sendika temsilcileri, robotik sistemlerin insan eme\u011finin yerini almas\u0131n\u0131n binlerce ki\u015finin i\u015fsiz kalmas\u0131na yol a\u00e7abilece\u011fi konusunda kritik bir uyar\u0131 yay\u0131nlad\u0131. 1. Robotik Devrim mi, \u0130stihdam Tehdidi mi? Hyundai\u2019nin [&hellip;]<\/p>\n","protected":false},"author":61,"featured_media":83993,"comment_status":"open","ping_status":"closed","sticky":false,"template":"","format":"standard","meta":{"footnotes":""},"categories":[11906,11910,12053],"tags":[3840,6091],"class_list":["post-83992","post","type-post","status-publish","format-standard","has-post-thumbnail","hentry","category-araba","category-genel","category-yapay-zeka","tag-hyundai","tag-robot"],"_links":{"self":[{"href":"https:\/\/www.indir.com\/haber\/wp-json\/wp\/v2\/posts\/83992","targetHints":{"allow":["GET"]}}],"collection":[{"href":"https:\/\/www.indir.com\/haber\/wp-json\/wp\/v2\/posts"}],"about":[{"href":"https:\/\/www.indir.com\/haber\/wp-json\/wp\/v2\/types\/post"}],"author":[{"embeddable":true,"href":"https:\/\/www.indir.com\/haber\/wp-json\/wp\/v2\/users\/61"}],"replies":[{"embeddable":true,"href":"https:\/\/www.indir.com\/haber\/wp-json\/wp\/v2\/comments?post=83992"}],"version-history":[{"count":1,"href":"https:\/\/www.indir.com\/haber\/wp-json\/wp\/v2\/posts\/83992\/revisions"}],"predecessor-version":[{"id":83994,"href":"https:\/\/www.indir.com\/haber\/wp-json\/wp\/v2\/posts\/83992\/revisions\/83994"}],"wp:featuredmedia":[{"embeddable":true,"href":"https:\/\/www.indir.com\/haber\/wp-json\/wp\/v2\/media\/83993"}],"wp:attachment":[{"href":"https:\/\/www.indir.com\/haber\/wp-json\/wp\/v2\/media?parent=83992"}],"wp:term":[{"taxonomy":"category","embeddable":true,"href":"https:\/\/www.indir.com\/haber\/wp-json\/wp\/v2\/categories?post=83992"},{"taxonomy":"post_tag","embeddable":true,"href":"https:\/\/www.indir.com\/haber\/wp-json\/wp\/v2\/tags?post=83992"}],"curies":[{"name":"wp","href":"https:\/\/api.w.org\/{rel}","templated":true}]}}